{"id":4520,"date":"2013-11-20T23:36:08","date_gmt":"2013-11-20T21:36:08","guid":{"rendered":"http:\/\/www.portaldelolleria.es\/?p=4520"},"modified":"2013-11-20T23:36:08","modified_gmt":"2013-11-20T21:36:08","slug":"el-ayuntamiento-de-l%e2%80%99olleria-organiza-un-curso-intensivo-de-aleman","status":"publish","type":"post","link":"http:\/\/www.portaldelolleria.es\/?p=4520","title":{"rendered":"El Ayuntamiento de L\u2019Olleria organiza un curso intensivo de Alem\u00e1n"},"content":{"rendered":"<p>&nbsp;<\/p>\n<p><a href=\"http:\/\/www.portaldelolleria.es\/wp-content\/uploads\/2013\/11\/curso-aleman.jpg\"><img loading=\"lazy\" class=\"aligncenter size-full wp-image-4521\" title=\"curso aleman\" src=\"http:\/\/www.portaldelolleria.es\/wp-content\/uploads\/2013\/11\/curso-aleman.jpg\" alt=\"\" width=\"598\" height=\"398\" srcset=\"http:\/\/www.portaldelolleria.es\/wp-content\/uploads\/2013\/11\/curso-aleman.jpg 598w, http:\/\/www.portaldelolleria.es\/wp-content\/uploads\/2013\/11\/curso-aleman-300x199.jpg 300w\" sizes=\"(max-width: 598px) 100vw, 598px\" \/><\/a><\/p>\n<p>&nbsp;<\/p>\n<p class=\"MsoNormal\" style=\"text-align: justify; tab-stops: 35.4pt 70.8pt 106.2pt 141.6pt 177.0pt 212.4pt 247.8pt 283.2pt 318.6pt 354.0pt 389.4pt 424.8pt 460.2pt 495.6pt; mso-layout-grid-align: none; text-autospace: none;\"><span style=\"font-size: 12.0pt; line-height: 115%; mso-bidi-font-family: Calibri; mso-ansi-language: ES; mso-fareast-language: ES;\">El Ayuntamiento de L\u2019Olleria,<span style=\"mso-spacerun: yes;\">\u00a0 <\/span>a trav\u00e9s de la concejal\u00eda de Promoci\u00f3n Econ\u00f3mica, ha organizado un curso de alem\u00e1n intensivo que se desarrollar\u00e1 del 26 de noviembre hasta el 19 de diciembre. Un curso presencial de 48 horas que tal y como ha comentado el concejal del \u00e1rea, Jes\u00fas Engo \u201cva dirigido a personas interesadas en aprender el idioma alem\u00e1n para poder ponerlo en pr\u00e1ctica en el \u00e1mbito laboral\u201d<\/span><\/p>\n<p class=\"MsoNormal\" style=\"text-align: justify; tab-stops: 35.4pt 70.8pt 106.2pt 141.6pt 177.0pt 212.4pt 247.8pt 283.2pt 318.6pt 354.0pt 389.4pt 424.8pt 460.2pt 495.6pt; mso-layout-grid-align: none; text-autospace: none;\"><span style=\"font-size: 12.0pt; line-height: 115%; mso-bidi-font-family: Calibri; mso-ansi-language: ES; mso-fareast-language: ES;\">El t\u00edtulo obtenido despu\u00e9s del curso ser\u00e1 un certificado de asistencia de aprovechamiento nivel A1. En cuanto a los requisitos m\u00ednimos, no es necesario tener conocimientos anteriores, basta con comprender los temas que en cada momento se expondr\u00e1n durante el curso y tener finalizados los estudios de bachiller o formaci\u00f3n profesional. <\/span><\/p>\n<p class=\"MsoNormal\" style=\"text-align: justify; tab-stops: 35.4pt 70.8pt 106.2pt 141.6pt 177.0pt 212.4pt 247.8pt 283.2pt 318.6pt 354.0pt 389.4pt 424.8pt 460.2pt 495.6pt; mso-layout-grid-align: none; text-autospace: none;\"><span style=\"font-size: 12.0pt; line-height: 115%; mso-bidi-font-family: Calibri; mso-ansi-language: ES; mso-fareast-language: ES;\">Engo explicaba que \u201cel objetivo es aprender el idioma alem\u00e1n de forma r\u00e1pida para poder ponerlo en pr\u00e1ctica en el mundo laboral ya sea en Espa\u00f1a o en la propia Alemania\u201d.<\/span><\/p>\n<p class=\"MsoNormal\" style=\"text-align: justify; tab-stops: 35.4pt 70.8pt 106.2pt 141.6pt 177.0pt 212.4pt 247.8pt 283.2pt 318.6pt 354.0pt 389.4pt 424.8pt 460.2pt 495.6pt; mso-layout-grid-align: none; text-autospace: none;\"><span style=\"font-size: 12.0pt; line-height: 115%; mso-bidi-font-family: Calibri; mso-ansi-language: ES; mso-fareast-language: ES;\">El curso ser\u00e1 de 48 horas, impartido martes, mi\u00e9rcoles y jueves con opci\u00f3n de ma\u00f1ana o tarde, el precio del curso es de 275 euros y 30 euros de matr\u00edcula. Las clases se impartir\u00e1n en el edificio de la Escuela de Adultos. <\/span><\/p>\n<p class=\"MsoNormal\" style=\"text-align: justify; tab-stops: 35.4pt 70.8pt 106.2pt 141.6pt 177.0pt 212.4pt 247.8pt 283.2pt 318.6pt 354.0pt 389.4pt 424.8pt 460.2pt 495.6pt; mso-layout-grid-align: none; text-autospace: none;\"><span style=\"font-size: 12.0pt; line-height: 115%; mso-bidi-font-family: Calibri; mso-ansi-language: ES; mso-fareast-language: ES;\">Toda la informaci\u00f3n y la hoja de solicitud en la p\u00e1gina web del Ayuntamiento. Tambi\u00e9n en el correo <a href=\"mailto:adl@ajuntamentdelolleria.org\">adl@ajuntamentdelolleria.org<\/a> o en el tel\u00e9fono 607547643. Las inscripciones se realizan en la oficina del AEDL del Ayuntamiento de L\u2019Olleria. <\/span><\/p>\n","protected":false},"excerpt":{"rendered":"<p>&nbsp; &nbsp; El Ayuntamiento de L\u2019Olleria,\u00a0 a trav\u00e9s de la concejal\u00eda de Promoci\u00f3n Econ\u00f3mica, ha organizado un curso de alem\u00e1n intensivo que se desarrollar\u00e1 del 26 de noviembre hasta el 19 de diciembre. Un curso presencial de 48 horas que tal y como ha comentado el concejal del \u00e1rea, Jes\u00fas Engo \u201cva dirigido a personas [&hellip;]<\/p>\n","protected":false},"author":1,"featured_media":0,"comment_status":"closed","ping_status":"open","sticky":false,"template":"","format":"standard","meta":{"_monsterinsights_skip_tracking":false,"_monsterinsights_sitenote_active":false,"_monsterinsights_sitenote_note":"","_monsterinsights_sitenote_category":0},"categories":[11,12],"tags":[],"_links":{"self":[{"href":"http:\/\/www.portaldelolleria.es\/index.php?rest_route=\/wp\/v2\/posts\/4520"}],"collection":[{"href":"http:\/\/www.portaldelolleria.es\/index.php?rest_route=\/wp\/v2\/posts"}],"about":[{"href":"http:\/\/www.portaldelolleria.es\/index.php?rest_route=\/wp\/v2\/types\/post"}],"author":[{"embeddable":true,"href":"http:\/\/www.portaldelolleria.es\/index.php?rest_route=\/wp\/v2\/users\/1"}],"replies":[{"embeddable":true,"href":"http:\/\/www.portaldelolleria.es\/index.php?rest_route=%2Fwp%2Fv2%2Fcomments&post=4520"}],"version-history":[{"count":1,"href":"http:\/\/www.portaldelolleria.es\/index.php?rest_route=\/wp\/v2\/posts\/4520\/revisions"}],"predecessor-version":[{"id":4522,"href":"http:\/\/www.portaldelolleria.es\/index.php?rest_route=\/wp\/v2\/posts\/4520\/revisions\/4522"}],"wp:attachment":[{"href":"http:\/\/www.portaldelolleria.es\/index.php?rest_route=%2Fwp%2Fv2%2Fmedia&parent=4520"}],"wp:term":[{"taxonomy":"category","embeddable":true,"href":"http:\/\/www.portaldelolleria.es\/index.php?rest_route=%2Fwp%2Fv2%2Fcategories&post=4520"},{"taxonomy":"post_tag","embeddable":true,"href":"http:\/\/www.portaldelolleria.es\/index.php?rest_route=%2Fwp%2Fv2%2Ftags&post=4520"}],"curies":[{"name":"wp","href":"https:\/\/api.w.org\/{rel}","templated":true}]}}