{"id":4523,"date":"2013-11-20T23:45:10","date_gmt":"2013-11-20T21:45:10","guid":{"rendered":"http:\/\/www.portaldelolleria.es\/?p=4523"},"modified":"2013-11-22T11:40:35","modified_gmt":"2013-11-22T09:40:35","slug":"se-inicia-la-campana-%e2%80%9ccompra-a-casa%e2%80%9d-de-los-comercios-y-servicios-de-l%e2%80%99olleria","status":"publish","type":"post","link":"http:\/\/www.portaldelolleria.es\/?p=4523","title":{"rendered":"Se inicia la campa\u00f1a \u201cCompra a Casa\u201d de los comercios y servicios de L\u2019Olleria"},"content":{"rendered":"<p>&nbsp;<\/p>\n<p><a href=\"http:\/\/www.portaldelolleria.es\/wp-content\/uploads\/2013\/11\/compraencasa.jpg\"><img loading=\"lazy\" class=\"aligncenter size-full wp-image-4527\" title=\"compraencasa\" src=\"http:\/\/www.portaldelolleria.es\/wp-content\/uploads\/2013\/11\/compraencasa.jpg\" alt=\"\" width=\"598\" height=\"398\" srcset=\"http:\/\/www.portaldelolleria.es\/wp-content\/uploads\/2013\/11\/compraencasa.jpg 598w, http:\/\/www.portaldelolleria.es\/wp-content\/uploads\/2013\/11\/compraencasa-300x199.jpg 300w\" sizes=\"(max-width: 598px) 100vw, 598px\" \/><\/a><\/p>\n<p>&nbsp;<\/p>\n<p class=\"MsoNormal\" style=\"text-align: justify;\"><span style=\"font-size: 12.0pt; line-height: 115%; mso-ansi-language: ES;\">L\u2019Olleria acoge desde este lunes y hasta el 13 de enero la campa\u00f1a Compra a Casa que ya va por su quinta edici\u00f3n. El alcalde de la localidad, Jos\u00e9 Vidal, el concejal de Promoci\u00f3n Econ\u00f3mica, Jes\u00fas Engo y la representante de la Asociaci\u00f3n de Comerciantes y vendedores del Mercado, Neus Cerd\u00e0, explicaban la campa\u00f1a que tiene como principal objetivo \u201cel que las compras de la campa\u00f1a de ventas m\u00e1s importante del a\u00f1o, la de Navidad, se queden en el municipio y al mismo tiempo, ser un reclamo para que vecinos de otras poblaciones vengan a L\u2019Olleria a hacer sus compras, sin olvidar que esta campa\u00f1a es tambi\u00e9n un agradecimiento a los clientes por su confianza\u201d.<\/span><\/p>\n<p class=\"MsoNormal\" style=\"text-align: justify;\"><span style=\"font-size: 12.0pt; line-height: 115%; mso-ansi-language: ES;\">El concejal de Promoci\u00f3n Econ\u00f3mica, subrayaba el apoyo que realiza el Ayuntamiento al sector hostelero, comercial y al de vendedores del Mercado Municipal por lo que este a\u00f1o hemos aumentado en 500 euros la dotaci\u00f3n econ\u00f3mica destinada a esta campa\u00f1a, por lo que habr\u00e1n 30 premios de 100 euros, 5 m\u00e1s que en la edici\u00f3n anterior y un premio de 500 euros\u201d. Estos premios \u201cser\u00e1n canjeables en los comercios y negocios que participan en la campa\u00f1a. El a\u00f1o pasado fueron un total de 92, cifra que esperamos superar este a\u00f1o, en cuanto a las papeletas que se entregan a los clientes por las compras realizadas se han emitido 70.000 de las cuales, en este segundo d\u00eda de campa\u00f1a ya se han repartido entre los participantes 15.000\u201d.<\/span><\/p>\n<p class=\"MsoNormal\" style=\"text-align: justify;\"><span style=\"font-size: 12.0pt; line-height: 115%; mso-ansi-language: ES;\">Por su parte, Neus Cerd\u00e0 destacaba \u201cla gran variedad y calidad del sector hostelero y comercial de L\u2019Olleria ya que se puede encontrar de todo por lo que animamos a L\u2019Olleria y a la comarca a hacer sus compras en el municipio as\u00ed como a los comercios, restaurants, bares etc. a participar en esta campa\u00f1a\u201d y agradec\u00eda \u201cun a\u00f1o m\u00e1s el apoyo recibido por el Ayuntamiento\u201d.<\/span><\/p>\n<p class=\"MsoNormal\" style=\"text-align: justify;\"><span style=\"font-size: 12.0pt; line-height: 115%; mso-ansi-language: ES;\">Por \u00faltimo, el alcalde agradec\u00eda la colaboraci\u00f3n de la Asociaci\u00f3n de Comerciantes, la Asociaci\u00f3n de Hoteleros y la Asociaci\u00f3n del Mercado Municipal de L\u2019Olleria por su implicaci\u00f3n y trabajo en esta campa\u00f1a que esperemos supere las cifras de las anteriores ediciones\u201d y recordaba que \u201cen la pasada se repartieron cerca de 60.000 papeletas\u201d. Este a\u00f1o el sorteo se realizar\u00e1 el 13 de enero de 2014.<\/span><\/p>\n<p class=\"MsoNormal\" style=\"text-align: justify;\"><span style=\"font-size: 12.0pt; line-height: 115%; mso-ansi-language: ES;\">En cuanto al eslogan lo explicaba Engo \u201cde Todo<span style=\"mso-spacerun: yes;\">\u00a0 <\/span>Cerca, 10 razones para comprar en el comercio tradicional de tu pueblo\u201d.<\/span><\/p>\n<p><iframe loading=\"lazy\" src=\"\/\/www.youtube.com\/embed\/4mzCWKOgqdc\" frameborder=\"0\" width=\"598\" height=\"449\"><\/iframe><\/p>\n<p>&nbsp;<\/p>\n<p><a href=\"http:\/\/www.portaldelolleria.es\/wp-content\/uploads\/2013\/11\/cartel-compra-casa.jpg\"><img loading=\"lazy\" class=\"aligncenter size-full wp-image-4526\" title=\"cartel compra casa\" src=\"http:\/\/www.portaldelolleria.es\/wp-content\/uploads\/2013\/11\/cartel-compra-casa.jpg\" alt=\"\" width=\"598\" height=\"878\" srcset=\"http:\/\/www.portaldelolleria.es\/wp-content\/uploads\/2013\/11\/cartel-compra-casa.jpg 598w, http:\/\/www.portaldelolleria.es\/wp-content\/uploads\/2013\/11\/cartel-compra-casa-204x300.jpg 204w\" sizes=\"(max-width: 598px) 100vw, 598px\" \/><\/a><\/p>\n<p>&nbsp;<\/p>\n<p><a href=\"https:\/\/www.facebook.com\/olleria.net\"><img loading=\"lazy\" class=\"aligncenter size-full wp-image-4524\" title=\"1facebook\" src=\"http:\/\/www.portaldelolleria.es\/wp-content\/uploads\/2013\/11\/1facebook13.jpg\" alt=\"\" width=\"598\" height=\"115\" srcset=\"http:\/\/www.portaldelolleria.es\/wp-content\/uploads\/2013\/11\/1facebook13.jpg 598w, http:\/\/www.portaldelolleria.es\/wp-content\/uploads\/2013\/11\/1facebook13-300x57.jpg 300w\" sizes=\"(max-width: 598px) 100vw, 598px\" \/><\/a><\/p>\n","protected":false},"excerpt":{"rendered":"<p>&nbsp; &nbsp; L\u2019Olleria acoge desde este lunes y hasta el 13 de enero la campa\u00f1a Compra a Casa que ya va por su quinta edici\u00f3n. El alcalde de la localidad, Jos\u00e9 Vidal, el concejal de Promoci\u00f3n Econ\u00f3mica, Jes\u00fas Engo y la representante de la Asociaci\u00f3n de Comerciantes y vendedores del Mercado, Neus Cerd\u00e0, explicaban la [&hellip;]<\/p>\n","protected":false},"author":1,"featured_media":0,"comment_status":"closed","ping_status":"open","sticky":false,"template":"","format":"standard","meta":{"_monsterinsights_skip_tracking":false,"_monsterinsights_sitenote_active":false,"_monsterinsights_sitenote_note":"","_monsterinsights_sitenote_category":0},"categories":[171,12],"tags":[878,877,20],"_links":{"self":[{"href":"http:\/\/www.portaldelolleria.es\/index.php?rest_route=\/wp\/v2\/posts\/4523"}],"collection":[{"href":"http:\/\/www.portaldelolleria.es\/index.php?rest_route=\/wp\/v2\/posts"}],"about":[{"href":"http:\/\/www.portaldelolleria.es\/index.php?rest_route=\/wp\/v2\/types\/post"}],"author":[{"embeddable":true,"href":"http:\/\/www.portaldelolleria.es\/index.php?rest_route=\/wp\/v2\/users\/1"}],"replies":[{"embeddable":true,"href":"http:\/\/www.portaldelolleria.es\/index.php?rest_route=%2Fwp%2Fv2%2Fcomments&post=4523"}],"version-history":[{"count":3,"href":"http:\/\/www.portaldelolleria.es\/index.php?rest_route=\/wp\/v2\/posts\/4523\/revisions"}],"predecessor-version":[{"id":4554,"href":"http:\/\/www.portaldelolleria.es\/index.php?rest_route=\/wp\/v2\/posts\/4523\/revisions\/4554"}],"wp:attachment":[{"href":"http:\/\/www.portaldelolleria.es\/index.php?rest_route=%2Fwp%2Fv2%2Fmedia&parent=4523"}],"wp:term":[{"taxonomy":"category","embeddable":true,"href":"http:\/\/www.portaldelolleria.es\/index.php?rest_route=%2Fwp%2Fv2%2Fcategories&post=4523"},{"taxonomy":"post_tag","embeddable":true,"href":"http:\/\/www.portaldelolleria.es\/index.php?rest_route=%2Fwp%2Fv2%2Ftags&post=4523"}],"curies":[{"name":"wp","href":"https:\/\/api.w.org\/{rel}","templated":true}]}}