{"id":4529,"date":"2013-11-20T20:50:05","date_gmt":"2013-11-20T18:50:05","guid":{"rendered":"http:\/\/www.portaldelolleria.es\/?p=4529"},"modified":"2013-11-20T23:58:15","modified_gmt":"2013-11-20T21:58:15","slug":"presentacion-del-calendario-del-ieva-2014-en-montaverner","status":"publish","type":"post","link":"http:\/\/www.portaldelolleria.es\/?p=4529","title":{"rendered":"Presentaci\u00f3n del calendario del IEVA 2014 en Montaverner"},"content":{"rendered":"<p>&nbsp;<\/p>\n<p><a href=\"http:\/\/www.portaldelolleria.es\/wp-content\/uploads\/2013\/11\/calendario.jpg\"><img loading=\"lazy\" class=\"aligncenter size-full wp-image-4530\" title=\"calendario\" src=\"http:\/\/www.portaldelolleria.es\/wp-content\/uploads\/2013\/11\/calendario.jpg\" alt=\"\" width=\"598\" height=\"398\" srcset=\"http:\/\/www.portaldelolleria.es\/wp-content\/uploads\/2013\/11\/calendario.jpg 598w, http:\/\/www.portaldelolleria.es\/wp-content\/uploads\/2013\/11\/calendario-300x199.jpg 300w\" sizes=\"(max-width: 598px) 100vw, 598px\" \/><\/a><\/p>\n<p>&nbsp;<\/p>\n<p><span id=\"result_box\" lang=\"es\"><span class=\"hps\">El pr\u00f3ximo<\/span> <span class=\"hps\">viernes 22<\/span> <span class=\"hps\">de noviembre<\/span> <span class=\"hps\">del Insituto<\/span> <span class=\"hps\">de Estudios de la<\/span> <span class=\"hps\">Vall d&#8217;Albaida<\/span> <span class=\"hps\">presentar\u00e1<\/span> <span class=\"hps\">en Montaverner<\/span> <span class=\"hps\">el calendario<\/span> <span class=\"hps\">de Fiestas<\/span><span>,<\/span> <span class=\"hps\">Tradiciones<\/span> <span class=\"hps\">y Gastronom\u00eda de<\/span> <span class=\"hps\">la Vall d&#8217;Albaida<\/span> <span class=\"hps\">2014.<\/span><\/span><\/p>\n<p><span class=\"hps\">Con el t\u00edtulo<\/span> <span class=\"hps\">Los oficios<\/span> <span class=\"hps\">para la fiesta<\/span><span>,<\/span> <span class=\"hps\">cada<\/span> <span class=\"hps\">mes est\u00e1<\/span> <span class=\"hps\">dedicado a una<\/span> <span class=\"hps\">profesi\u00f3n<\/span> <span class=\"hps\">ligada a las<\/span> <span class=\"hps\">fiestas de los<\/span> <span class=\"hps\">pueblos de la comarca<\/span><span>.<\/span> <span class=\"hps\">La referencia<\/span> <span class=\"hps\">hist\u00f3rica<\/span> <span class=\"hps\">de este a\u00f1o<\/span> <span class=\"hps\">trata el<\/span> <span class=\"hps\">111 \u00ba aniversario<\/span> <span class=\"hps\">de la<\/span> <span class=\"hps\">l\u00ednea de tren<\/span> <span class=\"hps\">X\u00e0tiva<\/span> <span class=\"hps\">&#8211;<\/span> <span class=\"hps\">Alcoy,<\/span> <span class=\"hps\">a la que dedica<\/span> <span class=\"hps\">un texto<\/span> <span class=\"hps\">sobre el origen y<\/span> <span class=\"hps\">la evoluci\u00f3n de la<\/span> <span class=\"hps\">l\u00ednea<\/span><span>,<\/span> <span class=\"hps\">as\u00ed<\/span> <span class=\"hps\">como un mapa<\/span> <span class=\"hps\">de su trazado<\/span><span>.<\/span> <span class=\"hps\">En cuanto a<\/span> <span class=\"hps\">la parte<\/span> <span class=\"hps\">gastron\u00f3mica<\/span><span>,<\/span> <span class=\"hps\">es<\/span> <span class=\"hps\">una recopilaci\u00f3n<\/span> <span class=\"hps\">de recetas<\/span> <span class=\"hps\">de cocina medieval<\/span> <span class=\"hps\">de la antigua Corona<\/span> <span class=\"hps\">de Arag\u00f3n<\/span><span>.<\/span><\/p>\n<p><span class=\"hps\">El acto tendr\u00e1<\/span> <span class=\"hps\">lugar a las<\/span> <span class=\"hps\">19.30 horas en<\/span> <span class=\"hps\">la Agencia de Lectura<\/span> <span class=\"hps\">Municipal<\/span><span>.<\/span><\/p>\n","protected":false},"excerpt":{"rendered":"<p>&nbsp; &nbsp; El pr\u00f3ximo viernes 22 de noviembre del Insituto de Estudios de la Vall d&#8217;Albaida presentar\u00e1 en Montaverner el calendario de Fiestas, Tradiciones y Gastronom\u00eda de la Vall d&#8217;Albaida 2014. Con el t\u00edtulo Los oficios para la fiesta, cada mes est\u00e1 dedicado a una profesi\u00f3n ligada a las fiestas de los pueblos de la [&hellip;]<\/p>\n","protected":false},"author":1,"featured_media":0,"comment_status":"closed","ping_status":"open","sticky":false,"template":"","format":"standard","meta":{"_monsterinsights_skip_tracking":false,"_monsterinsights_sitenote_active":false,"_monsterinsights_sitenote_note":"","_monsterinsights_sitenote_category":0},"categories":[16,789,12],"tags":[810,41,880,879,427],"_links":{"self":[{"href":"http:\/\/www.portaldelolleria.es\/index.php?rest_route=\/wp\/v2\/posts\/4529"}],"collection":[{"href":"http:\/\/www.portaldelolleria.es\/index.php?rest_route=\/wp\/v2\/posts"}],"about":[{"href":"http:\/\/www.portaldelolleria.es\/index.php?rest_route=\/wp\/v2\/types\/post"}],"author":[{"embeddable":true,"href":"http:\/\/www.portaldelolleria.es\/index.php?rest_route=\/wp\/v2\/users\/1"}],"replies":[{"embeddable":true,"href":"http:\/\/www.portaldelolleria.es\/index.php?rest_route=%2Fwp%2Fv2%2Fcomments&post=4529"}],"version-history":[{"count":4,"href":"http:\/\/www.portaldelolleria.es\/index.php?rest_route=\/wp\/v2\/posts\/4529\/revisions"}],"predecessor-version":[{"id":4534,"href":"http:\/\/www.portaldelolleria.es\/index.php?rest_route=\/wp\/v2\/posts\/4529\/revisions\/4534"}],"wp:attachment":[{"href":"http:\/\/www.portaldelolleria.es\/index.php?rest_route=%2Fwp%2Fv2%2Fmedia&parent=4529"}],"wp:term":[{"taxonomy":"category","embeddable":true,"href":"http:\/\/www.portaldelolleria.es\/index.php?rest_route=%2Fwp%2Fv2%2Fcategories&post=4529"},{"taxonomy":"post_tag","embeddable":true,"href":"http:\/\/www.portaldelolleria.es\/index.php?rest_route=%2Fwp%2Fv2%2Ftags&post=4529"}],"curies":[{"name":"wp","href":"https:\/\/api.w.org\/{rel}","templated":true}]}}