{"id":4605,"date":"2013-11-30T02:53:20","date_gmt":"2013-11-30T00:53:20","guid":{"rendered":"http:\/\/www.portaldelolleria.es\/?p=4605"},"modified":"2013-11-30T03:09:44","modified_gmt":"2013-11-30T01:09:44","slug":"mas-de-30-personas-siguen-en-l%e2%80%99olleria-el-curso-para-cuidadores-no-profesionales","status":"publish","type":"post","link":"http:\/\/www.portaldelolleria.es\/?p=4605","title":{"rendered":"M\u00e1s de 30 personas siguen en l\u2019Olleria el curso para cuidadores no profesionales"},"content":{"rendered":"<p>&nbsp;<\/p>\n<p><a href=\"http:\/\/www.portaldelolleria.es\/wp-content\/uploads\/2013\/11\/cuidadoras.jpg\"><img loading=\"lazy\" class=\"aligncenter size-full wp-image-4607\" title=\"cuidadoras\" src=\"http:\/\/www.portaldelolleria.es\/wp-content\/uploads\/2013\/11\/cuidadoras.jpg\" alt=\"\" width=\"598\" height=\"398\" srcset=\"http:\/\/www.portaldelolleria.es\/wp-content\/uploads\/2013\/11\/cuidadoras.jpg 598w, http:\/\/www.portaldelolleria.es\/wp-content\/uploads\/2013\/11\/cuidadoras-300x199.jpg 300w\" sizes=\"(max-width: 598px) 100vw, 598px\" \/><\/a><\/p>\n<p>&nbsp;<\/p>\n<p class=\"MsoNormal\" style=\"text-align: justify; text-indent: 35.4pt; tab-stops: 35.4pt 70.8pt 106.2pt 141.6pt 177.0pt 212.4pt 247.8pt 283.2pt 318.6pt 354.0pt 389.4pt 424.8pt 460.2pt 495.6pt; mso-layout-grid-align: none; text-autospace: none;\"><span style=\"font-size: 12.0pt; line-height: 115%; mso-bidi-font-family: Calibri; mso-ansi-language: ES; mso-fareast-language: ES;\">EL Ayuntamiento de l\u2019Olleria a trav\u00e9s del Servicio Municipal de Atenci\u00f3n a la Dependencia ha organizado el Curso para cuidadores no profesionales dirigido a los cuidadores principales de las personas en situaci\u00f3n de dependencia que permanecen en su domicilio dentro del marco del Sistema de Autonom\u00eda y Atenci\u00f3n a la Dependencia.<\/span><\/p>\n<p class=\"MsoNormal\" style=\"text-align: justify; tab-stops: 35.4pt 70.8pt 106.2pt 141.6pt 177.0pt 212.4pt 247.8pt 283.2pt 318.6pt 354.0pt 389.4pt 424.8pt 460.2pt 495.6pt; mso-layout-grid-align: none; text-autospace: none;\"><span style=\"font-size: 12.0pt; line-height: 115%; mso-bidi-font-family: Calibri; mso-ansi-language: ES; mso-fareast-language: ES;\">Este curso sigue las directrices de la Conselleria de Bienestar Social y concretamente de la Direcci\u00f3n de Personas Con Discapacidad y Dependencia y se realiza en varias sesiones repartidas del 13 de noviembre hasta el 2 de diciembre en el Aula Taller del Centro Social del municipio.<\/span><\/p>\n<p class=\"MsoNormal\" style=\"text-align: justify; tab-stops: 35.4pt 70.8pt 106.2pt 141.6pt 177.0pt 212.4pt 247.8pt 283.2pt 318.6pt 354.0pt 389.4pt 424.8pt 460.2pt 495.6pt; mso-layout-grid-align: none; text-autospace: none;\"><span style=\"font-size: 12.0pt; line-height: 115%; mso-bidi-font-family: Calibri; mso-ansi-language: ES; mso-fareast-language: ES;\">El objetivo de la concejal\u00eda de Bienestar Social de l\u2019Olleria es, tal y como explica la concejala del \u00e1rea, Gema Borr\u00e1s \u201cdar apoyo al cuidador de las personas en situaci\u00f3n de dependencia para que sean conscientes del valor tan importante que tienen para mejorar la calidad de vida de sus familiares\u201d.<\/span><\/p>\n<p class=\"MsoNormal\" style=\"text-align: justify; tab-stops: 35.4pt 70.8pt 106.2pt 141.6pt 177.0pt 212.4pt 247.8pt 283.2pt 318.6pt 354.0pt 389.4pt 424.8pt 460.2pt 495.6pt; mso-layout-grid-align: none; text-autospace: none;\"><span style=\"font-size: 12.0pt; line-height: 115%; mso-bidi-font-family: Calibri; mso-ansi-language: ES; mso-fareast-language: ES;\">Adem\u00e1s, tanto la concejal\u00eda de Bienestar Social como el Servicio Municipal de Atenci\u00f3n a la Dependencia han agradecido el apoyo que han tenido por parte de todos los docentes que participan en la formaci\u00f3n de los cuidadores no profesionales (profesionales del Centro de Atenci\u00f3n Primaria de l\u2019Olleria, profesionales del Centro Residencial Solimar de l\u2019Olleria, profesionales del Equipo Base de Servicios Sociales de l\u2019OIleria, etc.) que \u201cgracias a su colaboraci\u00f3n y esfuerzo contribuyen a que pueda llevarse a cabo esta importante actividad formativa\u201d.<\/span><\/p>\n<p class=\"MsoNormal\" style=\"text-align: center;\"><a href=\"https:\/\/www.facebook.com\/olleria.net\"><img loading=\"lazy\" class=\"aligncenter size-full wp-image-4606\" title=\"1facebook\" src=\"http:\/\/www.portaldelolleria.es\/wp-content\/uploads\/2013\/11\/1facebook19.jpg\" alt=\"\" width=\"598\" height=\"115\" srcset=\"http:\/\/www.portaldelolleria.es\/wp-content\/uploads\/2013\/11\/1facebook19.jpg 598w, http:\/\/www.portaldelolleria.es\/wp-content\/uploads\/2013\/11\/1facebook19-300x57.jpg 300w\" sizes=\"(max-width: 598px) 100vw, 598px\" \/><\/a><\/p>\n","protected":false},"excerpt":{"rendered":"<p>&nbsp; &nbsp; EL Ayuntamiento de l\u2019Olleria a trav\u00e9s del Servicio Municipal de Atenci\u00f3n a la Dependencia ha organizado el Curso para cuidadores no profesionales dirigido a los cuidadores principales de las personas en situaci\u00f3n de dependencia que permanecen en su domicilio dentro del marco del Sistema de Autonom\u00eda y Atenci\u00f3n a la Dependencia. Este curso [&hellip;]<\/p>\n","protected":false},"author":1,"featured_media":0,"comment_status":"closed","ping_status":"open","sticky":false,"template":"","format":"standard","meta":{"_monsterinsights_skip_tracking":false,"_monsterinsights_sitenote_active":false,"_monsterinsights_sitenote_note":"","_monsterinsights_sitenote_category":0},"categories":[10,12],"tags":[882,182,20],"_links":{"self":[{"href":"http:\/\/www.portaldelolleria.es\/index.php?rest_route=\/wp\/v2\/posts\/4605"}],"collection":[{"href":"http:\/\/www.portaldelolleria.es\/index.php?rest_route=\/wp\/v2\/posts"}],"about":[{"href":"http:\/\/www.portaldelolleria.es\/index.php?rest_route=\/wp\/v2\/types\/post"}],"author":[{"embeddable":true,"href":"http:\/\/www.portaldelolleria.es\/index.php?rest_route=\/wp\/v2\/users\/1"}],"replies":[{"embeddable":true,"href":"http:\/\/www.portaldelolleria.es\/index.php?rest_route=%2Fwp%2Fv2%2Fcomments&post=4605"}],"version-history":[{"count":3,"href":"http:\/\/www.portaldelolleria.es\/index.php?rest_route=\/wp\/v2\/posts\/4605\/revisions"}],"predecessor-version":[{"id":4609,"href":"http:\/\/www.portaldelolleria.es\/index.php?rest_route=\/wp\/v2\/posts\/4605\/revisions\/4609"}],"wp:attachment":[{"href":"http:\/\/www.portaldelolleria.es\/index.php?rest_route=%2Fwp%2Fv2%2Fmedia&parent=4605"}],"wp:term":[{"taxonomy":"category","embeddable":true,"href":"http:\/\/www.portaldelolleria.es\/index.php?rest_route=%2Fwp%2Fv2%2Fcategories&post=4605"},{"taxonomy":"post_tag","embeddable":true,"href":"http:\/\/www.portaldelolleria.es\/index.php?rest_route=%2Fwp%2Fv2%2Ftags&post=4605"}],"curies":[{"name":"wp","href":"https:\/\/api.w.org\/{rel}","templated":true}]}}