{"id":4641,"date":"2013-12-05T21:15:49","date_gmt":"2013-12-05T19:15:49","guid":{"rendered":"http:\/\/www.portaldelolleria.es\/?p=4641"},"modified":"2013-12-10T01:55:49","modified_gmt":"2013-12-09T23:55:49","slug":"l%e2%80%99olleria-celebra-su-425%c2%ba-aniversario-como-vila-real","status":"publish","type":"post","link":"http:\/\/www.portaldelolleria.es\/?p=4641","title":{"rendered":"L\u2019Olleria celebra su 425\u00ba Aniversario como Vila Real"},"content":{"rendered":"<p>&nbsp;<\/p>\n<p><a href=\"http:\/\/www.portaldelolleria.es\/wp-content\/uploads\/2013\/12\/425aniversai.jpg\"><img loading=\"lazy\" class=\"aligncenter size-full wp-image-4643\" title=\"425aniversai\" src=\"http:\/\/www.portaldelolleria.es\/wp-content\/uploads\/2013\/12\/425aniversai.jpg\" alt=\"\" width=\"598\" height=\"398\" srcset=\"http:\/\/www.portaldelolleria.es\/wp-content\/uploads\/2013\/12\/425aniversai.jpg 598w, http:\/\/www.portaldelolleria.es\/wp-content\/uploads\/2013\/12\/425aniversai-300x199.jpg 300w\" sizes=\"(max-width: 598px) 100vw, 598px\" \/><\/a><\/p>\n<p>&nbsp;<\/p>\n<p class=\"MsoNormal\" style=\"text-align: justify;\"><em style=\"mso-bidi-font-style: normal;\"><span style=\"font-size: 12.0pt; line-height: 115%;\" lang=\"ES-TRAD\">Del 9 al16 de diciembre <\/span><\/em><\/p>\n<p class=\"MsoNormal\" style=\"text-align: justify;\"><em style=\"mso-bidi-font-style: normal;\"><span style=\"font-size: 12.0pt; line-height: 115%;\" lang=\"ES-TRAD\">\u00a0<\/span><\/em><\/p>\n<p class=\"MsoNormal\" style=\"text-align: justify;\"><span style=\"font-size: 12.0pt; line-height: 115%;\" lang=\"ES-TRAD\">L\u2019Olleria celebra este 2013 su <em style=\"mso-bidi-font-style: normal;\">425\u00ba Aniversario como Vila Reial<\/em> y lo hace con un programa lleno de actividades tal y como ha explicado esta ma\u00f1ana el alcalde de la localidad, Jos\u00e9 Vidal quien ha estado acompa\u00f1ado por varios concejales en esta presentaci\u00f3n. <\/span><\/p>\n<p class=\"MsoNormal\" style=\"text-align: justify;\"><span style=\"font-size: 12.0pt; line-height: 115%;\" lang=\"ES-TRAD\">El primer edil ha agradecido en primer lugar la implicaci\u00f3n de las diferentes asociaciones del municipio en este Aniversario \u201cen el que esperamos que todos los ollerienses disfruten con el programa que se ha elaborado y en el que se pueden encontrar diferentes actividades: l\u00fadicas, deportivas, institucionales y religiosas\u201d. <\/span><\/p>\n<p class=\"MsoNormal\" style=\"text-align: justify;\"><span style=\"font-size: 12.0pt; line-height: 115%;\" lang=\"ES-TRAD\">\u201cNuestro municipio cumple 425 a\u00f1os desde que el rei Felipe II le otorgara el t\u00edtulo de Villa Real un 16 de diciembre de 1588, es por este motivo que la segunda semana de diciembre ha sido la elegida para albergar la celebraci\u00f3n de esta importante efem\u00e9ride, concentr\u00e1ndose la mayor\u00eda de los actos fin de semana para que el m\u00e1ximo posible de personas puedan disfrutar de esta celebraci\u00f3n. Empezaremos el lunes a las siete y media de la tarde en la Casa Santonja-Palau dels Marau, con una exposici\u00f3n sobre l\u2019Olleria Vila Reial, 1588-2013 y una charla hist\u00f3rica a cargo de Emili Juan, licenciado en documentaci\u00f3n y en geograf\u00eda e historia, una persona muy conocida en l\u2019Olleria ya que es adem\u00e1s el bibliotecario de la localidad. El programa continuar\u00e1 el viernes 13, a las ocho de la tarde con la inauguraci\u00f3n de un gran Mercado Medieval, en esta contaremos con un pasacalle a cargo de <em style=\"mso-bidi-font-style: normal;\">l\u2019Agrupaci\u00f3 Escola Musical la Nova<\/em> <em style=\"mso-bidi-font-style: normal;\">de l\u2019Olleria<\/em> que dar\u00e1 el inicio a este mercado que se ubicar\u00e1 en el casco antiguo y en el que habr\u00e1n numerosos stands, pero, tambi\u00e9n representaciones medievales como Torneo de Caballeros, Combates entre Paladines de la Corte, Escuela de Peque\u00f1os Caballeros y la Visita del rey Felipe II al mercado entre otras\u201d. El mercado, que estar\u00e1 a lo largo de todo el fin de semana, contar\u00e1 igualmente con la presencia de artesanos locales: carpinter\u00eda, pirotecnia, cester\u00eda, el arte de embogar, decoraci\u00f3n de vidrio y creaci\u00f3n de piezas de vidrio desde su inicio\u201d. <\/span><\/p>\n<p class=\"MsoNormal\" style=\"text-align: justify; tab-stops: 35.4pt 70.8pt 106.2pt 141.6pt 177.0pt 212.4pt 247.8pt 283.2pt 318.6pt 354.0pt 389.4pt 424.8pt 460.2pt 495.6pt; mso-layout-grid-align: none; text-autospace: none;\"><span style=\"font-size: 12.0pt; line-height: 115%;\" lang=\"ES-TRAD\">El s\u00e1bado, una ruta urbana guiada por el historiador local Jos\u00e9 Vicente Vidal permitir\u00e1 a los participantes conocer un poco m\u00e1s la historia de l\u2019Olleria, la ruta se iniciar\u00e1 desde la plaza Virgen de Loreto a las diez y media de la ma\u00f1ana y a las 12 del medio d\u00eda en el front\u00f3n del polideportivo municipal se disputar\u00e1 un encuentro entre las parejas formadas por Sarasol I y Fageca contra Le\u00f3n y Santi II. \u201cY para reponer fuerzas a las dos y media de la tarde en el Parque Beat Pare Ferreres se ha organizado una paella gigante, los tickets, que se pueden adquirir en el Ayuntamiento, en la biblioteca, en el mercado y en el centro social, tienen un precio de dos euros y medio e incluye la paella, la bebida y la picaeta, los menores de 10 a\u00f1os no pagan siempre vayan acompa\u00f1ados, al menos, por un adulto y adem\u00e1s, habr\u00e1n juegos infantiles desde las doce del medio d\u00eda\u201d. Un gran d\u00eda de fiesta que continuar\u00e1 por la tarde, a las seis con una cabalgata c\u00edvica que recorrer\u00e1 la avenida Jaume I hasta la plaza de la Vila y en la que participan el <em style=\"mso-bidi-font-style: normal;\">Grup <\/em><\/span><em style=\"mso-bidi-font-style: normal;\"><span style=\"font-size: 12.0pt; line-height: 115%; mso-bidi-font-family: 'Apple Chancery'; mso-ansi-language: CA;\" lang=\"CA\">de Danses El Revol, Grup de xirimiters i tabaleters la Morralla<\/span><\/em><span style=\"font-size: 12.0pt; line-height: 115%; mso-bidi-font-family: 'Apple Chancery'; mso-ansi-language: CA;\" lang=\"CA\">, la Banda de Tambores y Cornetas del Sant\u00edsimo Cristo de la Palma de l\u2019Olleria, los bailes de Sara Monz\u00f3, la Junta Central de Moros y Cristianos, la Asociaci\u00f3n de Amigos del Caballo y<span style=\"mso-spacerun: yes;\">\u00a0 <\/span>la Societat Escola Musical Sta. Cecilia de L\u2019Olleria. Al acabar se disparar\u00e1 un castillo de fuegos artificiales y a las doce de la noche habr\u00e1 una verbena popular a cargo del grupo local The Fartons. <\/span><\/p>\n<p class=\"MsoNormal\" style=\"text-align: justify; tab-stops: 35.4pt 70.8pt 106.2pt 141.6pt 177.0pt 212.4pt 247.8pt 283.2pt 318.6pt 354.0pt 389.4pt 424.8pt 460.2pt 495.6pt; mso-layout-grid-align: none; text-autospace: none;\"><span style=\"font-size: 12.0pt; line-height: 115%; mso-bidi-font-family: 'Apple Chancery'; mso-ansi-language: CA;\" lang=\"CA\">El domingo 15 se celebrar\u00e1 un acto institucional a las once de la ma\u00f1ana en la Casa Santonja-Palau dels Marau para despu\u00e9s proceder a visitar el Mercado Medieval y disfrutar con un corre traca en el que colaboran los miembros de la Asociaci\u00f3n de Amigos de la Cord\u00e0 de Gl\u00f2ria de l\u2019Olleria.<\/span><\/p>\n<p class=\"MsoNormal\" style=\"text-align: justify; tab-stops: 35.4pt 70.8pt 106.2pt 141.6pt 177.0pt 212.4pt 247.8pt 283.2pt 318.6pt 354.0pt 389.4pt 424.8pt 460.2pt 495.6pt; mso-layout-grid-align: none; text-autospace: none;\"><span style=\"font-size: 12.0pt; line-height: 115%; mso-bidi-font-family: 'Apple Chancery'; mso-ansi-language: CA;\" lang=\"CA\">Y por \u00faltimo, el lunes 16 habr\u00e1 volteo de campanas a lo largo de todo el d\u00eda y a las siete y media de la tarde, en la Iglesia Santa Mar\u00eda Magdalena de la localidad, una solemne misa cantada por el coro parroquial y presidida por D. Miguel Navarro Sorn\u00ed. <\/span><\/p>\n<p><iframe loading=\"lazy\" src=\"\/\/www.youtube.com\/embed\/RWWYpuQ5HF0\" frameborder=\"0\" width=\"598\" height=\"449\"><\/iframe><\/p>\n<p class=\"MsoNormal\" style=\"text-align: justify; tab-stops: 35.4pt 70.8pt 106.2pt 141.6pt 177.0pt 212.4pt 247.8pt 283.2pt 318.6pt 354.0pt 389.4pt 424.8pt 460.2pt 495.6pt; mso-layout-grid-align: none; text-autospace: none;\"><a href=\"https:\/\/www.facebook.com\/olleria.net\"><img loading=\"lazy\" class=\"aligncenter size-full wp-image-4642\" title=\"1facebook\" src=\"http:\/\/www.portaldelolleria.es\/wp-content\/uploads\/2013\/12\/1facebook1.jpg\" alt=\"\" width=\"598\" height=\"115\" srcset=\"http:\/\/www.portaldelolleria.es\/wp-content\/uploads\/2013\/12\/1facebook1.jpg 598w, http:\/\/www.portaldelolleria.es\/wp-content\/uploads\/2013\/12\/1facebook1-300x57.jpg 300w\" sizes=\"(max-width: 598px) 100vw, 598px\" \/><\/a><\/p>\n","protected":false},"excerpt":{"rendered":"<p>&nbsp; &nbsp; Del 9 al16 de diciembre \u00a0 L\u2019Olleria celebra este 2013 su 425\u00ba Aniversario como Vila Reial y lo hace con un programa lleno de actividades tal y como ha explicado esta ma\u00f1ana el alcalde de la localidad, Jos\u00e9 Vidal quien ha estado acompa\u00f1ado por varios concejales en esta presentaci\u00f3n. El primer edil ha [&hellip;]<\/p>\n","protected":false},"author":1,"featured_media":0,"comment_status":"closed","ping_status":"open","sticky":false,"template":"","format":"standard","meta":{"_monsterinsights_skip_tracking":false,"_monsterinsights_sitenote_active":false,"_monsterinsights_sitenote_note":"","_monsterinsights_sitenote_category":0},"categories":[3,12],"tags":[886,258,20],"_links":{"self":[{"href":"http:\/\/www.portaldelolleria.es\/index.php?rest_route=\/wp\/v2\/posts\/4641"}],"collection":[{"href":"http:\/\/www.portaldelolleria.es\/index.php?rest_route=\/wp\/v2\/posts"}],"about":[{"href":"http:\/\/www.portaldelolleria.es\/index.php?rest_route=\/wp\/v2\/types\/post"}],"author":[{"embeddable":true,"href":"http:\/\/www.portaldelolleria.es\/index.php?rest_route=\/wp\/v2\/users\/1"}],"replies":[{"embeddable":true,"href":"http:\/\/www.portaldelolleria.es\/index.php?rest_route=%2Fwp%2Fv2%2Fcomments&post=4641"}],"version-history":[{"count":4,"href":"http:\/\/www.portaldelolleria.es\/index.php?rest_route=\/wp\/v2\/posts\/4641\/revisions"}],"predecessor-version":[{"id":4661,"href":"http:\/\/www.portaldelolleria.es\/index.php?rest_route=\/wp\/v2\/posts\/4641\/revisions\/4661"}],"wp:attachment":[{"href":"http:\/\/www.portaldelolleria.es\/index.php?rest_route=%2Fwp%2Fv2%2Fmedia&parent=4641"}],"wp:term":[{"taxonomy":"category","embeddable":true,"href":"http:\/\/www.portaldelolleria.es\/index.php?rest_route=%2Fwp%2Fv2%2Fcategories&post=4641"},{"taxonomy":"post_tag","embeddable":true,"href":"http:\/\/www.portaldelolleria.es\/index.php?rest_route=%2Fwp%2Fv2%2Ftags&post=4641"}],"curies":[{"name":"wp","href":"https:\/\/api.w.org\/{rel}","templated":true}]}}