{"id":4664,"date":"2013-12-10T19:13:10","date_gmt":"2013-12-10T17:13:10","guid":{"rendered":"http:\/\/www.portaldelolleria.es\/?p=4664"},"modified":"2013-12-10T21:09:46","modified_gmt":"2013-12-10T19:09:46","slug":"se-inicia-la-semana-del-425%c2%ba-aniversario-de-l%e2%80%99olleria-como-villa-real","status":"publish","type":"post","link":"http:\/\/www.portaldelolleria.es\/?p=4664","title":{"rendered":"Se inicia la semana del 425\u00ba Aniversario de l\u2019Olleria como Villa Real"},"content":{"rendered":"<p><a href=\"http:\/\/www.portaldelolleria.es\/wp-content\/uploads\/2013\/12\/425-santonja1.jpg\"><img loading=\"lazy\" class=\"aligncenter size-full wp-image-4673\" title=\"425 santonja\" src=\"http:\/\/www.portaldelolleria.es\/wp-content\/uploads\/2013\/12\/425-santonja1.jpg\" alt=\"\" width=\"598\" height=\"398\" srcset=\"http:\/\/www.portaldelolleria.es\/wp-content\/uploads\/2013\/12\/425-santonja1.jpg 598w, http:\/\/www.portaldelolleria.es\/wp-content\/uploads\/2013\/12\/425-santonja1-300x199.jpg 300w\" sizes=\"(max-width: 598px) 100vw, 598px\" \/><\/a><\/p>\n<p class=\"MsoNormal\" style=\"text-align: justify;\"><span style=\"font-size: 12.0pt; line-height: 115%;\" lang=\"ES-TRAD\">Con una abarrotada Casa Santonja-Palau dels Marau se iniciaba la programaci\u00f3n de conmemoraci\u00f3n del 425\u00ba Aniversario de l\u2019Olleria como Vila Real, t\u00edtulo que como record\u00f3 en su intervenci\u00f3n el alcalde de la localidad, Jos\u00e9 Vidal \u201cotorg\u00f3 Felipe II a nuestro municipio un 16 de diciembre de 1588\u201d.<\/span><\/p>\n<p class=\"MsoNormal\" style=\"text-align: justify;\"><span style=\"font-size: 12.0pt; line-height: 115%;\" lang=\"ES-TRAD\">Igualmente, agradeci\u00f3 una vez m\u00e1s \u201cel trabajo y la implicaci\u00f3n de las asociaciones del municipio as\u00ed como de Emili Juan Soriano, la persona que hoy nos ha ofrecido una introducci\u00f3n hist\u00f3rica sobre este importante periodo para nosotros, Emili Juan est\u00e1 licenciado en documentaci\u00f3n y en geograf\u00eda historia y es adem\u00e1s, nuestro bibliotecario, tambi\u00e9n me gustar\u00eda agradecer la colaboraci\u00f3n del historiador local, Jos\u00e9 Vicente Vidal que nos ofrecer\u00e1 una ruta guiada el pr\u00f3ximo s\u00e1bado por la ma\u00f1ana\u201d a\u00f1adiendo que \u201choy se abre una semana muy especial para todos los ollerienses y por este motivo hemos organizado una programaci\u00f3n especial y variada para que sea muy participativa y popular. Una celebraci\u00f3n, el del 425\u00ba Aniversario, dedicada a todos los ollerienses y en especial a todas las generaciones que han hecho que L\u2019Olleria sea hoy el pueblo que es, un pueblo trabajador, emprendedor y hospitalario, en definitiva, un municipio por el que debemos todos sentirnos orgullosos\u201d.<\/span><\/p>\n<p class=\"MsoNormal\" style=\"text-align: justify;\"><span style=\"font-size: 12.0pt; line-height: 115%;\" lang=\"ES-TRAD\">Por su parte, el concejal de Cultura, Jes\u00fas Engo daba la bienvenida y explicaba el programa de actos \u201cun programa amplio y variado lleno de actividades a las que invitamos por su puesto a todos los ollerienses y tambi\u00e9n a todos los vecinos de las comarcas cercanas como la Vall d\u2019Albaida y la Costera\u201d. <\/span><\/p>\n<p class=\"MsoNormal\" style=\"text-align: justify; tab-stops: 35.4pt 70.8pt 106.2pt 141.6pt 177.0pt 212.4pt 247.8pt 283.2pt 318.6pt 354.0pt 389.4pt 424.8pt 460.2pt 495.6pt;\"><span style=\"font-size: 12.0pt; line-height: 115%;\" lang=\"ES-TRAD\">Emili Juan <\/span><span style=\"font-size: 12.0pt; line-height: 115%; mso-bidi-font-family: Helvetica; mso-ansi-language: ES; mso-fareast-language: ES;\">describi\u00f3 cu\u00e1l era el contexto hist\u00f3rico en el que se produce la segregaci\u00f3n de l&#8217;Olleria y cu\u00e1les fueron los factores que impulsaron a<span style=\"mso-spacerun: yes;\">\u00a0 <\/span>l&#8217;Olleria hacia la segregaci\u00f3n de la ciudad de X\u00e0tiva y las consecuencias que se derivaron, adem\u00e1s tambi\u00e9n ofreci\u00f3, una breve aproximaci\u00f3n a la evoluci\u00f3n hist\u00f3rica de la estructura institucional de los municipios valencianos desde la \u00e9poca foral hasta el liberalismo del siglo XIX.<\/span><\/p>\n<p class=\"MsoNormal\" style=\"text-align: justify;\"><span style=\"font-size: 12.0pt; line-height: 115%;\" lang=\"ES-TRAD\">El acto cont\u00f3 con la presencia, de alcaldes de la comarca y del Diputado del \u00e1rea de Econom\u00eda, M\u00e1ximo Caturla que junto al alcalde fueron los encargados de inaugurar la exposici\u00f3n \u201cL\u2019Olleria Vila Real, 1588-2013\u201d una muestra en la que se exhiben entre otros, documentos hist\u00f3ricos como el pergamino en el que se otorga el t\u00edtulo de Universidad a l\u2019Olleria que data de 1583, el pergamino concediendo el privilegio de Vila Real de 1588, el t\u00edtulo Real de la creaci\u00f3n de la escriban\u00eda municipal de 1645, el privilegio real de la feria anual de 1687 entre otros, tambi\u00e9n se pueden ver objetos cedidos por el Museo Etnol\u00f3gico de Benissoda a trav\u00e9s del \u00e1rea de Cultura de la Mancomunitat, del Museo de Etnolog\u00eda de Valencia, objetos donados por personas particulares del municipio<span style=\"mso-spacerun: yes;\">\u00a0 <\/span>y fotograf\u00edas que son del archivo municipal, donadas igualmente por personas del pueblo y que muestran espacios del patrimonio local desde 1890.<\/span><\/p>\n<p class=\"MsoNormal\" style=\"text-align: justify; tab-stops: 35.4pt 70.8pt 106.2pt 141.6pt 177.0pt 212.4pt 247.8pt 283.2pt 318.6pt 354.0pt 389.4pt 424.8pt 460.2pt 495.6pt; mso-layout-grid-align: none; text-autospace: none;\"><span style=\"font-size: 12.0pt; line-height: 115%;\" lang=\"ES-TRAD\">La exposici\u00f3n que se encuentra en la Casa Santonja se puede visitar en horario: <\/span><span style=\"font-size: 12.0pt; line-height: 115%; mso-bidi-font-family: Cambria; mso-fareast-language: ES;\" lang=\"ES-TRAD\">martes, mi\u00e9rcoles, jueves y viernes de 18:00h a 20:30h, s\u00e1bado de 11:00 a 13:00h y de 17:00h a 20:30h y el lunes 16, de 11:00 a 13:00h y de 17:00h a 20:30h.<\/span><\/p>\n<p class=\"MsoNormal\" style=\"text-align: justify; tab-stops: 35.4pt 70.8pt 106.2pt 141.6pt 177.0pt 212.4pt 247.8pt 283.2pt 318.6pt 354.0pt 389.4pt 424.8pt 460.2pt 495.6pt; mso-layout-grid-align: none; text-autospace: none;\"><a href=\"http:\/\/www.portaldelolleria.es\/wp-content\/uploads\/2013\/12\/425-inaugura.jpg\"><img loading=\"lazy\" class=\"aligncenter size-full wp-image-4665\" title=\"425 inaugura\" src=\"http:\/\/www.portaldelolleria.es\/wp-content\/uploads\/2013\/12\/425-inaugura.jpg\" alt=\"\" width=\"598\" height=\"398\" srcset=\"http:\/\/www.portaldelolleria.es\/wp-content\/uploads\/2013\/12\/425-inaugura.jpg 598w, http:\/\/www.portaldelolleria.es\/wp-content\/uploads\/2013\/12\/425-inaugura-300x199.jpg 300w\" sizes=\"(max-width: 598px) 100vw, 598px\" \/><\/a><\/p>\n<p class=\"MsoNormal\" style=\"text-align: justify; tab-stops: 35.4pt 70.8pt 106.2pt 141.6pt 177.0pt 212.4pt 247.8pt 283.2pt 318.6pt 354.0pt 389.4pt 424.8pt 460.2pt 495.6pt; mso-layout-grid-align: none; text-autospace: none;\">\n<p class=\"MsoNormal\" style=\"text-align: justify; tab-stops: 35.4pt 70.8pt 106.2pt 141.6pt 177.0pt 212.4pt 247.8pt 283.2pt 318.6pt 354.0pt 389.4pt 424.8pt 460.2pt 495.6pt; mso-layout-grid-align: none; text-autospace: none;\"><a href=\"http:\/\/www.portaldelolleria.es\/wp-content\/uploads\/2013\/12\/425medioval1.jpg\"><img loading=\"lazy\" class=\"aligncenter size-full wp-image-4670\" title=\"425medioval\" src=\"http:\/\/www.portaldelolleria.es\/wp-content\/uploads\/2013\/12\/425medioval1.jpg\" alt=\"\" width=\"598\" height=\"846\" srcset=\"http:\/\/www.portaldelolleria.es\/wp-content\/uploads\/2013\/12\/425medioval1.jpg 598w, http:\/\/www.portaldelolleria.es\/wp-content\/uploads\/2013\/12\/425medioval1-212x300.jpg 212w\" sizes=\"(max-width: 598px) 100vw, 598px\" \/><\/a><\/p>\n<p class=\"MsoNormal\" style=\"text-align: justify; tab-stops: 35.4pt 70.8pt 106.2pt 141.6pt 177.0pt 212.4pt 247.8pt 283.2pt 318.6pt 354.0pt 389.4pt 424.8pt 460.2pt 495.6pt; mso-layout-grid-align: none; text-autospace: none;\">\n","protected":false},"excerpt":{"rendered":"<p>Con una abarrotada Casa Santonja-Palau dels Marau se iniciaba la programaci\u00f3n de conmemoraci\u00f3n del 425\u00ba Aniversario de l\u2019Olleria como Vila Real, t\u00edtulo que como record\u00f3 en su intervenci\u00f3n el alcalde de la localidad, Jos\u00e9 Vidal \u201cotorg\u00f3 Felipe II a nuestro municipio un 16 de diciembre de 1588\u201d. Igualmente, agradeci\u00f3 una vez m\u00e1s \u201cel trabajo y [&hellip;]<\/p>\n","protected":false},"author":1,"featured_media":0,"comment_status":"closed","ping_status":"open","sticky":false,"template":"","format":"standard","meta":{"_monsterinsights_skip_tracking":false,"_monsterinsights_sitenote_active":false,"_monsterinsights_sitenote_note":"","_monsterinsights_sitenote_category":0},"categories":[16,12],"tags":[886,258,878,328,20,33],"_links":{"self":[{"href":"http:\/\/www.portaldelolleria.es\/index.php?rest_route=\/wp\/v2\/posts\/4664"}],"collection":[{"href":"http:\/\/www.portaldelolleria.es\/index.php?rest_route=\/wp\/v2\/posts"}],"about":[{"href":"http:\/\/www.portaldelolleria.es\/index.php?rest_route=\/wp\/v2\/types\/post"}],"author":[{"embeddable":true,"href":"http:\/\/www.portaldelolleria.es\/index.php?rest_route=\/wp\/v2\/users\/1"}],"replies":[{"embeddable":true,"href":"http:\/\/www.portaldelolleria.es\/index.php?rest_route=%2Fwp%2Fv2%2Fcomments&post=4664"}],"version-history":[{"count":6,"href":"http:\/\/www.portaldelolleria.es\/index.php?rest_route=\/wp\/v2\/posts\/4664\/revisions"}],"predecessor-version":[{"id":4675,"href":"http:\/\/www.portaldelolleria.es\/index.php?rest_route=\/wp\/v2\/posts\/4664\/revisions\/4675"}],"wp:attachment":[{"href":"http:\/\/www.portaldelolleria.es\/index.php?rest_route=%2Fwp%2Fv2%2Fmedia&parent=4664"}],"wp:term":[{"taxonomy":"category","embeddable":true,"href":"http:\/\/www.portaldelolleria.es\/index.php?rest_route=%2Fwp%2Fv2%2Fcategories&post=4664"},{"taxonomy":"post_tag","embeddable":true,"href":"http:\/\/www.portaldelolleria.es\/index.php?rest_route=%2Fwp%2Fv2%2Ftags&post=4664"}],"curies":[{"name":"wp","href":"https:\/\/api.w.org\/{rel}","templated":true}]}}