{"id":4676,"date":"2013-12-12T20:43:24","date_gmt":"2013-12-12T18:43:24","guid":{"rendered":"http:\/\/www.portaldelolleria.es\/?p=4676"},"modified":"2013-12-12T20:43:24","modified_gmt":"2013-12-12T18:43:24","slug":"el-ayuntamiento-destinara-el-presupuesto-del-castillo-del-425%c2%ba-aniversario-a-familias-sin-recursos","status":"publish","type":"post","link":"http:\/\/www.portaldelolleria.es\/?p=4676","title":{"rendered":"El Ayuntamiento destinar\u00e1 el presupuesto del Castillo del 425\u00ba Aniversario a familias sin recursos"},"content":{"rendered":"<p>&nbsp;<\/p>\n<p><a href=\"http:\/\/www.portaldelolleria.es\/wp-content\/uploads\/2013\/12\/425castillo.jpg\"><img loading=\"lazy\" class=\"aligncenter size-full wp-image-4678\" title=\"425castillo\" src=\"http:\/\/www.portaldelolleria.es\/wp-content\/uploads\/2013\/12\/425castillo.jpg\" alt=\"\" width=\"598\" height=\"398\" srcset=\"http:\/\/www.portaldelolleria.es\/wp-content\/uploads\/2013\/12\/425castillo.jpg 598w, http:\/\/www.portaldelolleria.es\/wp-content\/uploads\/2013\/12\/425castillo-300x199.jpg 300w\" sizes=\"(max-width: 598px) 100vw, 598px\" \/><\/a><\/p>\n<p>&nbsp;<\/p>\n<p class=\"MsoNormal\" style=\"text-align: justify;\"><strong style=\"mso-bidi-font-weight: normal;\"><span style=\"font-size: 12.0pt; line-height: 115%; mso-bidi-font-family: Calibri; mso-ansi-language: CA; mso-fareast-language: ES;\" lang=\"CA\">El Ayuntamiento de L\u2019Olleria destinar\u00e1 el presupuesto del Castillo del 425\u00ba Aniversario a bolsas de comida para las familias del municipio con menos recursos<\/span><\/strong><\/p>\n<p class=\"MsoNormal\" style=\"text-align: justify;\">\n<p class=\"MsoNormal\" style=\"text-align: justify;\"><span style=\"font-size: 12.0pt; line-height: 115%; mso-bidi-font-family: Calibri; mso-ansi-language: CA; mso-fareast-language: ES;\" lang=\"CA\">El equipo de Gobierno del Ayuntamiento de L\u2019Olleria ha decidido no realizar <span style=\"mso-spacerun: yes;\">\u00a0<\/span>el Castillo de fuegos artificiales del 425\u00ba Aniversario de la declaraci\u00f3n de Vila Reial y destinar su presupuesto a bolsas de alimentos de primera necesidad y de Navidad para las familias del municipio con menos recursos. <\/span><\/p>\n<p class=\"MsoNormal\" style=\"text-align: justify;\"><span style=\"font-size: 12.0pt; line-height: 115%; mso-bidi-font-family: Calibri; mso-ansi-language: CA; mso-fareast-language: ES;\" lang=\"CA\">El alcalde de l\u2019Olleria, Jos\u00e9 Vidal comunicaba esta decisi\u00f3n y subrayaba que \u201cen estos momentos en los que muchos ciudadanos se lo est\u00e1n pasando muy mal queremos continuar apoy\u00e1ndolos y por eso hemos decidido reforzar este servicio que el Ayuntamiento, a trav\u00e9s de su concejal\u00eda de Bienestar Social, ofrece a las familias m\u00e1s necesitadas del municipio a lo largo de todo el a\u00f1o\u201d a\u00f1adiendo que \u201ccon esta decisi\u00f3n queremos contribuir a que todas estas fam\u00edlias puedan tener unas comidas y cenas dignas en estos d\u00edas de fiesta tan entra\u00f1ables como son los d\u00edas de Navidad\u201d.<\/span><\/p>\n<p class=\"MsoNormal\" style=\"text-align: justify;\"><a href=\"https:\/\/www.facebook.com\/olleria.net\"><img loading=\"lazy\" class=\"aligncenter size-full wp-image-4677\" title=\"1facebook\" src=\"http:\/\/www.portaldelolleria.es\/wp-content\/uploads\/2013\/12\/1facebook2.jpg\" alt=\"\" width=\"598\" height=\"115\" srcset=\"http:\/\/www.portaldelolleria.es\/wp-content\/uploads\/2013\/12\/1facebook2.jpg 598w, http:\/\/www.portaldelolleria.es\/wp-content\/uploads\/2013\/12\/1facebook2-300x57.jpg 300w\" sizes=\"(max-width: 598px) 100vw, 598px\" \/><\/a><\/p>\n<p>&nbsp;<\/p>\n","protected":false},"excerpt":{"rendered":"<p>&nbsp; &nbsp; El Ayuntamiento de L\u2019Olleria destinar\u00e1 el presupuesto del Castillo del 425\u00ba Aniversario a bolsas de comida para las familias del municipio con menos recursos El equipo de Gobierno del Ayuntamiento de L\u2019Olleria ha decidido no realizar \u00a0el Castillo de fuegos artificiales del 425\u00ba Aniversario de la declaraci\u00f3n de Vila Reial y destinar su [&hellip;]<\/p>\n","protected":false},"author":1,"featured_media":0,"comment_status":"closed","ping_status":"open","sticky":false,"template":"","format":"standard","meta":{"_monsterinsights_skip_tracking":false,"_monsterinsights_sitenote_active":false,"_monsterinsights_sitenote_note":"","_monsterinsights_sitenote_category":0},"categories":[3,12],"tags":[886,258,614,889,890,682,891],"_links":{"self":[{"href":"http:\/\/www.portaldelolleria.es\/index.php?rest_route=\/wp\/v2\/posts\/4676"}],"collection":[{"href":"http:\/\/www.portaldelolleria.es\/index.php?rest_route=\/wp\/v2\/posts"}],"about":[{"href":"http:\/\/www.portaldelolleria.es\/index.php?rest_route=\/wp\/v2\/types\/post"}],"author":[{"embeddable":true,"href":"http:\/\/www.portaldelolleria.es\/index.php?rest_route=\/wp\/v2\/users\/1"}],"replies":[{"embeddable":true,"href":"http:\/\/www.portaldelolleria.es\/index.php?rest_route=%2Fwp%2Fv2%2Fcomments&post=4676"}],"version-history":[{"count":2,"href":"http:\/\/www.portaldelolleria.es\/index.php?rest_route=\/wp\/v2\/posts\/4676\/revisions"}],"predecessor-version":[{"id":4680,"href":"http:\/\/www.portaldelolleria.es\/index.php?rest_route=\/wp\/v2\/posts\/4676\/revisions\/4680"}],"wp:attachment":[{"href":"http:\/\/www.portaldelolleria.es\/index.php?rest_route=%2Fwp%2Fv2%2Fmedia&parent=4676"}],"wp:term":[{"taxonomy":"category","embeddable":true,"href":"http:\/\/www.portaldelolleria.es\/index.php?rest_route=%2Fwp%2Fv2%2Fcategories&post=4676"},{"taxonomy":"post_tag","embeddable":true,"href":"http:\/\/www.portaldelolleria.es\/index.php?rest_route=%2Fwp%2Fv2%2Ftags&post=4676"}],"curies":[{"name":"wp","href":"https:\/\/api.w.org\/{rel}","templated":true}]}}