{"id":4681,"date":"2013-12-12T23:14:30","date_gmt":"2013-12-12T21:14:30","guid":{"rendered":"http:\/\/www.portaldelolleria.es\/?p=4681"},"modified":"2013-12-12T23:19:05","modified_gmt":"2013-12-12T21:19:05","slug":"este-fin-de-semana-actos-centrales-del-425%c2%ba-aniversario","status":"publish","type":"post","link":"http:\/\/www.portaldelolleria.es\/?p=4681","title":{"rendered":"Este fin de semana, actos centrales del 425\u00ba Aniversario"},"content":{"rendered":"<p>&nbsp;<\/p>\n<p><a href=\"http:\/\/www.portaldelolleria.es\/wp-content\/uploads\/2013\/12\/425-noticia.jpg\"><img loading=\"lazy\" class=\"aligncenter size-full wp-image-4685\" title=\"425 noticia\" src=\"http:\/\/www.portaldelolleria.es\/wp-content\/uploads\/2013\/12\/425-noticia.jpg\" alt=\"\" width=\"598\" height=\"398\" srcset=\"http:\/\/www.portaldelolleria.es\/wp-content\/uploads\/2013\/12\/425-noticia.jpg 598w, http:\/\/www.portaldelolleria.es\/wp-content\/uploads\/2013\/12\/425-noticia-300x199.jpg 300w\" sizes=\"(max-width: 598px) 100vw, 598px\" \/><\/a><\/p>\n<p><span id=\"result_box\" lang=\"es\"><span title=\"Este cap de setmana l'Olleria acollir\u00e0 els actes centrals de la celebraci\u00f3 del seu 425\u00e9 Aniversari de la declaraci\u00f3 de Vila Reial, una intensa programaci\u00f3 que s'iniciava dilluns passat amb un xarrada hist\u00f2ria a c\u00e0rrec d'Emili Juan i la inauguraci\u00f3 de l'\">Este fin de semana L&#8217; Oller\u00eda acoger\u00e1 los actos centrales de la celebraci\u00f3n de su 425\u00e9 Aniversario de la declaraci\u00f3n de Vila Real , una intensa programaci\u00f3n que se iniciaba el pasado lunes con un charla historia a cargo de Emili Juan y la inauguraci\u00f3n de la <\/span><span title=\"exposici\u00f3 l'Olleria Vila Reial 1588-2013.\">exposici\u00f3n l&#8217;Oller\u00eda Vila Real 1588-2013 .<\/span><\/span><\/p>\n<p><span title=\"Per a este divendres, a les set i mitja est\u00e0 prevista la inauguraci\u00f3 del Mercat Medieval que inundar\u00e0 tot el nucli antic de la localitat i en el que a m\u00e9s d'estands els visitants podran disfrutar durant tot el cap de setmana d'actuacions medievals com\">Para este viernes, a las siete y media est\u00e1 prevista la inauguraci\u00f3n del Mercado Medieval que inundar\u00e1 todo el casco antiguo de la localidad y en el que adem\u00e1s de stands los visitantes podr\u00e1n disfrutar durante todo el fin de semana de actuaciones medievales como <\/span><span title=\"a torneig de cavallers, escola de xicotets cavallers i la visita del rei Felip II al mercat entre altres\u201d.\">a torneo de caballeros , escuela de peque\u00f1os caballeros y la visita del rey Felipe II en el mercado entre otros \u00bb . <\/span><span title=\"El mercat, que estar\u00e0 al llarg de tot el cap de setmana, comptar\u00e0 igualment amb la pres\u00e8ncia d'artesans locals: fusteria, pirot\u00e8cnia, cistelleria, l'art d'embogar, decoraci\u00f3 de vidre i creaci\u00f3 de peces de vidre des del seu inici\">El mercado , que estar\u00e1 a lo largo de todo el fin de semana , contar\u00e1 igualmente con la presencia de artesanos locales : carpinter\u00eda, pirotecnia , cester\u00eda , el arte de enloquecer , decoraci\u00f3n de vidrio y creaci\u00f3n de piezas de vidrio desde su inicio <\/span><span title=\"\u201d.\">\u00bb .<\/span><\/p>\n<p><span title=\"Ja dissabte 14, s'iniciar\u00e0 amb una ruta urbana guiada per l'historiador local Jos\u00e9 Vicente Vidal que permetr\u00e0 als participants con\u00e9ixer un poc m\u00e9s la hist\u00f2ria de l'Olleria, la ruta s'iniciar\u00e0 des de la pla\u00e7a Mare de D\u00e9u de Loreto a\">Ya el s\u00e1bado 14, se iniciar\u00e1 con una ruta urbana guiada por el historiador local Jos\u00e9 Vicente Vidal que permitir\u00e1 a los participantes conocer un poco m\u00e1s la historia de la Olleria , la ruta se iniciar\u00e1 desde la plaza Virgen de Loreto a <\/span><span title=\"les deu i mitja del mat\u00ed ia les 12 del mig dia en el front\u00f3 del poliesportiu municipal es disputar\u00e0 un encontre entre les parelles formades per Sarasol I i Fageca contra Le\u00f3n i Santi II.\">las diez y media de la ma\u00f1ana ya las 12 del medio d\u00eda en el front\u00f3n del polideportivo municipal se disputar\u00e1 un encuentro entre las parejas formadas por Sarasol I y Fageca contra Le\u00f3n y Santi II . <\/span><span title=\"\u201cI per a reposar forces a les dos i mitja de la vesprada en el parc Beat Pare Ferreres s'ha organitzat una paella gegant, els tiquets, que es poden adquirir en l'Ajuntament, en la biblioteca, en el mercat i en centre\">\u00bb Y para reponer fuerzas a las dos y media de la tarde en el parque Beat Pare Ferreres ha organizado una paella gigante , los tickets , que se pueden adquirir en el Ayuntamiento , en la biblioteca , en el mercado y en el centro <\/span><span title=\"social, tenen un preu de dos euros i mig i inclou la paella, la beguda i la picaeta, els menors de 10 anys no paguen sempre vagen acompanyats almenys per un adult ia m\u00e9s, hauran jocs infantils des de les dotze del mig dia\u201d.\">social , tienen un precio de dos euros y medio e incluye la paella, la bebida y la picaeta , los menores de 10 a\u00f1os no pagan siempre vayan acompa\u00f1ados al menos por un adulto y adem\u00e1s, deber\u00e1n juegos infantiles desde las doce del medio d\u00eda \u00bb . <\/span><span title=\"Un gran dia de festa que continuar\u00e0 a la vesprada, a les sis, amb una cavalcada c\u00edvica que recorrer\u00e0 l'avinguda Jaume I fins a la pla\u00e7a de la Vila i en la que participen el Grup de Danses El Revol, Grup de xirimiters i tabaleters\">Un gran d\u00eda de fiesta que continuar\u00e1 por la tarde , a las seis , con una cabalgada c\u00edvica que recorrer\u00e1 la avenida Jaume I hasta la plaza de la Vila y en la que participan el Grupo de Danzas El Revol , Grupo de xirimiters y tabaleteros <\/span><span title=\"la Morralla, la Banda de Tambors i Cornetes del Sant\u00edssim Crist de la Palma de l'Olleria, els balls de Sara Monz\u00f3, la Junta Central de Moros i Cristians, l'Associaci\u00f3 d'Amics del Cavall i la Societat Escola Musical Sta.\">la Morralla , la Banda de Tambores y Cornetas del Sant\u00edsimo Cristo de la Palma de l&#8217;Olleria , los bailes de Sara Monz\u00f3 , la Junta Central de Moros y Cristianos , la Asociaci\u00f3n de Amigos del Caballo y la Sociedad Escuela Musical Sta . <\/span><span title=\"Cecilia de l'Olleria.\">Cecilia de l&#8217;Olleria . <\/span><span title=\"I a les dotze de la nit hi haur\u00e0 una revetla popular a c\u00e0rrec del grup local The Fartons.\">Y a las doce de la noche habr\u00e1 una verbena popular a cargo del grupo local The Fartons .<\/span><\/p>\n<p><span title=\"El diumenge 15 se celebrar\u00e0 un acte institucional a les onze del mat\u00ed en la Casa Santonja-Palau dels Marau per a despr\u00e9s procedir a visitar el Mercat Medieval i disfrutar amb un corre traca en qu\u00e8 col\u00b7laboren els membres de l'Associaci\u00f3 d'Amics\">El domingo 15 se celebrar\u00e1 un acto institucional a las once de la ma\u00f1ana en la Casa Santonja &#8211; Palau de Marau para luego proceder a visitar el Mercado Medieval y disfrutar con un corre traca en el que colaboran los miembros de la Asociaci\u00f3n de Amigos <\/span><span title=\"de la Cord\u00e0 de Gl\u00f2ria de l'Olleria.\">de la Cord\u00e0 de Gloria de la Olleria .<\/span><\/p>\n<p><span title=\"I finalment, el dilluns 16 hi haur\u00e0 volteig de campanes al llarg de tot el dia ia les set i mitja de la vesprada en l'Esgl\u00e9sia Santa Maria Magdalena de la localitat una solemne missa cantada pel cor parroquial i presidida per D.\">Y finalmente, el lunes 16 habr\u00e1 volteo de campanas a lo largo de todo el d\u00eda ya las siete y media de la tarde en la Iglesia Santa Mar\u00eda Magdalena de la localidad una solemne misa cantada por el coro parroquial y presidida por D. <\/span><span title=\"Miguel Navarro Sorn\u00ed.\">Miguel Navarro Sorn\u00ed .<\/span><\/p>\n<p><em>fuente: prensa Ajuntament<\/em><\/p>\n<p style=\"text-align: justify;\"><img loading=\"lazy\" class=\"aligncenter size-full wp-image-4683\" title=\"425medioval\" src=\"http:\/\/www.portaldelolleria.es\/wp-content\/uploads\/2013\/12\/425medioval2.jpg\" alt=\"\" width=\"598\" height=\"846\" srcset=\"http:\/\/www.portaldelolleria.es\/wp-content\/uploads\/2013\/12\/425medioval2.jpg 598w, http:\/\/www.portaldelolleria.es\/wp-content\/uploads\/2013\/12\/425medioval2-212x300.jpg 212w\" sizes=\"(max-width: 598px) 100vw, 598px\" \/><\/p>\n<p style=\"text-align: justify;\"><a href=\"https:\/\/www.facebook.com\/olleria.net\"><img loading=\"lazy\" class=\"aligncenter size-full wp-image-4682\" title=\"1facebook\" src=\"http:\/\/www.portaldelolleria.es\/wp-content\/uploads\/2013\/12\/1facebook3.jpg\" alt=\"\" width=\"598\" height=\"115\" srcset=\"http:\/\/www.portaldelolleria.es\/wp-content\/uploads\/2013\/12\/1facebook3.jpg 598w, http:\/\/www.portaldelolleria.es\/wp-content\/uploads\/2013\/12\/1facebook3-300x57.jpg 300w\" sizes=\"(max-width: 598px) 100vw, 598px\" \/><\/a><\/p>\n","protected":false},"excerpt":{"rendered":"<p>&nbsp; Este fin de semana L&#8217; Oller\u00eda acoger\u00e1 los actos centrales de la celebraci\u00f3n de su 425\u00e9 Aniversario de la declaraci\u00f3n de Vila Real , una intensa programaci\u00f3n que se iniciaba el pasado lunes con un charla historia a cargo de Emili Juan y la inauguraci\u00f3n de la exposici\u00f3n l&#8217;Oller\u00eda Vila Real 1588-2013 . Para [&hellip;]<\/p>\n","protected":false},"author":1,"featured_media":0,"comment_status":"closed","ping_status":"open","sticky":false,"template":"","format":"standard","meta":{"_monsterinsights_skip_tracking":false,"_monsterinsights_sitenote_active":false,"_monsterinsights_sitenote_note":"","_monsterinsights_sitenote_category":0},"categories":[16,12],"tags":[886,258,892,20],"_links":{"self":[{"href":"http:\/\/www.portaldelolleria.es\/index.php?rest_route=\/wp\/v2\/posts\/4681"}],"collection":[{"href":"http:\/\/www.portaldelolleria.es\/index.php?rest_route=\/wp\/v2\/posts"}],"about":[{"href":"http:\/\/www.portaldelolleria.es\/index.php?rest_route=\/wp\/v2\/types\/post"}],"author":[{"embeddable":true,"href":"http:\/\/www.portaldelolleria.es\/index.php?rest_route=\/wp\/v2\/users\/1"}],"replies":[{"embeddable":true,"href":"http:\/\/www.portaldelolleria.es\/index.php?rest_route=%2Fwp%2Fv2%2Fcomments&post=4681"}],"version-history":[{"count":2,"href":"http:\/\/www.portaldelolleria.es\/index.php?rest_route=\/wp\/v2\/posts\/4681\/revisions"}],"predecessor-version":[{"id":4687,"href":"http:\/\/www.portaldelolleria.es\/index.php?rest_route=\/wp\/v2\/posts\/4681\/revisions\/4687"}],"wp:attachment":[{"href":"http:\/\/www.portaldelolleria.es\/index.php?rest_route=%2Fwp%2Fv2%2Fmedia&parent=4681"}],"wp:term":[{"taxonomy":"category","embeddable":true,"href":"http:\/\/www.portaldelolleria.es\/index.php?rest_route=%2Fwp%2Fv2%2Fcategories&post=4681"},{"taxonomy":"post_tag","embeddable":true,"href":"http:\/\/www.portaldelolleria.es\/index.php?rest_route=%2Fwp%2Fv2%2Ftags&post=4681"}],"curies":[{"name":"wp","href":"https:\/\/api.w.org\/{rel}","templated":true}]}}