{"id":4737,"date":"2013-12-19T13:59:02","date_gmt":"2013-12-19T11:59:02","guid":{"rendered":"http:\/\/www.portaldelolleria.es\/?p=4737"},"modified":"2013-12-19T13:59:02","modified_gmt":"2013-12-19T11:59:02","slug":"biblioteca-dani-miquel-a-nadal-un-pas-de-pardal","status":"publish","type":"post","link":"http:\/\/www.portaldelolleria.es\/?p=4737","title":{"rendered":"Biblioteca: Dani Miquel \u00abA Nadal, un pas de pardal\u00bb"},"content":{"rendered":"<p>&nbsp;<\/p>\n<p><img loading=\"lazy\" class=\"aligncenter size-full wp-image-4740\" title=\"danimiquel1\" src=\"http:\/\/www.portaldelolleria.es\/wp-content\/uploads\/2013\/12\/danimiquel1.jpg\" alt=\"\" width=\"598\" height=\"398\" srcset=\"http:\/\/www.portaldelolleria.es\/wp-content\/uploads\/2013\/12\/danimiquel1.jpg 598w, http:\/\/www.portaldelolleria.es\/wp-content\/uploads\/2013\/12\/danimiquel1-300x199.jpg 300w\" sizes=\"(max-width: 598px) 100vw, 598px\" \/><\/p>\n<p>&nbsp;<\/p>\n<p><span id=\"result_box\" lang=\"es\"><span class=\"hps\">Lunes 23<\/span> <span class=\"hps\">a<\/span> <span class=\"hps\">las 11.00h<\/span> <span class=\"hps\">En la biblioteca<\/span> <span class=\"hps\">tendr\u00e1 lugar\u00a0<\/span> <span class=\"hps\">la presentaci\u00f3n del libro<\/span><span class=\"atn\">&#8211;<\/span><span>disco<\/span> <span class=\"hps\">de<\/span> <span class=\"hps\">Dani<\/span> <span class=\"hps\">Miquel<\/span> <span class=\"hps atn\">\u00ab<\/span><span>A Nadal<\/span><span>,<\/span> <span class=\"hps\">un pas de pardal<\/span><span>\u00ab<\/span><span>.<\/span> <span class=\"hps\">Tambi\u00e9n se realizar\u00e1<\/span> <span class=\"hps\">una<\/span> <span class=\"hps\">exposici\u00f3n<\/span> <span class=\"hps\">de<\/span> <span class=\"hps\">libros<\/span> <span class=\"hps\">de<\/span> <span class=\"hps\">Andana<\/span> <span class=\"hps\">Editorial<\/span><span>.<\/span><br \/>\n<span class=\"hps\">Importante<\/span><span>!<\/span> <span class=\"hps\">Si<\/span> <span class=\"hps\">Pap\u00e1 Noel<\/span> <span class=\"hps\">o los Reyes<\/span> <span class=\"hps\">Magos<\/span> <span class=\"hps\">piensan<\/span> <span class=\"hps\">regalar un<\/span> <span class=\"hps\">libro<\/span><span>,<\/span> <span class=\"hps\">tienen una buena<\/span> <span class=\"hps\">e interesante oportunidad<\/span> <span class=\"hps\">para elegir.<\/span><\/span><\/p>\n<p>&nbsp;<\/p>\n<p><img loading=\"lazy\" class=\"aligncenter size-full wp-image-4739\" title=\"danimiquel2\" src=\"http:\/\/www.portaldelolleria.es\/wp-content\/uploads\/2013\/12\/danimiquel2.jpg\" alt=\"\" width=\"598\" height=\"400\" srcset=\"http:\/\/www.portaldelolleria.es\/wp-content\/uploads\/2013\/12\/danimiquel2.jpg 598w, http:\/\/www.portaldelolleria.es\/wp-content\/uploads\/2013\/12\/danimiquel2-300x200.jpg 300w\" sizes=\"(max-width: 598px) 100vw, 598px\" \/><\/p>\n<p><iframe loading=\"lazy\" src=\"\/\/www.youtube.com\/embed\/D_pe75h-2l4\" frameborder=\"0\" width=\"598\" height=\"336\"><\/iframe><\/p>\n<p><a href=\"https:\/\/www.facebook.com\/olleria.net\"><img loading=\"lazy\" class=\"aligncenter size-full wp-image-4738\" title=\"1facebook\" src=\"http:\/\/www.portaldelolleria.es\/wp-content\/uploads\/2013\/12\/1facebook9.jpg\" alt=\"\" width=\"598\" height=\"115\" srcset=\"http:\/\/www.portaldelolleria.es\/wp-content\/uploads\/2013\/12\/1facebook9.jpg 598w, http:\/\/www.portaldelolleria.es\/wp-content\/uploads\/2013\/12\/1facebook9-300x57.jpg 300w\" sizes=\"(max-width: 598px) 100vw, 598px\" \/><\/a><\/p>\n","protected":false},"excerpt":{"rendered":"<p>&nbsp; &nbsp; Lunes 23 a las 11.00h En la biblioteca tendr\u00e1 lugar\u00a0 la presentaci\u00f3n del libro&#8211;disco de Dani Miquel \u00abA Nadal, un pas de pardal\u00ab. Tambi\u00e9n se realizar\u00e1 una exposici\u00f3n de libros de Andana Editorial. Importante! Si Pap\u00e1 Noel o los Reyes Magos piensan regalar un libro, tienen una buena e interesante oportunidad para elegir. [&hellip;]<\/p>\n","protected":false},"author":1,"featured_media":0,"comment_status":"closed","ping_status":"open","sticky":false,"template":"","format":"standard","meta":{"_monsterinsights_skip_tracking":false,"_monsterinsights_sitenote_active":false,"_monsterinsights_sitenote_note":"","_monsterinsights_sitenote_category":0},"categories":[16,12],"tags":[41,901,20,478,903,902],"_links":{"self":[{"href":"http:\/\/www.portaldelolleria.es\/index.php?rest_route=\/wp\/v2\/posts\/4737"}],"collection":[{"href":"http:\/\/www.portaldelolleria.es\/index.php?rest_route=\/wp\/v2\/posts"}],"about":[{"href":"http:\/\/www.portaldelolleria.es\/index.php?rest_route=\/wp\/v2\/types\/post"}],"author":[{"embeddable":true,"href":"http:\/\/www.portaldelolleria.es\/index.php?rest_route=\/wp\/v2\/users\/1"}],"replies":[{"embeddable":true,"href":"http:\/\/www.portaldelolleria.es\/index.php?rest_route=%2Fwp%2Fv2%2Fcomments&post=4737"}],"version-history":[{"count":1,"href":"http:\/\/www.portaldelolleria.es\/index.php?rest_route=\/wp\/v2\/posts\/4737\/revisions"}],"predecessor-version":[{"id":4741,"href":"http:\/\/www.portaldelolleria.es\/index.php?rest_route=\/wp\/v2\/posts\/4737\/revisions\/4741"}],"wp:attachment":[{"href":"http:\/\/www.portaldelolleria.es\/index.php?rest_route=%2Fwp%2Fv2%2Fmedia&parent=4737"}],"wp:term":[{"taxonomy":"category","embeddable":true,"href":"http:\/\/www.portaldelolleria.es\/index.php?rest_route=%2Fwp%2Fv2%2Fcategories&post=4737"},{"taxonomy":"post_tag","embeddable":true,"href":"http:\/\/www.portaldelolleria.es\/index.php?rest_route=%2Fwp%2Fv2%2Ftags&post=4737"}],"curies":[{"name":"wp","href":"https:\/\/api.w.org\/{rel}","templated":true}]}}