{"id":4761,"date":"2013-12-20T22:10:04","date_gmt":"2013-12-20T20:10:04","guid":{"rendered":"http:\/\/www.portaldelolleria.es\/?p=4761"},"modified":"2013-12-20T22:20:45","modified_gmt":"2013-12-20T20:20:45","slug":"concierto-de-villancicos-del-coro-de-la-sem-sta-cecilia-de-lolleria","status":"publish","type":"post","link":"http:\/\/www.portaldelolleria.es\/?p=4761","title":{"rendered":"Concierto de Villancicos del Coro de la SEM Sta Cecilia de L&#8217;Olleria"},"content":{"rendered":"<p><img loading=\"lazy\" class=\"aligncenter size-full wp-image-4765\" title=\"corostacecilia\" src=\"http:\/\/www.portaldelolleria.es\/wp-content\/uploads\/2013\/12\/corostacecilia1.jpg\" alt=\"\" width=\"598\" height=\"398\" srcset=\"http:\/\/www.portaldelolleria.es\/wp-content\/uploads\/2013\/12\/corostacecilia1.jpg 598w, http:\/\/www.portaldelolleria.es\/wp-content\/uploads\/2013\/12\/corostacecilia1-300x199.jpg 300w\" sizes=\"(max-width: 598px) 100vw, 598px\" \/><\/p>\n<p>&nbsp;<\/p>\n<p>Concierto de Villancicos a cargo del Coro de la SEM Santa Cec\u00edlia de L&#8217;Olleria.\u00a0 22 de Diciembre a las 19:00h en la Iglesa Santa Mar\u00eda Magdalena. Dirige Alejandro Briz Company.<\/p>\n<p>Adem\u00e1s de lo que se presume ser\u00e1 una brillante actuaci\u00f3n del Coro en un escenario incomparable, el s\u00e1bado 21 a las 11 de la ma\u00f1ana, estar\u00e1n en la Residencia Solimar de l&#8217;Olleria, donde han sido invitados para ofrecer un concierto.<\/p>\n<p>&nbsp;<\/p>\n<p style=\"text-align: center;\">PROGRAMA<\/p>\n<p><img loading=\"lazy\" class=\"aligncenter size-full wp-image-4762\" title=\"corostacecilia2\" src=\"http:\/\/www.portaldelolleria.es\/wp-content\/uploads\/2013\/12\/corostacecilia2.jpg\" alt=\"\" width=\"598\" height=\"1181\" srcset=\"http:\/\/www.portaldelolleria.es\/wp-content\/uploads\/2013\/12\/corostacecilia2.jpg 598w, http:\/\/www.portaldelolleria.es\/wp-content\/uploads\/2013\/12\/corostacecilia2-518x1024.jpg 518w\" sizes=\"(max-width: 598px) 100vw, 598px\" \/><\/p>\n<p>&nbsp;<\/p>\n<p>&nbsp;<\/p>\n","protected":false},"excerpt":{"rendered":"<p>&nbsp; Concierto de Villancicos a cargo del Coro de la SEM Santa Cec\u00edlia de L&#8217;Olleria.\u00a0 22 de Diciembre a las 19:00h en la Iglesa Santa Mar\u00eda Magdalena. Dirige Alejandro Briz Company. Adem\u00e1s de lo que se presume ser\u00e1 una brillante actuaci\u00f3n del Coro en un escenario incomparable, el s\u00e1bado 21 a las 11 de la [&hellip;]<\/p>\n","protected":false},"author":1,"featured_media":0,"comment_status":"closed","ping_status":"open","sticky":false,"template":"","format":"standard","meta":{"_monsterinsights_skip_tracking":false,"_monsterinsights_sitenote_active":false,"_monsterinsights_sitenote_note":"","_monsterinsights_sitenote_category":0},"categories":[16,12],"tags":[904,905,20,906,444],"_links":{"self":[{"href":"http:\/\/www.portaldelolleria.es\/index.php?rest_route=\/wp\/v2\/posts\/4761"}],"collection":[{"href":"http:\/\/www.portaldelolleria.es\/index.php?rest_route=\/wp\/v2\/posts"}],"about":[{"href":"http:\/\/www.portaldelolleria.es\/index.php?rest_route=\/wp\/v2\/types\/post"}],"author":[{"embeddable":true,"href":"http:\/\/www.portaldelolleria.es\/index.php?rest_route=\/wp\/v2\/users\/1"}],"replies":[{"embeddable":true,"href":"http:\/\/www.portaldelolleria.es\/index.php?rest_route=%2Fwp%2Fv2%2Fcomments&post=4761"}],"version-history":[{"count":4,"href":"http:\/\/www.portaldelolleria.es\/index.php?rest_route=\/wp\/v2\/posts\/4761\/revisions"}],"predecessor-version":[{"id":4767,"href":"http:\/\/www.portaldelolleria.es\/index.php?rest_route=\/wp\/v2\/posts\/4761\/revisions\/4767"}],"wp:attachment":[{"href":"http:\/\/www.portaldelolleria.es\/index.php?rest_route=%2Fwp%2Fv2%2Fmedia&parent=4761"}],"wp:term":[{"taxonomy":"category","embeddable":true,"href":"http:\/\/www.portaldelolleria.es\/index.php?rest_route=%2Fwp%2Fv2%2Fcategories&post=4761"},{"taxonomy":"post_tag","embeddable":true,"href":"http:\/\/www.portaldelolleria.es\/index.php?rest_route=%2Fwp%2Fv2%2Ftags&post=4761"}],"curies":[{"name":"wp","href":"https:\/\/api.w.org\/{rel}","templated":true}]}}