{"id":4795,"date":"2013-12-27T11:08:45","date_gmt":"2013-12-27T09:08:45","guid":{"rendered":"http:\/\/www.portaldelolleria.es\/?p=4795"},"modified":"2013-12-27T11:08:45","modified_gmt":"2013-12-27T09:08:45","slug":"la-diputacion-de-valencia-concedera-40-becas-formativas-en-europa","status":"publish","type":"post","link":"http:\/\/www.portaldelolleria.es\/?p=4795","title":{"rendered":"La Diputaci\u00f3n de Valencia conceder\u00e1 40 becas formativas en Europa"},"content":{"rendered":"<p><a href=\"http:\/\/www.portaldelolleria.es\/wp-content\/uploads\/2013\/12\/eurobecas1.jpg\"><img loading=\"lazy\" class=\"aligncenter size-full wp-image-4798\" title=\"eurobecas1\" src=\"http:\/\/www.portaldelolleria.es\/wp-content\/uploads\/2013\/12\/eurobecas1.jpg\" alt=\"\" width=\"598\" height=\"398\" srcset=\"http:\/\/www.portaldelolleria.es\/wp-content\/uploads\/2013\/12\/eurobecas1.jpg 598w, http:\/\/www.portaldelolleria.es\/wp-content\/uploads\/2013\/12\/eurobecas1-300x199.jpg 300w\" sizes=\"(max-width: 598px) 100vw, 598px\" \/><\/a><\/p>\n<p><strong>El presidente de la Diputaci\u00f3n de Valencia, Alfonso Rus, ha presentado hoy las nuevas becas formativas en instituciones p\u00fablicas y entidades privadas de Europa que ha impulsado la corporaci\u00f3n provincial con el fin de \u201cdar salidas e incentivar a los j\u00f3venes que acaban sus estudios, con la formaci\u00f3n activa, pr\u00e1ctica y directa que despu\u00e9s les permitir\u00e1 encontrar un puesto de trabajo\u201d.<\/strong><\/p>\n<p>La Diputaci\u00f3n siempre ha apostado fuerte por los j\u00f3venes y ahora ha buscado una nueva l\u00ednea de apoyo para \u00e9stos \u2018extraordinaria\u2019, importante por su \u00e1mbito y su dotaci\u00f3n econ\u00f3mica, y por eso valorar\u00e1 especialmente el expediente acad\u00e9mico de los candidatos y su curr\u00edculum, pero tambi\u00e9n su situaci\u00f3n econ\u00f3mica familiar, para garantizar la igualdad de oportunidades independientemente de su situaci\u00f3n econ\u00f3mica y escoger a los mejores\u201d, ha explicado Rus.<\/p>\n<p>\u201cAdem\u00e1s, lo que la corporaci\u00f3n invierta en formaci\u00f3n de nuestros j\u00f3venes al final retornar\u00e1 en beneficio a la provincia, a trav\u00e9s de su trabajo en nuestras instituciones y empresas\u201d, ha agregado.<\/p>\n<p>Alfonso Rus ha indicado tambi\u00e9n que la corporaci\u00f3n ha solicitado a la UE una subvenci\u00f3n en este \u00e1mbito que, de resolverse favorablemente, \u201csupondr\u00eda un retorno del 80% de los 328.000 euros de inversi\u00f3n realizada, lo que nos permitir\u00eda duplicar el n\u00famero de plazas el pr\u00f3ximo a\u00f1o\u201d.<br \/>\nUna beca \u201cpotente\u201dEl responsable provincial ha estado acompa\u00f1ado por el diputado de la Central de Compras de la instituci\u00f3n, Vicente Ibor, como responsable del departamento que gestionar\u00e1 la l\u00ednea de ayudas \u201cLa Dipu te Eurobeca\u201d.\u201c\u2018La Dipu te Eurobeca\u2019 ofertar\u00e1 40 becas para j\u00f3venes postgraduados menores de 30 a\u00f1os empadronados en la provincia de Valencia, con una preparaci\u00f3n acad\u00e9mica importante y m\u00e9ritos suficientes para completar su formaci\u00f3n en instituciones y entidades de toda Europa\u201d, ha anunciado Ibor, por su parte.<\/p>\n<p>El diputado ha destacado que \u201cse trata de una de las becas m\u00e1s potentes de la Uni\u00f3n Europea para j\u00f3venes, puesto que tendr\u00e1n una duraci\u00f3n de cinco meses y una dotaci\u00f3n de 1.500 euros al mes, pero tambi\u00e9n es una beca de alto rendimiento, que busca la excelencia, por eso se rige por un riguroso proceso de valoraci\u00f3n y selecci\u00f3n de candidatos\u201d.<\/p>\n<p>Valoraci\u00f3n de candidatos y destinos<\/p>\n<p>La becas incluir\u00e1n, adem\u00e1s, una ayuda de hasta 500 euros por becario para gastos de desplazamiento.<\/p>\n<p>El solicitante podr\u00e1 optar a hasta tres destinos concretos, siempre que cumpla con los requisitos de conocimiento exigidos por el organismo de destino. Esta edici\u00f3n incluye 39 destinos en Bruselas y 1 en Luxemburgo.<\/p>\n<p>Las titulaciones con las que aspirar a las becas son muy diversas. Desde titulados en Ciencias Pol\u00edticas, Administraci\u00f3n de Empresas o Periodismo a titulados en Derecho, Artes, Gesti\u00f3n de Proyectos o Econ\u00f3micas, al igual que sucede con los destinos ofertados (c\u00e1maras de comercio, asociaciones sin \u00e1nimo de lucro y universidades, entre otros).<\/p>\n<p>En cuanto a la selecci\u00f3n de candidatos, en el proceso se valorar\u00e1 especialmente la capacidad acad\u00e9mica demostrada por el solicitante (hasta 30 puntos) y su situaci\u00f3n econ\u00f3mica (hasta 15 puntos), adem\u00e1s de los m\u00e1sters cursados (hasta 20 puntos), otros grados (hasta 15 puntos), idiomas comunitarios (hasta 12 puntos), la entrevista personal (hasta 5 puntos) y la experiencia europea (hasta 3 puntos), del total de 100 puntos del baremo establecido.<\/p>\n<p>La Diputaci\u00f3n de Valencia constituir\u00e1 una comisi\u00f3n de valoraci\u00f3n para realizar una selecci\u00f3n objetiva y profesional de los aspirantes. El posible organismo de destino participar\u00e1 en la realizaci\u00f3n de la entrevista personal al candidato mediante videoconferencia, con el fin de contar con su valoraci\u00f3n en la puntuaci\u00f3n final del mismo.<br \/>\nLos interesados podr\u00e1n tramitar sus solicitudes a partir del pr\u00f3ximo 23 de diciembre, fecha de publicaci\u00f3n de la convocatoria en el Bolet\u00edn Oficial de la Provincia (BOP) y hasta el 22 de enero de 2014.<\/p>\n<p><a href=\"http:\/\/www.portaldelolleria.es\/wp-content\/uploads\/2013\/12\/eurobecas2.jpg\"><img loading=\"lazy\" class=\"aligncenter size-full wp-image-4796\" title=\"eurobecas2\" src=\"http:\/\/www.portaldelolleria.es\/wp-content\/uploads\/2013\/12\/eurobecas2.jpg\" alt=\"\" width=\"470\" height=\"625\" srcset=\"http:\/\/www.portaldelolleria.es\/wp-content\/uploads\/2013\/12\/eurobecas2.jpg 470w, http:\/\/www.portaldelolleria.es\/wp-content\/uploads\/2013\/12\/eurobecas2-225x300.jpg 225w\" sizes=\"(max-width: 470px) 100vw, 470px\" \/><\/a><\/p>\n<p>Otras ayudas para j\u00f3venes<\/p>\n<p>La Diputaci\u00f3n de Valencia ha mantenido en los \u00faltimos a\u00f1os una diversificada l\u00ednea de ayudas a los j\u00f3venes a trav\u00e9s de todas sus \u00e1reas de gesti\u00f3n, que ha beneficiado, entre otros, a un total de 16.328 j\u00f3venes estudiantes desde la puesta en marcha en 2009 del certamen \u201cLa Dipu te Beca\u201d hasta hoy, a 152 j\u00f3venes licenciados en paro y a 1.987 alumnos en pr\u00e1cticas de 2009 a 2013 gracias a los convenios de colaboraci\u00f3n que mantiene la corporaci\u00f3n con las distintas universidades valencianas para realizar pr\u00e1cticas en los municipios de la provincia<\/p>\n<p>descargar documentaci\u00f3n <a href=\"http:\/\/www.portaldelolleria.es\/pdfs\/drvisapi.pdf\" target=\"_blank\">aqu\u00ed<\/a>. M\u00e1s informaci\u00f3n oficina ADL Ajuntament L&#8217;Olleria<\/p>\n<p><em>Fuente: Diputaci\u00f3n de Valencia, Oficina ADL Ajuntament de L&#8217;Olleria<\/em><\/p>\n<p><a href=\"https:\/\/www.facebook.com\/olleria.net\"><img loading=\"lazy\" class=\"aligncenter size-full wp-image-4797\" title=\"1facebook\" src=\"http:\/\/www.portaldelolleria.es\/wp-content\/uploads\/2013\/12\/1facebook14.jpg\" alt=\"\" width=\"598\" height=\"115\" srcset=\"http:\/\/www.portaldelolleria.es\/wp-content\/uploads\/2013\/12\/1facebook14.jpg 598w, http:\/\/www.portaldelolleria.es\/wp-content\/uploads\/2013\/12\/1facebook14-300x57.jpg 300w\" sizes=\"(max-width: 598px) 100vw, 598px\" \/><\/a><\/p>\n","protected":false},"excerpt":{"rendered":"<p>El presidente de la Diputaci\u00f3n de Valencia, Alfonso Rus, ha presentado hoy las nuevas becas formativas en instituciones p\u00fablicas y entidades privadas de Europa que ha impulsado la corporaci\u00f3n provincial con el fin de \u201cdar salidas e incentivar a los j\u00f3venes que acaban sus estudios, con la formaci\u00f3n activa, pr\u00e1ctica y directa que despu\u00e9s les [&hellip;]<\/p>\n","protected":false},"author":1,"featured_media":0,"comment_status":"closed","ping_status":"open","sticky":false,"template":"","format":"standard","meta":{"_monsterinsights_skip_tracking":false,"_monsterinsights_sitenote_active":false,"_monsterinsights_sitenote_note":"","_monsterinsights_sitenote_category":0},"categories":[11,12],"tags":[160,907,20,23],"_links":{"self":[{"href":"http:\/\/www.portaldelolleria.es\/index.php?rest_route=\/wp\/v2\/posts\/4795"}],"collection":[{"href":"http:\/\/www.portaldelolleria.es\/index.php?rest_route=\/wp\/v2\/posts"}],"about":[{"href":"http:\/\/www.portaldelolleria.es\/index.php?rest_route=\/wp\/v2\/types\/post"}],"author":[{"embeddable":true,"href":"http:\/\/www.portaldelolleria.es\/index.php?rest_route=\/wp\/v2\/users\/1"}],"replies":[{"embeddable":true,"href":"http:\/\/www.portaldelolleria.es\/index.php?rest_route=%2Fwp%2Fv2%2Fcomments&post=4795"}],"version-history":[{"count":1,"href":"http:\/\/www.portaldelolleria.es\/index.php?rest_route=\/wp\/v2\/posts\/4795\/revisions"}],"predecessor-version":[{"id":4799,"href":"http:\/\/www.portaldelolleria.es\/index.php?rest_route=\/wp\/v2\/posts\/4795\/revisions\/4799"}],"wp:attachment":[{"href":"http:\/\/www.portaldelolleria.es\/index.php?rest_route=%2Fwp%2Fv2%2Fmedia&parent=4795"}],"wp:term":[{"taxonomy":"category","embeddable":true,"href":"http:\/\/www.portaldelolleria.es\/index.php?rest_route=%2Fwp%2Fv2%2Fcategories&post=4795"},{"taxonomy":"post_tag","embeddable":true,"href":"http:\/\/www.portaldelolleria.es\/index.php?rest_route=%2Fwp%2Fv2%2Ftags&post=4795"}],"curies":[{"name":"wp","href":"https:\/\/api.w.org\/{rel}","templated":true}]}}