{"id":4909,"date":"2014-01-07T14:26:58","date_gmt":"2014-01-07T12:26:58","guid":{"rendered":"http:\/\/www.portaldelolleria.es\/?p=4909"},"modified":"2014-01-07T20:46:10","modified_gmt":"2014-01-07T18:46:10","slug":"se-organizara-un-rastro-en-lolleria-cada-segundo-domingo-de-mes","status":"publish","type":"post","link":"http:\/\/www.portaldelolleria.es\/?p=4909","title":{"rendered":"Se organizar\u00e1 un rastro en L&#8217;Olleria  cada segundo domingo de mes"},"content":{"rendered":"<p><img loading=\"lazy\" class=\"aligncenter size-full wp-image-4914\" title=\"rastro\" src=\"http:\/\/www.portaldelolleria.es\/wp-content\/uploads\/2014\/01\/rastro1.jpg\" alt=\"\" width=\"598\" height=\"398\" srcset=\"http:\/\/www.portaldelolleria.es\/wp-content\/uploads\/2014\/01\/rastro1.jpg 598w, http:\/\/www.portaldelolleria.es\/wp-content\/uploads\/2014\/01\/rastro1-300x199.jpg 300w\" sizes=\"(max-width: 598px) 100vw, 598px\" \/><\/p>\n<p>&nbsp;<\/p>\n<p><span id=\"result_box\" lang=\"es\"><span title=\"L'Olleria acollir\u00e0 un rastre cada segon diumenge de mes, aix\u00ed ho han anunciat este mat\u00ed el regidor de Promoci\u00f3 Econ\u00f2mica i Ocupaci\u00f3, Jes\u00fas Engo.\">L&#8217;Olleria acoger\u00e1 un rastro cada segundo domingo de mes , as\u00ed lo han anunciado esta ma\u00f1ana el concejal de Promoci\u00f3n Econ\u00f3mica y Empleo , Jes\u00fas Engo .<\/p>\n<p><\/span><span title=\"El primer rastre ser\u00e0 este diumenge 12 de gener de nou del mat\u00ed a dos de la vesprada en el parc Beat pare Ferreres i en ell, tal com ha explicat en la presentaci\u00f3n, \u201ces podran trobar productes de segona m\u00e0 com: Antiguitats, productes d\">El primer rastro ser\u00e1 este domingo 12 de enero de la ma\u00f1ana a dos de la tarde en el parque Beat padre Ferreres y en \u00e9l , tal y como ha explicado en la presentaci\u00f3n , \u00abse podr\u00e1n encontrar productos de segunda mano como : Antig\u00fcedades , productos de <\/span><span title=\"'ornamentaci\u00f3, quadres, decoraci\u00f3 i dom\u00e8stics, productes d'artesania, mobles i aparells, roba o articles de col\u00b7lecci\u00f3 entre altres.\">ornamentaci\u00f3n , cuadros , decoraci\u00f3n y dom\u00e9sticos , productos de artesan\u00eda , muebles y aparatos , ropa o art\u00edculos de colecci\u00f3n entre otros .<\/p>\n<p><\/span><span title=\"El regidor de Promoci\u00f3 Econ\u00f2mica i Ocupaci\u00f3, ha subratllat que \u201cesta iniciativa \u00e9s fruit d'una proposta popular i que t\u00e9 com a principal objectiu oferir un lloc en qu\u00e8 tant particulars com empreses puguen vendre articles de segona m\u00e0, d'esta manera es beneficia\">El concejal de Promoci\u00f3n Econ\u00f3mica y Empleo , ha subrayado que \u00abesta iniciativa es fruto de una propuesta popular y que tiene como principal objetivo ofrecer un lugar en el que tanto particulares como empresas puedan vender art\u00edculos de segunda mano , de esta manera se beneficia <\/span><span title=\"el venedor perqu\u00e8 li reporta uns ingressos econ\u00f2mics extra i el comprador que pot adquirir productes a un preu m\u00e9s assequible\u201d.\">el vendedor para que le reporta unos ingresos econ\u00f3micos extra y el comprador que puede adquirir productos a un precio m\u00e1s asequible \u00bb .<\/p>\n<p><\/span><span title=\"\u201cEls interessats poden trobar tota la informaci\u00f3 en l'ordenan\u00e7a del rastre que es troba en la p\u00e0gina web de l'Ajuntament o b\u00e9 pot cridar directament a l'oficina de l'ADL de l'Ajuntament on s'informar\u00e0 de com poder vendre\">\u00bb Los interesados \u200b\u200bpueden encontrar toda la informaci\u00f3n en la ordenanza del rastro que se encuentra en la p\u00e1gina web del Ayuntamiento o bien puede llamar directamente a la oficina de la ADL del Ayuntamiento donde se informar\u00e1 de c\u00f3mo poder vender <\/span><span title=\"en el rastre i qu\u00e8 es pot vendre ja que per exemple no estar\u00e0 permesa la venda de menjar, animals, f\u00f2ssils i restes arqueol\u00f2giques, rel\u00edquies i obres d'art que no acredite documentalment el seu origen o qualsevol tipus de producte pirot\u00e8cnic o combustible\u201d.\">en el rastro y que se puede vender ya que por ejemplo no estar\u00e1 permitida la venta de comida , animales , f\u00f3siles y restos arqueol\u00f3gicos , reliquias y obras de arte que no acredite documentalmente su origen o cualquier tipo de producto pirot\u00e9cnico o combustible \u00bb .<\/p>\n<p><\/span><span title=\"A m\u00e9s Jes\u00fas Engo ha comentat que \u201cesta iniciativa m\u00e9s que econ\u00f2mica \u00e9s social ja que els interessats a vendre nom\u00e9s hauran de pagar 0,50 c\u00e8ntims el metre quadrat, un preu simb\u00f2lic, per la qual cosa esperem que tinga una gran acollida\u201d.\">Adem\u00e1s Jes\u00fas Engo ha comentado que \u00abesta iniciativa m\u00e1s que econ\u00f3mica es social ya que los interesados \u200b\u200ben vender s\u00f3lo tendr\u00e1n que pagar 0,50 c\u00e9ntimos el metro cuadrado , un precio simb\u00f3lico , por lo que esperamos que tenga una gran acogida\u00bb .<\/p>\n<p><\/span><span title=\"Finalment, ha animat tant als ve\u00efns de l'Olleria com a la resta de la comarca de la Vall d'Albaida i comarques ve\u00efnes ha participar este diumenge en el rastre ja siga com a venedor o com a comprador.\">Finalmente , ha animado tanto a los vecinos de l&#8217;Olleria como en el resto de la comarca del Valle de Albaida y comarcas vecinas participar este domingo en el rastro ya sea como vendedor o como comprador .<\/span><\/span><\/p>\n<p><span style=\"color: #000000;\"><img loading=\"lazy\" class=\"aligncenter size-full wp-image-4913\" title=\"rastrocartel\" src=\"http:\/\/www.portaldelolleria.es\/wp-content\/uploads\/2014\/01\/rastrocartel.jpg\" alt=\"\" width=\"598\" height=\"870\" srcset=\"http:\/\/www.portaldelolleria.es\/wp-content\/uploads\/2014\/01\/rastrocartel.jpg 598w, http:\/\/www.portaldelolleria.es\/wp-content\/uploads\/2014\/01\/rastrocartel-206x300.jpg 206w\" sizes=\"(max-width: 598px) 100vw, 598px\" \/><br \/>\n<\/span><\/p>\n<p><span style=\"color: #000000;\"><span style=\"text-decoration: underline;\"><strong>Ordenan\u00e7a Reguladora Rastre<\/strong><\/span><br \/>\n<\/span><\/p>\n<p><span style=\"color: #000000;\"><strong>Art\u00edculo 1.<\/strong><\/span><\/p>\n<p>&nbsp;<\/p>\n<p><span style=\"color: #000000;\">1. La presente ordenanza tiene como objeto regular el ejercicio de la venta no sedentaria en la modalidad de venta ambulante \u201cRASTRO\u201d en L\u00b4Olleria.<\/span><\/p>\n<p><span style=\"color: #000000;\">2. El rastro se regulara por esta ordenanza, y en lo no previsto en ella\u00a0 por el Decreto 65\/2012 de 20 de abril, del Consejo de la Generalitat\u00a0 Valenciana, por el que se regula la venta no sedentaria en la Comunidad Valenciana.<\/span><\/p>\n<p><span style=\"color: #000000;\">3. En el t\u00e9rmino municipal solo se permitir\u00e1 la pr\u00e1ctica de modalidades\u00a0 de venta no sedentaria en el \u201cmercado ambulante de los jueves\u201d y en el Rastro, que la presente ordenanza regula, quedando prohibida cualquier otro tipo de venta ambulante.<\/span><\/p>\n<p>&nbsp;<\/p>\n<p>&nbsp;<\/p>\n<p>&nbsp;<\/p>\n<p><span style=\"color: #000000;\"><strong>Articulo 2.<\/strong><\/span><\/p>\n<p><span style=\"color: #000000;\">1. El emplazamiento inicial del Rastro ser\u00e1 en las Avda. Beat Pare Ferreres. No se podr\u00e1n montar puestos de venta\u00a0 fuera de este emplazamiento.<\/span><\/p>\n<p><span style=\"color: #000000;\">2. El Ayuntamiento de L\u00b4Olleria podr\u00e1 ampliar o variar tal emplazamiento de forma provisional o definitiva por razones de inter\u00e9s p\u00fablico o por garantizar la seguridad publica general sin que se genere derecho a indemnizaci\u00f3n\u00a0 por da\u00f1os o perjuicios a\u00a0 los titulares de los puestos de venta afectados.<\/span><\/p>\n<p><span style=\"color: #000000;\">3. El emplazamiento del rastro respetara y garantizara\u00a0 un plan de seguridad especial que ser\u00e1 aprobado por la Corporaci\u00f3n Municipal.<\/span><\/p>\n<p><span style=\"color: #000000;\">4. En la zona de Rastro, se podr\u00e1 habilitar en espacio para actividades l\u00fadicas y tambi\u00e9n para asociaciones sin \u00e1nimo de lucro.<\/span><\/p>\n<p>&nbsp;<\/p>\n<p>&nbsp;<\/p>\n<p>&nbsp;<\/p>\n<p><span style=\"color: #000000;\"><strong>Articulo 3. De los productos objeto de la venta.<\/strong><\/span><\/p>\n<p><span style=\"color: #000000;\">1. Solo se podr\u00e1 autorizar la venta de productos de segunda mano siguientes:<\/span><\/p>\n<ul>\n<li><span style=\"color: #000000;\">Antig\u00fcedades.<\/span><\/li>\n<li><span style=\"color: #000000;\">Productos de ornamentaci\u00f3n, cuadros, decoraci\u00f3n i dom\u00e9sticos (vidrio, cer\u00e1mica fina).<\/span><\/li>\n<li><span style=\"color: #000000;\">Productos de Artesan\u00eda.<\/span><\/li>\n<li><span style=\"color: #000000;\">Muebles y aparatos usados.<\/span><\/li>\n<li><span style=\"color: #000000;\">Ropa Usada.<\/span><\/li>\n<li><span style=\"color: #000000;\">Art\u00edculos de colecci\u00f3n.<\/span><\/li>\n<li><span style=\"color: #000000;\">Y otros de parecidas caracter\u00edsticas.<\/span><\/li>\n<\/ul>\n<p><span style=\"color: #000000;\">2. Respecto de estos productos, se respetaran las siguientes bases:<\/span><\/p>\n<ul>\n<li><span style=\"color: #000000;\">La autorizaci\u00f3n en estos casos ser\u00e1 temporal, pudiendo ser anual cuando los solicitantes re\u00fanan todos los requisitos del art\u00edculo 7.<\/span><\/li>\n<li><span style=\"color: #000000;\">Los vendedores deber\u00e1n acreditar, en cualquier momento que fuesen requeridos, el origen de los productos expuestos a la venta.<\/span><\/li>\n<li><span style=\"color: #000000;\">La Autoridad Municipal se reserva el derecho a otorgar o no el permiso de venta en atenci\u00f3n al tipo de producto de segunda mano que se quiera ofrecer.<\/span><\/li>\n<li><span style=\"color: #000000;\">La solicitud para la autorizaci\u00f3n\u00a0 temporal de venta de productos de segunda mano se presentara con 15 d\u00edas de antelaci\u00f3n a la fecha de inicio de la venta, i en ella se har\u00e1 constar, a parte de los requisitos generales, los siguientes: tipo de objeto que se pretende vender y otras caracter\u00edsticas de los productos que puedan afectar a la mala imagen del rastro y del municipio, o a la protecci\u00f3n de la seguridad de las personas y del medioambiente.<\/span><\/li>\n<\/ul>\n<p>&nbsp;<\/p>\n<p><span style=\"color: #000000;\">3. Queda prohibida la venta de los siguientes productos<\/span><\/p>\n<ul>\n<li><span style=\"color: #000000;\">Cualquier tipo de producto alimentario, envasado o no.<\/span><\/li>\n<li><span style=\"color: #000000;\">Animales vivos.<\/span><\/li>\n<li><span style=\"color: #000000;\">F\u00f3siles y restos arqueol\u00f3gicos.<\/span><\/li>\n<li><span style=\"color: #000000;\">Reliquias y obras de arte, que no acredite documentalmente su origen.<\/span><\/li>\n<li><span style=\"color: #000000;\">Joyas y art\u00edculos de relojer\u00eda y metales valiosos<\/span><\/li>\n<li><span style=\"color: #000000;\">Productos nuevos sin abrir de origen industrial como: maquinaria de construcci\u00f3n, de ferreter\u00eda,\u00a0 electrodom\u00e9sticos, equipos inform\u00e1ticos, etc.<\/span><\/li>\n<li><span style=\"color: #000000;\">Cualquier tipo de arma, as\u00ed como productos de origen militar, exceptuando las de coleccionismo y debidamente inutilizadas.<\/span><\/li>\n<li><span style=\"color: #000000;\">Cualquier tipo de producto pirot\u00e9cnico o combustible<\/span><\/li>\n<li><span style=\"color: #000000;\">Cualquier tipo de veh\u00edculo a motor (turismo, ciclomotor, etc) nuevos excepto utensilios agr\u00edcolas (moto sierra, cortador de c\u00e9sped, etc).<\/span><\/li>\n<\/ul>\n<p>&nbsp;<\/p>\n<p><span style=\"color: #000000;\">4. La Corporaci\u00f3n Municipal podr\u00e1 autorizar, en su caso, la venta de productos alimentarios a las asociaciones\u00a0 locales sin \u00e1nimo de lucro, as\u00ed como los productos agr\u00edcolas elaborados por productores locales.<\/span><\/p>\n<p>&nbsp;<\/p>\n<p><span style=\"color: #000000;\"><strong>Articulo 4. D\u00edas y Horario.<\/strong><\/span><\/p>\n<p>&nbsp;<\/p>\n<p><span style=\"color: #000000;\">1. Los d\u00edas de celebraci\u00f3n del Rastro ser\u00e1n todos los segundos domingos de cada mes, a excepci\u00f3n\u00a0 que por causas motivadas se suspenda, libremente valoradas por la Autoridad Municipal, advirti\u00e9ndolo mediante anuncio o aviso a los titulares en el mismo rastro, con un antelaci\u00f3n m\u00ednima de 7 d\u00edas o causas de fuerza mayor en el menor plazo posible y sin ninguna indemnizaci\u00f3n.<\/span><\/p>\n<p><span style=\"color: #000000;\">2. El horario de venta efectiva ser\u00e1 de 9 horas hasta las 14 horas.<\/span><\/p>\n<p><span style=\"color: #000000;\">3. La instalaci\u00f3n de puestos de venta y la carga y descarga de mercanc\u00eda ser\u00e1 de 7 horas hasta las 8,30 horas. La retirada de mercanc\u00edas y desmontaje de los puestos de venta se realizara entre las 14 horas y 15,30 horas. A partir de esta hora deber\u00e1n de quedar desalojados los puestos de venta en perfectas condiciones de limpieza, haci\u00e9ndose cargo de la retirada de embalajes y residuos de cualquier tipo. El ayuntamiento facilitara los contenedores adecuados.<\/span><\/p>\n<p><span style=\"color: #000000;\">4. Entre las 8:30 y las 14:15 horas no se permitir\u00e1 la circulaci\u00f3n de ning\u00fan tipo de veh\u00edculo por dentro del recinto del rastro, exceptuando los veh\u00edculos de emergencia o casos de fuerza mayor autorizados por los efectivos de seguridad.<\/span><\/p>\n<p>&nbsp;<\/p>\n<p><span style=\"color: #000000;\"><strong>Articulo 5. Del ejercicio y condiciones de la venta.<\/strong><\/span><\/p>\n<p>&nbsp;<\/p>\n<p><span style=\"color: #000000;\">1. Los titulares de las autorizaciones respetar\u00e1n los per\u00edmetros y lugares para el ejercicio de la venta (estipulados en 3 metros lineales), que en ning\u00fan caso deber\u00e1n de coincidir con el acceso a lugares p\u00fablicos, privados o establecimientos industriales o comerciales, ni dificultar la visibilidad de sus exposiciones.<\/span><\/p>\n<p><span style=\"color: #000000;\">2. En el desarrollo se su actividad, los vendedores del rastro deber\u00e1n observar lo que dispone la normativa vigente en cada momento sobre el ejercicio del comercio, disciplina de mercado y defensa de los consumidores y usuarios, teniendo que estar en posesi\u00f3n , en el lugar de venta, de las correspondientes facturas y documentos que acrediten la procedencia de los productos, as\u00ed como de carteles y etiquetas en que se exponen, bastante visibles para el p\u00fablico, los precios de venta de los productos ofertados.<\/span><\/p>\n<p><span style=\"color: #000000;\">3. Los titulares de los puestos de venta deber\u00e1n reparar los desperfectos que puedan ocasionar en el pavimento, jardines o en el resto de instalaciones o elementos de mobiliario urbano, siendo responsables en caso de da\u00f1os o indemnizaci\u00f3n.<\/span><\/p>\n<p><span style=\"color: #000000;\">4. Los titulares de los puestos de venta facilitar\u00e1n\u00a0 a los funcionarios habilitados o de Polic\u00eda Local la documentaci\u00f3n que se le requiera en cualquier momento.<\/span><\/p>\n<p>&nbsp;<\/p>\n<p>&nbsp;<\/p>\n<p>&nbsp;<\/p>\n<p><span style=\"color: #000000;\"><strong>Articulo 6. Tasa.<\/strong><\/span><\/p>\n<p><span style=\"color: #000000;\">Para desarrollar dicha actividad, el titular de cada puesto de venta deber\u00e1 realizar el pago de la tasa de utilizaci\u00f3n del espacio, aplicando la Ordenanza Fiscal Reguladora de la Tasa por utilizaci\u00f3n privativa o aprovechamiento especial de dominio p\u00fablico local \u201cOtros aprovechamientos no regulados\u201d: Tasa de <strong>0\u201950 \u20ac por m<sup>2<\/sup>\/d\u00eda<\/strong> que participe en el Rastro. Estableci\u00e9ndose un m\u00f3dulo m\u00ednimo de 3&#215;2 metros lineales (6 m2 = <strong>3\u20ac<\/strong>), que podr\u00e1 ampliarse en m\u00faltiplos de este modulo.<\/span><\/p>\n<p><span style=\"color: #000000;\">El pago podr\u00e1 efectuarse con car\u00e1cter previo mediante el ingreso del importe de la tasa en la cuenta que a tal efecto se habilite por el Ayuntamiento, debiendo conservar el resguardo, y a disposici\u00f3n del placero del Ayuntamiento cuando se le requiera para su exhibici\u00f3n, el d\u00eda del rastro; o bien mediante su ingreso directo al placero el mismo d\u00eda del rastro, por el que se le expedir\u00e1 el oportuno justificante.<\/span><\/p>\n<p>&nbsp;<\/p>\n<p><span style=\"color: #000000;\"><strong>Articulo 7. Autorizaci\u00f3n Municipal para el ejercicio de la venta en el Rastro.<\/strong><\/span><\/p>\n<p><span style=\"color: #000000;\">El otorgamiento de la autorizaci\u00f3n municipal para la venta en el rastro se efectuara con la solicitud previa del interesado dirigida a la Alcald\u00eda, indicando el producto o art\u00edculos que desea vender y la superficie a ocupar por el lugar de venta, acompa\u00f1ada de la documentaci\u00f3n siguiente:<\/span><\/p>\n<ul>\n<li><span style=\"color: #000000;\">Fotocopia compulsada del Documento Nacional de Identidad (DNI)<\/span><\/li>\n<li><span style=\"color: #000000;\">En el caso de extranjeros, NIE o documento acreditativo de haber obtenido los correspondientes permisos de residencia y trabajo por cuenta propia. <\/span><\/li>\n<\/ul>\n<p>&nbsp;<\/p>\n<p><span style=\"color: #000000;\"><strong>Articulo 8. De las infracciones, la sanci\u00f3n que corresponde a la Generalitat Valenciana.<\/strong><\/span><\/p>\n<p><span style=\"color: #000000;\">Se consideran infracciones las que dispones la ley 8\/1986 y Decreto 175\/1989, la sanci\u00f3n que corresponde exclusivamente a los \u00f3rganos competentes de la Generalitat Valenciana, las siguientes:<\/span><\/p>\n<ul>\n<li><span style=\"color: #000000;\">La venta practicada fuera de los per\u00edmetros o zona autorizada.<\/span><\/li>\n<li><span style=\"color: #000000;\">La venta practicada por personas no autorizadas.<\/span><\/li>\n<li><span style=\"color: #000000;\">La venta practicada sin exhibir de forma permanente y visible en el lugar de venta la correspondiente autorizaci\u00f3n.<\/span><\/li>\n<li><span style=\"color: #000000;\">La trasferencia de\u00a0 la autorizaci\u00f3n o el uso de la misma, por persona diferente de la autorizada.<\/span><\/li>\n<li><span style=\"color: #000000;\">La venta de productos alimentarios i otros productos prohibidos.<\/span><\/li>\n<li><span style=\"color: #000000;\">No tener en el lugar de venta las facturas o documentos que acredite la procedencia de los productos y no disponer carteles o etiquetas claramente visibles que indiquen los precios de venta de los productos. <\/span><\/li>\n<\/ul>\n<p>&nbsp;<\/p>\n<p><span style=\"color: #000000;\"><strong>Articulo 9. De las infracciones, la sanci\u00f3n que corresponden al Ayuntamiento de L\u00b4Olleria.<\/strong><\/span><\/p>\n<p>&nbsp;<\/p>\n<p><span style=\"color: #000000;\">1. Se consideran faltas graves:<\/span><\/p>\n<ul>\n<li><span style=\"color: #000000;\">Falseamiento y ocultaci\u00f3n de datos en las solicitudes de autorizaci\u00f3n.<\/span><\/li>\n<li><span style=\"color: #000000;\">Incumplir los horarios que hace referencia el art\u00edculo 4.<\/span><\/li>\n<li><span style=\"color: #000000;\">La venta de productos diferentes de los relacionados expresamente en el autorizaci\u00f3n.<\/span><\/li>\n<li><span style=\"color: #000000;\">El abandono en el lugar o en los alrededores de embalajes o residuos de cualquier tipo.<\/span><\/li>\n<li><span style=\"color: #000000;\">No estar al corriente del pago de las tasas correspondientes<\/span><\/li>\n<li><span style=\"color: #000000;\">Los da\u00f1os causados a las instalaciones p\u00fablicas.<\/span><\/li>\n<li><span style=\"color: #000000;\">La colocaci\u00f3n del lugar de venta que impida el acceso a los lugares que hace referencia el art\u00edculo 5.<\/span><\/li>\n<li><span style=\"color: #000000;\">No facilitar las funciones de inspecci\u00f3n.<\/span><\/li>\n<li><span style=\"color: #000000;\">Producir altercados, esc\u00e1ndalos, insultos y ofensas tanto a los otros vendedores, visitantes funcionarios o autoridades, con independencia de las posibles responsabilidades que en otro orden se puedan derivar.<\/span><\/li>\n<li><span style=\"color: #000000;\">La venta de productos con defectos ocultos no manifestados por el vendedor a la hora de la venta.<\/span><\/li>\n<\/ul>\n<p>&nbsp;<\/p>\n<p><span style=\"color: #000000;\">2. Se considera faltas leves:<\/span><\/p>\n<ul>\n<li><span style=\"color: #000000;\">Incumplir levemente los horarios a que hace referencia el art\u00edculo 4.<\/span><\/li>\n<li><span style=\"color: #000000;\">La falta de limpieza del puesto de venta.<\/span><\/li>\n<li><span style=\"color: #000000;\">Cualquier otro incumplimiento de las obligaciones, que no se considere falta grave.<\/span><\/li>\n<\/ul>\n<p>&nbsp;<\/p>\n<p><span style=\"color: #000000;\">3. Las infracciones a la normativa de tr\u00e1fico y seguridad\u00a0 viaria que se producir\u00e1n con ocasi\u00f3n del rastro y fuera del recinto, ser\u00e1n denunciadas siguiendo el procedimiento establecido al respecto.<\/span><\/p>\n<p><span style=\"color: #000000;\">4. El procedimiento sancionador seguir\u00e1 los tr\u00e1mites y normativa administrativa vigente.<\/span><\/p>\n<p>&nbsp;<\/p>\n<p><span style=\"color: #000000;\"><strong>Articulo 10. De las sanciones.<\/strong><\/span><\/p>\n<p><span style=\"color: #000000;\">Las infracciones podr\u00e1n ser sancionadas con las multas siguientes:<\/span><\/p>\n<p><span style=\"color: #000000;\">1. Las infracciones leves con multas de 20\u201900 a 60\u201900 \u20ac.<\/span><\/p>\n<p><span style=\"color: #000000;\">2. Las infracciones graves con multas de 61\u201900 a 300\u201900 \u20ac.<\/span><\/p>\n<p>&nbsp;<\/p>\n<p><span style=\"color: #000000;\"><strong>Articulo 11. De las medidas complementarias.<\/strong><\/span><\/p>\n<p><span style=\"color: #000000;\">1. La imposici\u00f3n\u00a0 de cualquier sanci\u00f3n podr\u00e1 llevar consigo la suspensi\u00f3n temporal o definitiva de la autorizaci\u00f3n de venta sin indemnizaci\u00f3n.<\/span><\/p>\n<p><span style=\"color: #000000;\">2. Como medidas complementarias a fin de garantizar el cumplimiento de la presente normativa, se podr\u00e1 proceder, en su caso, a la incautaci\u00f3n de los productos en venta y su dep\u00f3sito\u00a0 en el establecimiento municipal habilitado a tal efecto, en los siguientes supuestos:<\/span><\/p>\n<ul>\n<li><span style=\"color: #000000;\">Desobediencia a las \u00f3rdenes de los agentes de la autoridad para el cese de la actividad, retirada de productos en venta o abandono del lugar de venta.<\/span><\/li>\n<li><span style=\"color: #000000;\">Resistencia a los agentes\u00a0 de la autoridad en el caso de la alteraci\u00f3n del orden p\u00fablico y obstaculizaci\u00f3n del tr\u00e1fico, tanto dentro como fuera del recinto, de veh\u00edculos o de viandantes. <\/span><\/li>\n<\/ul>\n<p><span style=\"color: #000000;\"><strong>Disposici\u00f3n final.<\/strong><\/span><\/p>\n<p><span style=\"color: #000000;\">La presente ordenanza que consta de 11 art\u00edculos, entrara en vigor cuando sea aprobada definitivamente por el Ayuntamiento y publicada su texto completo en el Bolet\u00edn Oficial de la Provincia, transcurrido el plazo previsto en el articulo 65.2 en relaci\u00f3n al 70.2 de la ley 7\/85\u00a0 reguladora de bases de r\u00e9gimen local.<\/span><\/p>\n<p>&nbsp;<\/p>\n<p>&nbsp;<\/p>\n<p><a href=\"https:\/\/www.facebook.com\/olleria.net\"><img loading=\"lazy\" class=\"aligncenter size-full wp-image-4910\" title=\"1facebook\" src=\"http:\/\/www.portaldelolleria.es\/wp-content\/uploads\/2014\/01\/1facebook4.jpg\" alt=\"\" width=\"598\" height=\"115\" srcset=\"http:\/\/www.portaldelolleria.es\/wp-content\/uploads\/2014\/01\/1facebook4.jpg 598w, http:\/\/www.portaldelolleria.es\/wp-content\/uploads\/2014\/01\/1facebook4-300x57.jpg 300w\" sizes=\"(max-width: 598px) 100vw, 598px\" \/><\/a><\/p>\n","protected":false},"excerpt":{"rendered":"<p>&nbsp; L&#8217;Olleria acoger\u00e1 un rastro cada segundo domingo de mes , as\u00ed lo han anunciado esta ma\u00f1ana el concejal de Promoci\u00f3n Econ\u00f3mica y Empleo , Jes\u00fas Engo . El primer rastro ser\u00e1 este domingo 12 de enero de la ma\u00f1ana a dos de la tarde en el parque Beat padre Ferreres y en \u00e9l , [&hellip;]<\/p>\n","protected":false},"author":1,"featured_media":0,"comment_status":"closed","ping_status":"open","sticky":false,"template":"","format":"standard","meta":{"_monsterinsights_skip_tracking":false,"_monsterinsights_sitenote_active":false,"_monsterinsights_sitenote_note":"","_monsterinsights_sitenote_category":0},"categories":[3,12],"tags":[645,20,920],"_links":{"self":[{"href":"http:\/\/www.portaldelolleria.es\/index.php?rest_route=\/wp\/v2\/posts\/4909"}],"collection":[{"href":"http:\/\/www.portaldelolleria.es\/index.php?rest_route=\/wp\/v2\/posts"}],"about":[{"href":"http:\/\/www.portaldelolleria.es\/index.php?rest_route=\/wp\/v2\/types\/post"}],"author":[{"embeddable":true,"href":"http:\/\/www.portaldelolleria.es\/index.php?rest_route=\/wp\/v2\/users\/1"}],"replies":[{"embeddable":true,"href":"http:\/\/www.portaldelolleria.es\/index.php?rest_route=%2Fwp%2Fv2%2Fcomments&post=4909"}],"version-history":[{"count":4,"href":"http:\/\/www.portaldelolleria.es\/index.php?rest_route=\/wp\/v2\/posts\/4909\/revisions"}],"predecessor-version":[{"id":4920,"href":"http:\/\/www.portaldelolleria.es\/index.php?rest_route=\/wp\/v2\/posts\/4909\/revisions\/4920"}],"wp:attachment":[{"href":"http:\/\/www.portaldelolleria.es\/index.php?rest_route=%2Fwp%2Fv2%2Fmedia&parent=4909"}],"wp:term":[{"taxonomy":"category","embeddable":true,"href":"http:\/\/www.portaldelolleria.es\/index.php?rest_route=%2Fwp%2Fv2%2Fcategories&post=4909"},{"taxonomy":"post_tag","embeddable":true,"href":"http:\/\/www.portaldelolleria.es\/index.php?rest_route=%2Fwp%2Fv2%2Ftags&post=4909"}],"curies":[{"name":"wp","href":"https:\/\/api.w.org\/{rel}","templated":true}]}}