{"id":4955,"date":"2014-01-14T11:38:22","date_gmt":"2014-01-14T09:38:22","guid":{"rendered":"http:\/\/www.portaldelolleria.es\/?p=4955"},"modified":"2014-01-14T11:38:22","modified_gmt":"2014-01-14T09:38:22","slug":"iris-armero-y-david-tolsa-plata-y-oro-en-el-autonomico-junior","status":"publish","type":"post","link":"http:\/\/www.portaldelolleria.es\/?p=4955","title":{"rendered":"Iris Armero y David Tols\u00e1, plata y oro en el Auton\u00f3mico Junior."},"content":{"rendered":"<p>&nbsp;<\/p>\n<p><img loading=\"lazy\" class=\"aligncenter size-full wp-image-4957\" title=\"tolsa2\" src=\"http:\/\/www.portaldelolleria.es\/wp-content\/uploads\/2014\/01\/tolsa2.jpg\" alt=\"\" width=\"598\" height=\"398\" srcset=\"http:\/\/www.portaldelolleria.es\/wp-content\/uploads\/2014\/01\/tolsa2.jpg 598w, http:\/\/www.portaldelolleria.es\/wp-content\/uploads\/2014\/01\/tolsa2-300x199.jpg 300w\" sizes=\"(max-width: 598px) 100vw, 598px\" \/><\/p>\n<p>&nbsp;<\/p>\n<p class=\"MsoNormal\"><em style=\"mso-bidi-font-style: normal;\"><span style=\"font-size: 14.0pt; line-height: 115%; mso-bidi-font-weight: bold;\"><span style=\"mso-spacerun: yes;\">\u00a0 <\/span>David Tols\u00e1 se clasifica para el campeonato de Espa\u00f1a J\u00fanior de Taekwondo. <\/span><\/em><\/p>\n<p class=\"MsoNormal\"><span style=\"font-size: 12.0pt; line-height: 115%; mso-bidi-font-weight: bold;\"><span style=\"mso-spacerun: yes;\">\u00a0 <\/span>Este s\u00e1bado 11 de enero a la poblaci\u00f3n de Alfafar (Valencia) se realiz\u00f3 el Campeonato Auton\u00f3mico en la categor\u00eda J\u00fanior. De nuestra poblaci\u00f3n participaron Iris Armero en -49 kg. y David Tols\u00e1 en -48 kg. Esta vez el Campeonato Auton\u00f3mico daba plaza directa al Campeonato de Espa\u00f1a J\u00fanior que se realizar\u00e1 el pr\u00f3ximo 15 de Febrero en la ciudad gallega de Pontevedra. De nuestro club y como no era para menos, no pod\u00edamos dejar la oportunidad de poder participar en este campeonato y David Tols\u00e1 mostr\u00f3 el alto nivel que ha cogido y no nos defraud\u00f3 ganando el auton\u00f3mico y clasific\u00e1ndose directamente para el Nacional. <\/span><\/p>\n<p class=\"MsoNormal\"><em style=\"mso-bidi-font-style: normal;\"><span style=\"font-size: 14.0pt; line-height: 115%; mso-bidi-font-weight: bold;\"><span style=\"mso-spacerun: yes;\">\u00a0 <\/span>Cr\u00f3nica de un gran campeonato:<\/span><\/em><\/p>\n<p class=\"MsoNormal\" style=\"margin-bottom: .0001pt;\"><span style=\"font-size: 12.0pt; line-height: 115%; mso-bidi-font-weight: bold;\"><span style=\"mso-spacerun: yes;\">\u00a0 <\/span>Iris Armero y David Tols\u00e1 demostraron el nivel tan alto que tiene el Taekwondo de l&#8217;Olleria llev\u00e1ndose este s\u00e1bado la medalla de Plata y la de Oro respectivamente en el auton\u00f3mico J\u00fanior. Iris como va ya siendo habitual, en la final se encontr\u00f3 con B\u00e1rbara Plaza del club Olimpo Sedav\u00ed en un gran combate de Iris, perdi\u00f3 contra esta gran competidora por 1 a 5 quedando Iris subcampeona auton\u00f3mica, Iris no tiene<span style=\"mso-spacerun: yes;\">\u00a0 <\/span>plaza directa para el nacional, pero solo queda<span style=\"mso-spacerun: yes;\">\u00a0 <\/span>esperar que en los entrenamientos de la selecci\u00f3n en la que ella tiene que participar como medallista, puede a\u00fan a criterio de los seleccionadores el poder o no ir al nacional de Pontevedra. No pasa lo mismo con David Tols\u00e1 que hizo una gran final y derrot\u00f3 a su oponente, el competidor del club Zafrilla de Tur\u00eds Alejandro Garc\u00eda por un contundente 15-3 ganando David por diferencia de 12 puntos, consiguiendo ser Campe\u00f3n Auton\u00f3mico y la plaza directa al Campeonato de Espa\u00f1a J\u00fanior de Taekwondo.<\/span><\/p>\n<p class=\"MsoNormal\"><span style=\"font-size: 12.0pt; line-height: 115%; mso-ansi-language: CA;\" lang=\"CA\"><span style=\"mso-spacerun: yes;\">\u00a0 <\/span><\/span><span style=\"font-size: 12.0pt; line-height: 115%; mso-bidi-font-weight: bold;\">Ahora ya toca esperar<span style=\"mso-spacerun: yes;\">\u00a0 <\/span>la decisi\u00f3n t\u00e9cnica para ver si Iris tambi\u00e9n participa al nacional y desearle mucha suerte a David en el Campeonato de Espa\u00f1a, en el que participa por segunda vez ya que en 2013 consigui\u00f3 la medalla de Bronce. <\/span><\/p>\n<p class=\"MsoNormal\"><span style=\"font-size: 12.0pt; line-height: 115%; mso-bidi-font-weight: bold;\"><span style=\"mso-spacerun: yes;\">\u00a0 <\/span>Esperamos poder contar el pr\u00f3ximo 17 de Febrero buenas noticias de David y posiblemente de Iris. <\/span><\/p>\n<p class=\"MsoNormal\"><span style=\"font-size: 12.0pt; line-height: 115%; mso-bidi-font-weight: bold;\"><span style=\"mso-spacerun: yes;\">\u00a0 <\/span>Tambi\u00e9n agradecer desde el equipo t\u00e9cnico a los padres y madres el poder hacer realidad que el Taekwondo en l&#8217;Olleria sea un referente tanto a nivel auton\u00f3mico como nacional, ya que es el \u00fanico apoyo que tenemos.<\/span><\/p>\n<p class=\"MsoNormal\"><span style=\"font-size: 12.0pt; line-height: 115%; mso-bidi-font-weight: bold;\"><span style=\"mso-spacerun: yes;\">\u00a0\u00a0 <\/span>Suerte a ambos y que nos traigan una alegr\u00eda a nuestro pueblo.<\/span><\/p>\n<p class=\"MsoNormal\"><img loading=\"lazy\" class=\"aligncenter size-full wp-image-4956\" title=\"tolsa\" src=\"http:\/\/www.portaldelolleria.es\/wp-content\/uploads\/2014\/01\/tolsa.jpg\" alt=\"\" width=\"598\" height=\"398\" srcset=\"http:\/\/www.portaldelolleria.es\/wp-content\/uploads\/2014\/01\/tolsa.jpg 598w, http:\/\/www.portaldelolleria.es\/wp-content\/uploads\/2014\/01\/tolsa-300x199.jpg 300w\" sizes=\"(max-width: 598px) 100vw, 598px\" \/><\/p>\n<p class=\"MsoNormal\"><span style=\"mso-ansi-language: CA;\" lang=\"CA\">\u00a0<\/span><\/p>\n","protected":false},"excerpt":{"rendered":"<p>&nbsp; &nbsp; \u00a0 David Tols\u00e1 se clasifica para el campeonato de Espa\u00f1a J\u00fanior de Taekwondo. \u00a0 Este s\u00e1bado 11 de enero a la poblaci\u00f3n de Alfafar (Valencia) se realiz\u00f3 el Campeonato Auton\u00f3mico en la categor\u00eda J\u00fanior. De nuestra poblaci\u00f3n participaron Iris Armero en -49 kg. y David Tols\u00e1 en -48 kg. Esta vez el Campeonato [&hellip;]<\/p>\n","protected":false},"author":1,"featured_media":0,"comment_status":"closed","ping_status":"open","sticky":false,"template":"","format":"standard","meta":{"_monsterinsights_skip_tracking":false,"_monsterinsights_sitenote_active":false,"_monsterinsights_sitenote_note":"","_monsterinsights_sitenote_category":0},"categories":[9,12],"tags":[927,208,928,926,929,20,19,47],"_links":{"self":[{"href":"http:\/\/www.portaldelolleria.es\/index.php?rest_route=\/wp\/v2\/posts\/4955"}],"collection":[{"href":"http:\/\/www.portaldelolleria.es\/index.php?rest_route=\/wp\/v2\/posts"}],"about":[{"href":"http:\/\/www.portaldelolleria.es\/index.php?rest_route=\/wp\/v2\/types\/post"}],"author":[{"embeddable":true,"href":"http:\/\/www.portaldelolleria.es\/index.php?rest_route=\/wp\/v2\/users\/1"}],"replies":[{"embeddable":true,"href":"http:\/\/www.portaldelolleria.es\/index.php?rest_route=%2Fwp%2Fv2%2Fcomments&post=4955"}],"version-history":[{"count":1,"href":"http:\/\/www.portaldelolleria.es\/index.php?rest_route=\/wp\/v2\/posts\/4955\/revisions"}],"predecessor-version":[{"id":4958,"href":"http:\/\/www.portaldelolleria.es\/index.php?rest_route=\/wp\/v2\/posts\/4955\/revisions\/4958"}],"wp:attachment":[{"href":"http:\/\/www.portaldelolleria.es\/index.php?rest_route=%2Fwp%2Fv2%2Fmedia&parent=4955"}],"wp:term":[{"taxonomy":"category","embeddable":true,"href":"http:\/\/www.portaldelolleria.es\/index.php?rest_route=%2Fwp%2Fv2%2Fcategories&post=4955"},{"taxonomy":"post_tag","embeddable":true,"href":"http:\/\/www.portaldelolleria.es\/index.php?rest_route=%2Fwp%2Fv2%2Ftags&post=4955"}],"curies":[{"name":"wp","href":"https:\/\/api.w.org\/{rel}","templated":true}]}}