{"id":4978,"date":"2014-01-15T13:50:34","date_gmt":"2014-01-15T11:50:34","guid":{"rendered":"http:\/\/www.portaldelolleria.es\/?p=4978"},"modified":"2014-01-15T14:04:01","modified_gmt":"2014-01-15T12:04:01","slug":"el-carrer-san-antoni-ultima-preparativos-para-la-celebracion-del-su-festividad","status":"publish","type":"post","link":"http:\/\/www.portaldelolleria.es\/?p=4978","title":{"rendered":"El carrer Sant Antoni ultima preparativos para la celebraci\u00f3n del su festividad"},"content":{"rendered":"<p>&nbsp;<\/p>\n<p><img loading=\"lazy\" class=\"aligncenter size-full wp-image-4981\" title=\"antoni\" src=\"http:\/\/www.portaldelolleria.es\/wp-content\/uploads\/2014\/01\/antoni.jpg\" alt=\"\" width=\"598\" height=\"398\" srcset=\"http:\/\/www.portaldelolleria.es\/wp-content\/uploads\/2014\/01\/antoni.jpg 598w, http:\/\/www.portaldelolleria.es\/wp-content\/uploads\/2014\/01\/antoni-300x199.jpg 300w\" sizes=\"(max-width: 598px) 100vw, 598px\" \/><\/p>\n<p>&nbsp;<\/p>\n<p class=\"MsoNormal\" style=\"text-align: justify;\"><span style=\"font-size: 12.0pt; line-height: 115%; mso-ansi-language: CA;\" lang=\"CA\">Este jueves 16 de enero, la calle San Antonio encender\u00e1 la tradicional hoguera para celebrar la festividad del Santo que le da nombre. <\/span><\/p>\n<p class=\"MsoNormal\" style=\"text-align: justify;\"><span style=\"font-size: 12.0pt; line-height: 115%; mso-ansi-language: CA;\" lang=\"CA\">Ser\u00e1 a las 20:30 horas, en la misma calle, y supondr\u00e1 el inicio de un fin de semana lleno de actividades de celebraci\u00f3n. El viernes, a las once de la ma\u00f1ana, habr\u00e1 Misa en la calle y bendici\u00f3n de panes, adem\u00e1s duranto todo el d\u00eda se invitar\u00e1 a los asistentes a mistela y pan bendecido. <\/span><\/p>\n<p class=\"MsoNormal\" style=\"text-align: justify;\"><span style=\"font-size: 12.0pt; line-height: 115%; mso-ansi-language: CA;\" lang=\"CA\">Ya el domingo, a las doce y media del medio d\u00eda, des de la puerta del colegio Isabel la Cat\u00f3lica, tendr\u00e1 lugar el tradicional desfile de animales y al finalizar actuar\u00e1 <em style=\"mso-bidi-font-style: normal;\">el grup de danses el Revol.<span style=\"mso-spacerun: yes;\">\u00a0<\/span><\/em><\/span><\/p>\n<p class=\"MsoNormal\" style=\"text-align: justify;\"><em>prensa Ajuntament<\/em><\/p>\n<p class=\"MsoNormal\" style=\"text-align: justify;\"><img loading=\"lazy\" class=\"aligncenter size-full wp-image-4979\" title=\"antoni2\" src=\"http:\/\/www.portaldelolleria.es\/wp-content\/uploads\/2014\/01\/antoni2.jpg\" alt=\"\" width=\"598\" height=\"398\" srcset=\"http:\/\/www.portaldelolleria.es\/wp-content\/uploads\/2014\/01\/antoni2.jpg 598w, http:\/\/www.portaldelolleria.es\/wp-content\/uploads\/2014\/01\/antoni2-300x199.jpg 300w\" sizes=\"(max-width: 598px) 100vw, 598px\" \/><\/p>\n<p class=\"MsoNormal\" style=\"text-align: justify;\"><a href=\"https:\/\/www.facebook.com\/olleria.net\"><img loading=\"lazy\" class=\"aligncenter size-full wp-image-4980\" title=\"1facebook\" src=\"http:\/\/www.portaldelolleria.es\/wp-content\/uploads\/2014\/01\/1facebook11.jpg\" alt=\"\" width=\"598\" height=\"115\" srcset=\"http:\/\/www.portaldelolleria.es\/wp-content\/uploads\/2014\/01\/1facebook11.jpg 598w, http:\/\/www.portaldelolleria.es\/wp-content\/uploads\/2014\/01\/1facebook11-300x57.jpg 300w\" sizes=\"(max-width: 598px) 100vw, 598px\" \/><\/a><\/p>\n","protected":false},"excerpt":{"rendered":"<p>&nbsp; &nbsp; Este jueves 16 de enero, la calle San Antonio encender\u00e1 la tradicional hoguera para celebrar la festividad del Santo que le da nombre. Ser\u00e1 a las 20:30 horas, en la misma calle, y supondr\u00e1 el inicio de un fin de semana lleno de actividades de celebraci\u00f3n. El viernes, a las once de la [&hellip;]<\/p>\n","protected":false},"author":1,"featured_media":0,"comment_status":"closed","ping_status":"open","sticky":false,"template":"","format":"standard","meta":{"_monsterinsights_skip_tracking":false,"_monsterinsights_sitenote_active":false,"_monsterinsights_sitenote_note":"","_monsterinsights_sitenote_category":0},"categories":[16,12],"tags":[810,932,933,20,510],"_links":{"self":[{"href":"http:\/\/www.portaldelolleria.es\/index.php?rest_route=\/wp\/v2\/posts\/4978"}],"collection":[{"href":"http:\/\/www.portaldelolleria.es\/index.php?rest_route=\/wp\/v2\/posts"}],"about":[{"href":"http:\/\/www.portaldelolleria.es\/index.php?rest_route=\/wp\/v2\/types\/post"}],"author":[{"embeddable":true,"href":"http:\/\/www.portaldelolleria.es\/index.php?rest_route=\/wp\/v2\/users\/1"}],"replies":[{"embeddable":true,"href":"http:\/\/www.portaldelolleria.es\/index.php?rest_route=%2Fwp%2Fv2%2Fcomments&post=4978"}],"version-history":[{"count":4,"href":"http:\/\/www.portaldelolleria.es\/index.php?rest_route=\/wp\/v2\/posts\/4978\/revisions"}],"predecessor-version":[{"id":4983,"href":"http:\/\/www.portaldelolleria.es\/index.php?rest_route=\/wp\/v2\/posts\/4978\/revisions\/4983"}],"wp:attachment":[{"href":"http:\/\/www.portaldelolleria.es\/index.php?rest_route=%2Fwp%2Fv2%2Fmedia&parent=4978"}],"wp:term":[{"taxonomy":"category","embeddable":true,"href":"http:\/\/www.portaldelolleria.es\/index.php?rest_route=%2Fwp%2Fv2%2Fcategories&post=4978"},{"taxonomy":"post_tag","embeddable":true,"href":"http:\/\/www.portaldelolleria.es\/index.php?rest_route=%2Fwp%2Fv2%2Ftags&post=4978"}],"curies":[{"name":"wp","href":"https:\/\/api.w.org\/{rel}","templated":true}]}}