{"id":4986,"date":"2014-01-30T11:33:19","date_gmt":"2014-01-30T09:33:19","guid":{"rendered":"http:\/\/www.portaldelolleria.es\/?p=4986"},"modified":"2014-01-30T19:39:38","modified_gmt":"2014-01-30T17:39:38","slug":"somnis-el-musical-en-montaverner","status":"publish","type":"post","link":"http:\/\/www.portaldelolleria.es\/?p=4986","title":{"rendered":"Somnis el Musical en Montaverner"},"content":{"rendered":"<p>&nbsp;<\/p>\n<p>&nbsp;<\/p>\n<p><img loading=\"lazy\" class=\"aligncenter size-full wp-image-4989\" title=\"clarialba\" src=\"http:\/\/www.portaldelolleria.es\/wp-content\/uploads\/2014\/01\/clarialba.jpg\" alt=\"\" width=\"598\" height=\"398\" srcset=\"http:\/\/www.portaldelolleria.es\/wp-content\/uploads\/2014\/01\/clarialba.jpg 598w, http:\/\/www.portaldelolleria.es\/wp-content\/uploads\/2014\/01\/clarialba-300x199.jpg 300w\" sizes=\"(max-width: 598px) 100vw, 598px\" \/><\/p>\n<p>&nbsp;<\/p>\n<p><span id=\"result_box\" lang=\"es\"><span class=\"hps atn\"><span id=\"result_box\" lang=\"es\"><span class=\"hps\">El musical<\/span> <span class=\"hps\">&#8216;Somnis&#8217;<\/span> <span class=\"hps\">vuelve a<\/span> <span class=\"hps\">representarse<\/span> <span class=\"hps\">en Montaverner<\/span><\/span><\/span><\/span><\/p>\n<p><span class=\"hps\">S\u00e1bado 1<\/span> <span class=\"hps\">de febrero<\/span> <span class=\"hps\">comienzan<\/span> <span class=\"hps\">las representaciones<\/span> <span class=\"hps\">del musical<\/span> <span class=\"hps\">&#8216;Sue\u00f1os&#8217;<\/span> <span class=\"hps\">en el Auditorio<\/span> <span class=\"hps\">Luis<\/span> <span class=\"hps\">Peir\u00f3<\/span> <span class=\"hps\">de Montaverner<\/span><span>.<\/span> <span class=\"hps\">La obra es un<\/span> <span class=\"hps\">montaje<\/span> <span class=\"hps\">propio<\/span> <span class=\"hps\">de la Agrupaci\u00f3n<\/span> <span class=\"hps\">Vocal<\/span> <span class=\"hps\">Clarialba<\/span><span>,<\/span> <span class=\"hps\">que lo representa<\/span> <span class=\"hps\">con voces<\/span> <span class=\"hps\">en<\/span> <span class=\"hps\">directo<\/span> <span class=\"hps\">y coreograf\u00edas<\/span> <span class=\"hps\">propias.<\/span> <span class=\"hps\">Un espect\u00e1culo<\/span> <span class=\"hps\">que<\/span> <span class=\"hps\">mezcla<\/span> <span class=\"hps\">diferentes historias<\/span> <span class=\"hps\">que har\u00e1n que<\/span> <span class=\"hps\">el p\u00fablico<\/span> <span class=\"hps\">se emocione<\/span><span>,<\/span> <span class=\"hps\">r\u00eda<\/span> <span class=\"hps\">y no pueda<\/span> <span class=\"hps\">parar<\/span> <span class=\"hps\">de cantar<\/span> <span class=\"hps\">y bailar<\/span> <span class=\"hps\">en su asiento.<\/span><\/p>\n<p><span class=\"hps\">Es<\/span> <span class=\"hps\">la segunda vez que<\/span> <span class=\"hps\">la Agrupaci\u00f3n<\/span> <span class=\"hps\">Vocal<\/span> <span class=\"hps\">Clarialba<\/span> <span class=\"hps\">representa<\/span> <span class=\"hps\">este espect\u00e1culo<\/span> <span class=\"hps\">despu\u00e9s de haber obtenido<\/span> <span class=\"hps\">un \u00e9xito<\/span> <span class=\"hps\">total<\/span> <span class=\"hps\">y haber<\/span> <span class=\"hps\">llenado la<\/span> <span class=\"hps\">sala<\/span> <span class=\"hps\">en<\/span> <span class=\"hps\">todas las<\/span> <span class=\"hps\">representaciones<\/span> <span class=\"hps\">anteriores<\/span><span>.<\/span> <span class=\"hps\">Un espect\u00e1culo<\/span> <span class=\"hps\">musical<\/span> <span class=\"hps\">en<\/span> <span class=\"hps\">directo<\/span> <span class=\"hps\">de casi<\/span> <span class=\"hps\">tres<\/span> <span class=\"hps\">horas<\/span> <span class=\"hps\">de duraci\u00f3n<\/span> <span class=\"hps\">que<\/span> <span class=\"hps\">se representar\u00e1<\/span> <span class=\"hps\">en el Auditorio<\/span> <span class=\"hps\">de Montaverner<\/span> <span class=\"hps\">durante el mes<\/span> <span class=\"hps\">de febrero<\/span> <span class=\"hps\">en<\/span> <span class=\"hps\">sesiones<\/span> <span class=\"hps\">de<\/span> <span class=\"hps\">s\u00e1bado y domingo<\/span><span>.<\/span><\/p>\n<p><span class=\"hps\">El<\/span> <span class=\"hps\">precio<\/span> <span class=\"hps\">es de 5 \u20ac<\/span><span>. <\/span>Entrades en venta en ca Desi<\/p>\n<p><span class=\"hps\">Ven y disfruta<\/span><span>.<\/span> <span class=\"hps\">No<\/span> <span class=\"hps\">te arrepentir\u00e1s<\/span><span>.<\/span><br \/>\n<span class=\"hps\">LOS HORARIOS DEL<\/span> <span class=\"hps\">MUSICAL<\/span><span>:<\/span><\/p>\n<p><span class=\"hps\">S\u00e1bado 1<\/span> <span class=\"hps\">de Febrero<\/span> <span class=\"hps\">a las 22:30<\/span> <span class=\"hps\">h<\/span><span>.<\/span><br \/>\n<span class=\"hps\">Domingo 2<\/span> <span class=\"hps\">de Febrero<\/span> <span class=\"hps\">a las 18:00<\/span> <span class=\"hps\">h<\/span><span>.<\/span><br \/>\n<span class=\"hps\">S\u00e1bado<\/span> <span class=\"hps\">8 de Febrero<\/span> <span class=\"hps\">a las 22:30<\/span> <span class=\"hps\">h<\/span><span>.<\/span><br \/>\n<span class=\"hps\">Domingo 9 de<\/span> <span class=\"hps\">Febrero a las<\/span> <span class=\"hps\">18:00 h<\/span><span>.<\/span><br \/>\n<span class=\"hps\">Domingo 23 de<\/span> <span class=\"hps\">Febrero a las<\/span> <span class=\"hps\">18:00 h<\/span><span>.<\/span><\/p>\n<p>Aci teniu una mostra:<br \/>\n<iframe loading=\"lazy\" src=\"\/\/www.youtube.com\/embed\/cj-xE9mmPek\" frameborder=\"0\" width=\"598\" height=\"449\"><\/iframe><\/p>\n<p><img loading=\"lazy\" class=\"aligncenter size-full wp-image-4987\" title=\"clarialba2\" src=\"http:\/\/www.portaldelolleria.es\/wp-content\/uploads\/2014\/01\/clarialba2.jpg\" alt=\"\" width=\"598\" height=\"707\" srcset=\"http:\/\/www.portaldelolleria.es\/wp-content\/uploads\/2014\/01\/clarialba2.jpg 598w, http:\/\/www.portaldelolleria.es\/wp-content\/uploads\/2014\/01\/clarialba2-253x300.jpg 253w\" sizes=\"(max-width: 598px) 100vw, 598px\" \/><\/p>\n<p><a href=\"https:\/\/www.facebook.com\/olleria.net\"><img loading=\"lazy\" class=\"aligncenter size-full wp-image-4988\" title=\"1facebook\" src=\"http:\/\/www.portaldelolleria.es\/wp-content\/uploads\/2014\/01\/1facebook12.jpg\" alt=\"\" width=\"598\" height=\"115\" srcset=\"http:\/\/www.portaldelolleria.es\/wp-content\/uploads\/2014\/01\/1facebook12.jpg 598w, http:\/\/www.portaldelolleria.es\/wp-content\/uploads\/2014\/01\/1facebook12-300x57.jpg 300w\" sizes=\"(max-width: 598px) 100vw, 598px\" \/><\/a><\/p>\n","protected":false},"excerpt":{"rendered":"<p>&nbsp; &nbsp; &nbsp; El musical &#8216;Somnis&#8217; vuelve a representarse en Montaverner S\u00e1bado 1 de febrero comienzan las representaciones del musical &#8216;Sue\u00f1os&#8217; en el Auditorio Luis Peir\u00f3 de Montaverner. La obra es un montaje propio de la Agrupaci\u00f3n Vocal Clarialba, que lo representa con voces en directo y coreograf\u00edas propias. Un espect\u00e1culo que mezcla diferentes historias [&hellip;]<\/p>\n","protected":false},"author":1,"featured_media":0,"comment_status":"closed","ping_status":"open","sticky":false,"template":"","format":"standard","meta":{"_monsterinsights_skip_tracking":false,"_monsterinsights_sitenote_active":false,"_monsterinsights_sitenote_note":"","_monsterinsights_sitenote_category":0},"categories":[15,789,12],"tags":[625,427,624],"_links":{"self":[{"href":"http:\/\/www.portaldelolleria.es\/index.php?rest_route=\/wp\/v2\/posts\/4986"}],"collection":[{"href":"http:\/\/www.portaldelolleria.es\/index.php?rest_route=\/wp\/v2\/posts"}],"about":[{"href":"http:\/\/www.portaldelolleria.es\/index.php?rest_route=\/wp\/v2\/types\/post"}],"author":[{"embeddable":true,"href":"http:\/\/www.portaldelolleria.es\/index.php?rest_route=\/wp\/v2\/users\/1"}],"replies":[{"embeddable":true,"href":"http:\/\/www.portaldelolleria.es\/index.php?rest_route=%2Fwp%2Fv2%2Fcomments&post=4986"}],"version-history":[{"count":6,"href":"http:\/\/www.portaldelolleria.es\/index.php?rest_route=\/wp\/v2\/posts\/4986\/revisions"}],"predecessor-version":[{"id":5232,"href":"http:\/\/www.portaldelolleria.es\/index.php?rest_route=\/wp\/v2\/posts\/4986\/revisions\/5232"}],"wp:attachment":[{"href":"http:\/\/www.portaldelolleria.es\/index.php?rest_route=%2Fwp%2Fv2%2Fmedia&parent=4986"}],"wp:term":[{"taxonomy":"category","embeddable":true,"href":"http:\/\/www.portaldelolleria.es\/index.php?rest_route=%2Fwp%2Fv2%2Fcategories&post=4986"},{"taxonomy":"post_tag","embeddable":true,"href":"http:\/\/www.portaldelolleria.es\/index.php?rest_route=%2Fwp%2Fv2%2Ftags&post=4986"}],"curies":[{"name":"wp","href":"https:\/\/api.w.org\/{rel}","templated":true}]}}