{"id":505,"date":"2012-05-17T13:10:36","date_gmt":"2012-05-17T12:10:36","guid":{"rendered":"http:\/\/www.portaldelolleria.es\/?p=505"},"modified":"2012-05-24T13:17:44","modified_gmt":"2012-05-24T12:17:44","slug":"el-ayuntamiento-impulsa-un-taller-sobre-la-adolescencia","status":"publish","type":"post","link":"http:\/\/www.portaldelolleria.es\/?p=505","title":{"rendered":"El ayuntamiento impulsa un taller sobre la adolescencia"},"content":{"rendered":"<p><a href=\"http:\/\/www.portaldelolleria.es\/wp-content\/uploads\/2012\/05\/adolescentes.jpg\"><img loading=\"lazy\" class=\"aligncenter size-full wp-image-506\" title=\"adolescentes\" src=\"http:\/\/www.portaldelolleria.es\/wp-content\/uploads\/2012\/05\/adolescentes.jpg\" alt=\"taller adolescencia\" width=\"598\" height=\"398\" srcset=\"http:\/\/www.portaldelolleria.es\/wp-content\/uploads\/2012\/05\/adolescentes.jpg 598w, http:\/\/www.portaldelolleria.es\/wp-content\/uploads\/2012\/05\/adolescentes-300x199.jpg 300w\" sizes=\"(max-width: 598px) 100vw, 598px\" \/><\/a><\/p>\n<p>Son muchos los factores que interfieren en el desarrollo de una persona y muchas las etapas que se suceden hasta que llega a formarse un adulto con total autonom\u00eda. En l&#8217;Olleria est\u00e1n llevando a cabo un taller que se centra en una de las \u00e9pocas m\u00e1s cr\u00edticas, la adolescencia.<\/p>\n<div>El curso est\u00e1 organizado por la Concejal\u00eda de Educaci\u00f3n del ayuntamiento de la localidad. Se trata de una iniciativa que se extiende a lo largo de tres sesiones totalmente gratuitas y abiertas a todos los p\u00fablicos. \u00abPuede venir todo el que quiera, ya que es una experiencia muy enriquecedora, pero se dirige especialmente a madres y padres con hijos que est\u00e1n atravesando esa etapa complicada que es la adolescencia\u00bb, explica Gema Borr\u00e1s, concejala del \u00e1rea.<\/div>\n<div>Cada sesi\u00f3n tiene una duraci\u00f3n de dos horas y se imparte en el Aula Taller del Centro Social de l&#8217;Olleria. \u00abLa primera sesi\u00f3n tuvo lugar el pasado mi\u00e9rcoles 16, la segunda es el 21 , y la charla que clausurar\u00e1 el curso ser\u00e1 el mi\u00e9rcoles 23\u00bb, apuntan fuentes municipales. En las clases se est\u00e1 explicando la forma en la que en muchas ocasiones se asocia la adolescencia con aspectos negativos como la mala educaci\u00f3n de los j\u00f3venes, los conflictos y abusos en las aulas, peleas entre padres e hijos, malas notas, amistades inadecuadas y otros tantos aspectos. \u00abPero el tr\u00e1nsito de la ni\u00f1ez a la juventud no tiene por qu\u00e9 ser un itinerario traum\u00e1tico para las familias ni para el adolescente\u00bb, cuentan fuentes municipales.<\/div>\n<div>Adem\u00e1s, uno de los principales problemas que aflora en dicha etapa es la falta de comunicaci\u00f3n y de empat\u00eda entre padres e hijos. \u00abEsto puede surgir debido a las m\u00faltiples barreras que nos ponemos y que nos perjudican, como por ejemplo la inseguridad o el temor\u00bb, afirman desde el taller.<\/div>\n<p>\u00abMuchas familias no saben c\u00f3mo actuar por carecer de habilidades o por desconocer otras alternativas\u00bb, apuntan. Por este motivo \u00abcreemos que es muy importante y necesario este taller, porque es un excelente punto de encuentro para intercambiar informaci\u00f3n, recursos y f\u00f3rmulas a los padres y as\u00ed darles herramientas para que prevengan tensiones e incomprensiones y eviten destruir la comunicaci\u00f3n<\/p>\n","protected":false},"excerpt":{"rendered":"<p>Son muchos los factores que interfieren en el desarrollo de una persona y muchas las etapas que se suceden hasta que llega a formarse un adulto con total autonom\u00eda. En l&#8217;Olleria est\u00e1n llevando a cabo un taller que se centra en una de las \u00e9pocas m\u00e1s cr\u00edticas, la adolescencia. El curso est\u00e1 organizado por la [&hellip;]<\/p>\n","protected":false},"author":2,"featured_media":0,"comment_status":"closed","ping_status":"open","sticky":false,"template":"","format":"standard","meta":{"_monsterinsights_skip_tracking":false,"_monsterinsights_sitenote_active":false,"_monsterinsights_sitenote_note":"","_monsterinsights_sitenote_category":0},"categories":[10,12],"tags":[87,88,90,20,89],"_links":{"self":[{"href":"http:\/\/www.portaldelolleria.es\/index.php?rest_route=\/wp\/v2\/posts\/505"}],"collection":[{"href":"http:\/\/www.portaldelolleria.es\/index.php?rest_route=\/wp\/v2\/posts"}],"about":[{"href":"http:\/\/www.portaldelolleria.es\/index.php?rest_route=\/wp\/v2\/types\/post"}],"author":[{"embeddable":true,"href":"http:\/\/www.portaldelolleria.es\/index.php?rest_route=\/wp\/v2\/users\/2"}],"replies":[{"embeddable":true,"href":"http:\/\/www.portaldelolleria.es\/index.php?rest_route=%2Fwp%2Fv2%2Fcomments&post=505"}],"version-history":[{"count":1,"href":"http:\/\/www.portaldelolleria.es\/index.php?rest_route=\/wp\/v2\/posts\/505\/revisions"}],"predecessor-version":[{"id":507,"href":"http:\/\/www.portaldelolleria.es\/index.php?rest_route=\/wp\/v2\/posts\/505\/revisions\/507"}],"wp:attachment":[{"href":"http:\/\/www.portaldelolleria.es\/index.php?rest_route=%2Fwp%2Fv2%2Fmedia&parent=505"}],"wp:term":[{"taxonomy":"category","embeddable":true,"href":"http:\/\/www.portaldelolleria.es\/index.php?rest_route=%2Fwp%2Fv2%2Fcategories&post=505"},{"taxonomy":"post_tag","embeddable":true,"href":"http:\/\/www.portaldelolleria.es\/index.php?rest_route=%2Fwp%2Fv2%2Ftags&post=505"}],"curies":[{"name":"wp","href":"https:\/\/api.w.org\/{rel}","templated":true}]}}