{"id":508,"date":"2012-05-24T17:22:24","date_gmt":"2012-05-24T16:22:24","guid":{"rendered":"http:\/\/www.portaldelolleria.es\/?p=508"},"modified":"2012-05-24T17:24:42","modified_gmt":"2012-05-24T16:24:42","slug":"se-amplia-el-horario-de-la-linea-l%e2%80%99olleria-xativa-tras-anos-de-reivindicacion","status":"publish","type":"post","link":"http:\/\/www.portaldelolleria.es\/?p=508","title":{"rendered":"Se amplia el horario de la l\u00ednea L\u2019Olleria-X\u00e0tiva tras a\u00f1os de reivindicaci\u00f3n"},"content":{"rendered":"<p><a href=\"http:\/\/www.portaldelolleria.es\/wp-content\/uploads\/2012\/05\/olleriabus.jpg\"><img loading=\"lazy\" class=\"aligncenter size-full wp-image-509\" title=\"olleriabus\" src=\"http:\/\/www.portaldelolleria.es\/wp-content\/uploads\/2012\/05\/olleriabus.jpg\" alt=\"aumenta el servicio de autobus en l'Olleria\" width=\"598\" height=\"398\" srcset=\"http:\/\/www.portaldelolleria.es\/wp-content\/uploads\/2012\/05\/olleriabus.jpg 598w, http:\/\/www.portaldelolleria.es\/wp-content\/uploads\/2012\/05\/olleriabus-300x199.jpg 300w\" sizes=\"(max-width: 598px) 100vw, 598px\" \/><\/a><\/p>\n<p>Los vecinos de L\u2019Olleria disfrutan de un mejor servicio de autobuses de la l\u00ednea L\u2019Olleria-X\u00e0tiva desde esta semana ya que tal y como ha explicado el alcalde, Jos\u00e9 Vidal \u201ccontamos con un viaje m\u00e1s de ida y de vuelta, una muy buena noticia que permite a todos los ollerienses contar con un mejor servicio facilitando la comunicaci\u00f3n entre ambas poblaciones\u201d.<\/p>\n<p>Una mejora fruto del empe\u00f1o y trabajo realizado desde alcald\u00eda durante meses, as\u00ed lo subrayaba el primer edil quien comentaba que \u201cesta ampliaci\u00f3n era algo que los vecinos de L\u2019Olleria ven\u00edan reclamando desde hace a\u00f1os y por este motivo hemos estado trabajando de manera constante hasta conseguirlo\u201d a\u00f1adiendo que \u201cen el mes de abril mantuvimos una reuni\u00f3n con Mar Mart\u00ednez Aparicio, Directora de la Agencia Valenciana de Movilidad y con Pilar \u00c1lvarez, Jefa del Servicio de Seguridad y Ordenaci\u00f3n del Transporte de la Conselleria de Infraestructuras, Territorio y Ambiente, donde se les traslad\u00f3 la necesidad que ten\u00eda nuestro municipio de mejorar el horario del servicio de autobuses de la l\u00ednea L\u2019Olleria-X\u00e0tiva ya que en ese momento s\u00f3lo hab\u00eda uno de ida a las 06\u201945 de la ma\u00f1ana y otro de vuelta a las 15:30 horas,\u00a0 un horario insuficiente para una poblaci\u00f3n de casi 9.000 habitantes. En esta reuni\u00f3n tanto Mart\u00ednez como \u00c1lvarez se mostraron receptivas a las peticiones comprometi\u00e9ndose a hacer gestiones con la empresa concesionaria del servicio para intentar conseguir esta mejora lo antes posible, una mejora necesaria y de la que ya se pueden beneficiar todos los ollerienses\u201d.<\/p>\n<p><span style=\"color: #000000;\">De tal manera que ahora al horario ya existente se suma un viaje m\u00e1s de ida, a las 08:30 horas y de vuelta a las 12:00 horas.<\/span><\/p>\n<p>Por \u00faltimo,\u00a0 el alcalde ha querido \u201cagradecer a la Conselleria el inter\u00e9s mostrado en nuestra petici\u00f3n y su buena disposici\u00f3n desde el primer momento, as\u00ed como a la empresa que presta el servicio por su colaboraci\u00f3n\u201d.<\/p>\n","protected":false},"excerpt":{"rendered":"<p>Los vecinos de L\u2019Olleria disfrutan de un mejor servicio de autobuses de la l\u00ednea L\u2019Olleria-X\u00e0tiva desde esta semana ya que tal y como ha explicado el alcalde, Jos\u00e9 Vidal \u201ccontamos con un viaje m\u00e1s de ida y de vuelta, una muy buena noticia que permite a todos los ollerienses contar con un mejor servicio facilitando [&hellip;]<\/p>\n","protected":false},"author":2,"featured_media":0,"comment_status":"closed","ping_status":"open","sticky":false,"template":"","format":"standard","meta":{"_monsterinsights_skip_tracking":false,"_monsterinsights_sitenote_active":false,"_monsterinsights_sitenote_note":"","_monsterinsights_sitenote_category":0},"categories":[3,12],"tags":[91,93,20,92],"_links":{"self":[{"href":"http:\/\/www.portaldelolleria.es\/index.php?rest_route=\/wp\/v2\/posts\/508"}],"collection":[{"href":"http:\/\/www.portaldelolleria.es\/index.php?rest_route=\/wp\/v2\/posts"}],"about":[{"href":"http:\/\/www.portaldelolleria.es\/index.php?rest_route=\/wp\/v2\/types\/post"}],"author":[{"embeddable":true,"href":"http:\/\/www.portaldelolleria.es\/index.php?rest_route=\/wp\/v2\/users\/2"}],"replies":[{"embeddable":true,"href":"http:\/\/www.portaldelolleria.es\/index.php?rest_route=%2Fwp%2Fv2%2Fcomments&post=508"}],"version-history":[{"count":2,"href":"http:\/\/www.portaldelolleria.es\/index.php?rest_route=\/wp\/v2\/posts\/508\/revisions"}],"predecessor-version":[{"id":511,"href":"http:\/\/www.portaldelolleria.es\/index.php?rest_route=\/wp\/v2\/posts\/508\/revisions\/511"}],"wp:attachment":[{"href":"http:\/\/www.portaldelolleria.es\/index.php?rest_route=%2Fwp%2Fv2%2Fmedia&parent=508"}],"wp:term":[{"taxonomy":"category","embeddable":true,"href":"http:\/\/www.portaldelolleria.es\/index.php?rest_route=%2Fwp%2Fv2%2Fcategories&post=508"},{"taxonomy":"post_tag","embeddable":true,"href":"http:\/\/www.portaldelolleria.es\/index.php?rest_route=%2Fwp%2Fv2%2Ftags&post=508"}],"curies":[{"name":"wp","href":"https:\/\/api.w.org\/{rel}","templated":true}]}}