{"id":5140,"date":"2014-01-20T13:34:13","date_gmt":"2014-01-20T11:34:13","guid":{"rendered":"http:\/\/www.portaldelolleria.es\/?p=5140"},"modified":"2014-01-20T15:18:01","modified_gmt":"2014-01-20T13:18:01","slug":"enrique-alborch-gana-el-50%c2%ba-concurso-de-musica-festera-de-alcoi","status":"publish","type":"post","link":"http:\/\/www.portaldelolleria.es\/?p=5140","title":{"rendered":"Enrique Alborch gana el 50\u00ba concurso de m\u00fasica festera de Alcoi"},"content":{"rendered":"<p><img loading=\"lazy\" class=\"aligncenter size-full wp-image-5155\" title=\"alborch4\" src=\"http:\/\/www.portaldelolleria.es\/wp-content\/uploads\/2014\/01\/alborch4.jpg\" alt=\"\" width=\"598\" height=\"398\" srcset=\"http:\/\/www.portaldelolleria.es\/wp-content\/uploads\/2014\/01\/alborch4.jpg 598w, http:\/\/www.portaldelolleria.es\/wp-content\/uploads\/2014\/01\/alborch4-300x199.jpg 300w\" sizes=\"(max-width: 598px) 100vw, 598px\" \/><\/p>\n<p>Enrique Alborch Tarras\u00f3 gan\u00f3 el primer premio de la 50\u00aa Edici\u00f3n del Concurso de M\u00fasica Festera de Alcoi\u00a0 con el pasodoble \u00abRomualdo Soler\u00bb.<\/p>\n<p><span>La Uni\u00f3 Musical d&#8217;Alcoi, con\u00a0 Gaspar Nadal a la batuta, interpret\u00f3 en la primera parte del concierto, celebrado en el Teatro Calder\u00f3n de Alcoi, los cuatro pasodobles finalistas bajo los lemas \u00abLlavor\u00bb (que corresponde al pasodoble \u00abRomualdo Soler\u00bb), \u00abEl Partidor\u00bb, \u00abVII de Gener\u00bb y \u00abEn La Bandeja\u00bb . Tras un descanso, la Uni\u00f3 Musical volvi\u00f3 para interpretar siete obras de m\u00fasica festera que ya fueron premiadas en ediciones anteriores, tanto en la etapa en la que el Ayuntamiento organizaba el concurso (1949-1963) como en la actual, que ya ha cumplido 50 convocatorias.<\/span><\/p>\n<p>&nbsp;<\/p>\n<p><img loading=\"lazy\" class=\"aligncenter size-full wp-image-5141\" title=\"alborch2\" src=\"http:\/\/www.portaldelolleria.es\/wp-content\/uploads\/2014\/01\/alborch2.jpg\" alt=\"\" width=\"579\" height=\"367\" srcset=\"http:\/\/www.portaldelolleria.es\/wp-content\/uploads\/2014\/01\/alborch2.jpg 579w, http:\/\/www.portaldelolleria.es\/wp-content\/uploads\/2014\/01\/alborch2-300x190.jpg 300w\" sizes=\"(max-width: 579px) 100vw, 579px\" \/><\/p>\n<p><span>Enrique Alborch indic\u00f3 que estaba \u00abmuy satisfecho\u00bb al tiempo que manifest\u00f3 que \u00abhace mucho tiempo que escribo m\u00fasica, he ganado alg\u00fan concurso, pero ganar en Alcoi tiene un sabor especial\u00bb. El compositor dedica el pasodoble a su suegro, Romulado Soler, \u00abque falleci\u00f3 hace unos a\u00f1os. Era un m\u00fasico de la Pobla del Duc que vino muchos a\u00f1os a tocar a Alcoi\u00bb.<\/span><\/p>\n<p><span>La Uni\u00f3 Musical volvi\u00f3 a interpretar el pasodoble ganador, pero\u00a0 esta vez dirigido por el propio\u00a0 Enrique Alborch, y el concierto se cerr\u00f3 con el Himno de Fiestas.<\/span><\/p>\n<p><iframe loading=\"lazy\" src=\"\/\/www.youtube.com\/embed\/wUSf5xPxa84\" frameborder=\"0\" width=\"598\" height=\"336\"><\/iframe><\/p>\n<p>El Concurso de Composici\u00f3n de M\u00fasica Festera Premio Juan Cant\u00f3 Franc\u00e9s en la modalidad de pasodoble cumple 50 a\u00f1os organizado por la Associaci\u00f3 de Sant Jordi.<\/p>\n<p>En realidad es desde 1964 que se encargan de este certamen desde la Associaci\u00f3, aunque el mismo se remonta a 1949, impulsado por el alcalde Francisco Boronat, altern\u00e1ndose las modalidades de pasodoble y marcha mora.<\/p>\n<p>La elecci\u00f3n de la obra ganadora, se dispone en una primera parte para las obras presentadas. Las cuatro se interpretar\u00e1n seg\u00fan el lema con el que han sido presentadas, \u2018Llavor\u2019, \u2018El Partidor\u2019, \u2018VII de gener\u2019 y \u2018En la Bandeja\u2019. Al terminar las cuatro obras, el jurado profesional compuesto por Jos\u00e9 Mar\u00eda Valls Satorres, Ram\u00f3n Garc\u00eda y Jaime Lloret se reunir\u00e1 para deliberar y dar la obra ganadora o en su caso proclamar el concurso desierto que tambi\u00e9n podr\u00eda darse. El premio est\u00e1 dotado en 2.500 euros.<\/p>\n<p>Al mismo tiempo, un jurado compuesto por aficionados a la m\u00fasica presentes en el mismo concierto, entre diez y veinte, a los que se les dar\u00e1 una carpeta de forma aleatoria en la entrada del Teatro Calder\u00f3n decidir\u00e1n cual de las cuatro obras es la que m\u00e1s les ha gustado llev\u00e1ndose un acc\u00e9sit de 500 euros, reconocimiento patrocinado por el Ayuntamiento.<\/p>\n<p>Con posterioridad habr\u00e1 una segunda parte en la que se interpretar\u00e1n siete obras en orden cronol\u00f3gico de las \u00faltimas siete d\u00e9cadas. Las obras a interpretar son \u2018\u00c1gueda\u2019 marcha mora de V\u00edctor Vall\u00e9s, \u2018Frigiliana\u2019 marcha solemne de \u00d3scar Vidal, \u2018Fernand\u00edn\u2019 pasodoble de Jos\u00e9 Vicente Egea, \u2018El Barranc del Sinc\u2019 marcha cristiana a de Rafael Mullor, \u2018Als Cristians\u2019 marcha cristiana de Jos\u00e9 Mar\u00eda Valls Satorres, \u2018Primavera\u2019 pasodoble de Antonio Gisbert y \u2018L\u2019Ambaixador\u2019 marcha mora de Amando Blanquer. Al final del concierto se d\u00e1 a conocer la obra ganadora en las dos categor\u00edas, de jurado y del p\u00fablico -la primera puede quedar desierto y pueden coincidir.<\/p>\n<p>El concierto que no se hab\u00eda realizado los \u00faltimos a\u00f1os ha sido presentado por el presidente de la Associaci\u00f3 de Sant Jordi Rafael Tortosa, el vicepresidente primero Jos\u00e9 Luis Matarredona y el concejal de fiestas Jordi Mart\u00ednez.<\/p>\n<p>Por su parte, Enrique Alborch Tarras\u00f3, no necesita presentaci\u00f3n en L&#8217;Olleria, ya que \u00e9s el actual Director de la SEM Sta Cecilia.\u00a0 Para los que a\u00fan les resulte desconocido, a\u00f1adimos su biografia como Director, extraida de su propia web\u00a0\u00a0 www.enriquealborch.wordpress.com<\/p>\n<p>\u25cf Director Titular de la Banda de la Societat Escola Musical \u201cSanta Cec\u00edlia\u201d de l\u2019Olleria (octubre 2012 fins l\u2019actualitat)<\/p>\n<p>\u25cf Director Titular de l\u2019Agrupaci\u00f3 Musical Ontinyent (2006 fins l\u2019actualitat).<\/p>\n<p>Amb aquesta banda va aconseguir en 2008 els 2ons premis al III Certamen de M\u00fasica Festera de Villena i a l\u2019entrada de bandes d\u2019Ontinyent on participen 24 bandes. En 2009 i 2010 ha aconseguit el 1er premi al mateix acte a Ontinyent i tamb\u00e9 en 2009 i en 2012 el 2on a l\u2019entrada de bandes d\u2019Albaida. A m\u00e9s en 2010 ha gravat els primers CDs de l\u2019Agrupaci\u00f3: \u201cMoz\u00e1rabes 1960\u201d (per als Moss\u00e0rabs d\u2019Ontinyent) i \u201cAnys de C\u00e0rrec\u201d (per als Asturianos d\u2019Alcoi). En 2012 obt\u00e9 el 2on premi al Certamen Provincial de Bandes de Val\u00e8ncia en la seua 2a secci\u00f3.<\/p>\n<p>\u25cf Director Convidat a l\u2019Agrupaci\u00f3 Musical de Pego (gener \u2013 juny de 2007)<\/p>\n<p>\u25cf Director de la Societat Ateneu Musical de Cocentaina (2000 \u2013 2006).<\/p>\n<p>Amb aquesta formaci\u00f3 ha participat en\u00a0 el XXXII Certamen Provincial d\u2019Alacant (2003) i en el Certamen Internacional de Val\u00e8ncia (2006) realitzant destacades actuacions i ha participat en la gravaci\u00f3 dels CDs \u201cMaseros en festes\u201d, \u201cEl Moro Guerrer\u201d i \u201cBlau i Nacre\u201d.<\/p>\n<p>\u25cf Director de la Uni\u00f3 Musical de la Pobla del Duc (1998 \u2013 2003)<\/p>\n<p>\u25cf Sotsdirector de l\u2019Agrupaci\u00f3 Coral de Castell\u00f3 de Rugat (1997 \u2013 1998)<\/p>\n<p>\u25cf En 2011 va ser convidat a dirigir l\u2019himne de les festes d\u2019Aielo de Malferit que dona inici oficial als actes i que \u00e9s interpretat conjuntament per les 10 bandes que participen en les festes.<\/p>\n<p>\u25cf Ha segut director convidat per a dirigir les seues obres a la Uni\u00f3 Musical Benicadell de Castell\u00f3 de Rugat, l\u2019Agrupaci\u00f3 Artistico-musical \u201cEl Trabajo\u201d de Xixona, Uni\u00f3 Musical de La Canyada, Uni\u00f3 Musical d\u2019Aldaia, la Nova de Banyeres, Uni\u00f3 Musical de Biar, Centre Art\u00edstic Musical de X\u00e0bia, Uni\u00f3 Musical de Montesa, Agrupaci\u00f3 Musical Sta. Cec\u00edlia de Castalla, Uni\u00f3 Musical d\u2019Atzeneta d\u2019Albaida, Ateneu de Cocentaina, la Lira de Quatretonda, Societat Musical de Bolbaite, la Lira de Monfort del Cid, la Uni\u00f3 Musical de La Pobla del Duc, Banda \u201cTot per la M\u00fasica\u201d d\u2019Ontinyent i la Banda d\u2019Almoines.<\/p>\n<p>\u25cf Ha segut seleccionat per a dirigir les bandes de Muro i\u00a0 Villafranqueza en la clausura de cursos de direcci\u00f3.<\/p>\n","protected":false},"excerpt":{"rendered":"<p>Enrique Alborch Tarras\u00f3 gan\u00f3 el primer premio de la 50\u00aa Edici\u00f3n del Concurso de M\u00fasica Festera de Alcoi\u00a0 con el pasodoble \u00abRomualdo Soler\u00bb. La Uni\u00f3 Musical d&#8217;Alcoi, con\u00a0 Gaspar Nadal a la batuta, interpret\u00f3 en la primera parte del concierto, celebrado en el Teatro Calder\u00f3n de Alcoi, los cuatro pasodobles finalistas bajo los lemas \u00abLlavor\u00bb [&hellip;]<\/p>\n","protected":false},"author":1,"featured_media":0,"comment_status":"closed","ping_status":"open","sticky":false,"template":"","format":"standard","meta":{"_monsterinsights_skip_tracking":false,"_monsterinsights_sitenote_active":false,"_monsterinsights_sitenote_note":"","_monsterinsights_sitenote_category":0},"categories":[3,12],"tags":[810,938,232,298,788,568,937],"_links":{"self":[{"href":"http:\/\/www.portaldelolleria.es\/index.php?rest_route=\/wp\/v2\/posts\/5140"}],"collection":[{"href":"http:\/\/www.portaldelolleria.es\/index.php?rest_route=\/wp\/v2\/posts"}],"about":[{"href":"http:\/\/www.portaldelolleria.es\/index.php?rest_route=\/wp\/v2\/types\/post"}],"author":[{"embeddable":true,"href":"http:\/\/www.portaldelolleria.es\/index.php?rest_route=\/wp\/v2\/users\/1"}],"replies":[{"embeddable":true,"href":"http:\/\/www.portaldelolleria.es\/index.php?rest_route=%2Fwp%2Fv2%2Fcomments&post=5140"}],"version-history":[{"count":7,"href":"http:\/\/www.portaldelolleria.es\/index.php?rest_route=\/wp\/v2\/posts\/5140\/revisions"}],"predecessor-version":[{"id":5157,"href":"http:\/\/www.portaldelolleria.es\/index.php?rest_route=\/wp\/v2\/posts\/5140\/revisions\/5157"}],"wp:attachment":[{"href":"http:\/\/www.portaldelolleria.es\/index.php?rest_route=%2Fwp%2Fv2%2Fmedia&parent=5140"}],"wp:term":[{"taxonomy":"category","embeddable":true,"href":"http:\/\/www.portaldelolleria.es\/index.php?rest_route=%2Fwp%2Fv2%2Fcategories&post=5140"},{"taxonomy":"post_tag","embeddable":true,"href":"http:\/\/www.portaldelolleria.es\/index.php?rest_route=%2Fwp%2Fv2%2Ftags&post=5140"}],"curies":[{"name":"wp","href":"https:\/\/api.w.org\/{rel}","templated":true}]}}