{"id":5192,"date":"2014-01-24T20:28:42","date_gmt":"2014-01-24T18:28:42","guid":{"rendered":"http:\/\/www.portaldelolleria.es\/?p=5192"},"modified":"2014-01-30T11:09:35","modified_gmt":"2014-01-30T09:09:35","slug":"el-rodat-1893-fc-y-al-nuestro-amigo-finalistas-del-x-concurso-francesc-cerda","status":"publish","type":"post","link":"http:\/\/www.portaldelolleria.es\/?p=5192","title":{"rendered":"El Rodat, 1893, FC y Al Nostre Amic finalistas del X Concurso Francesc Cerd\u00e1"},"content":{"rendered":"<p>&nbsp;<\/p>\n<p>&nbsp;<\/p>\n<p><a href=\"http:\/\/www.portaldelolleria.es\/wp-content\/uploads\/2014\/01\/fcerda.jpg\"><img loading=\"lazy\" class=\"aligncenter size-full wp-image-5194\" title=\"fcerda\" src=\"http:\/\/www.portaldelolleria.es\/wp-content\/uploads\/2014\/01\/fcerda.jpg\" alt=\"\" width=\"598\" height=\"398\" srcset=\"http:\/\/www.portaldelolleria.es\/wp-content\/uploads\/2014\/01\/fcerda.jpg 598w, http:\/\/www.portaldelolleria.es\/wp-content\/uploads\/2014\/01\/fcerda-300x199.jpg 300w\" sizes=\"(max-width: 598px) 100vw, 598px\" \/><\/a><\/p>\n<p>&nbsp;<\/p>\n<p class=\"MsoNormal\" style=\"text-align: justify;\"><span style=\"font-size: 12.0pt; line-height: 115%; mso-ansi-language: CA; mso-bidi-font-weight: bold;\" lang=\"CA\">Ya se conocen los nombres de las cuatro obras finalistas que optaran al X Concurso<strong> <\/strong><\/span><span style=\"font-size: 12.0pt; line-height: 115%;\" lang=\"ES-TRAD\">de M\u00fasica Festera Francesc Cerd\u00e0, que su d\u00e9cima edici\u00f3n ser\u00e1 especial.<\/span><\/p>\n<p class=\"MsoNormal\" style=\"text-align: justify;\"><span style=\"font-size: 12.0pt; line-height: 115%;\" lang=\"ES-TRAD\">Este a\u00f1o, tal y como ha explicado el concejal de Cultura, Jes\u00fas Engo \u201cse han presentado 33 pasodobles de varias parte de Espa\u00f1a, de los cuales se han seleccionado 4 obras, el encargado de este important\u00edsimo y dificil\u00edsimo trabajo ha sido un jurado formado por<span style=\"mso-spacerun: yes;\">\u00a0 <\/span>Ram\u00f3n Garc\u00eda y Soler, Carlos Pellicer Andr\u00e9s y \u00d3scar Vidal i Belda, todos ellos compositores y directores de m\u00fasica\u201d.<\/span><\/p>\n<p class=\"MsoNormal\" style=\"text-align: justify;\"><span style=\"font-size: 12.0pt; line-height: 115%;\" lang=\"ES-TRAD\">Los t\u00edtulos de las obras finalistas han sido El Rodat, 1893, FC y Al Nostre Amic, estas \u201cser\u00e1n interpretadas por la Banda Societat Escola Musical Santa Cecilia de l\u2019Olleria el 22 de febrero de 2014 en el Teatro Goya de nuestra localidad, en juego un primer premio de 2.500 euros\u201d.<\/span><\/p>\n<p class=\"MsoNormal\" style=\"text-align: justify;\"><span style=\"font-size: 12.0pt; line-height: 115%;\" lang=\"ES-TRAD\">\u201cEste a\u00f1o, recordemos, es especial y queremos que el concurso sea 100% Francesc Cerd\u00e0, por este motivo la obra ganadora llevar\u00e1 el nombre de Francesc Cerd\u00e0<span style=\"mso-spacerun: yes;\">\u00a0 <\/span>adem\u00e1s, este a\u00f1o la modalidad del concurso ha sido la de pasodoble, esta alteraci\u00f3n se producir\u00e1 s\u00f3lo esta edici\u00f3n ya que deber\u00eda haber sido marcha mora pero desde la organizaci\u00f3n pensamos que en un a\u00f1o como este el pasodoble<span style=\"mso-spacerun: yes;\">\u00a0 <\/span>era la mejor opci\u00f3n ya que las piezas en esta modalidad son m\u00e1s pr\u00e1cticas a la hora de tocarlas en la calle para los diferentes festejos con banda y por lo tanto una pieza que va a llevar el nombre del gran maestro Francesc Cerd\u00e0 nos gustar\u00eda que sonora lo m\u00e1s posible y en el mayor n\u00famero posible de actos\u201d.<\/span><\/p>\n<p class=\"MsoNormal\" style=\"text-align: justify;\"><span style=\"font-size: 12.0pt; line-height: 115%;\" lang=\"ES-TRAD\">Otra de las novedades las encontramos en el jurado que \u201cpor primera vez contar\u00e1 con tres miembros de la SEM Sta. Cecilia, 3 miembros de la Junta Central de Moros y Cristianos de L\u2019Olleria adem\u00e1s de las tres personas que conformaran el jurado t\u00e9cnico designado por el Ayuntamiento y que ser\u00e1n como todos los a\u00f1os, expertos del mundo de la m\u00fasica y la composici\u00f3n\u201d. <\/span><\/p>\n<p><a href=\"https:\/\/www.facebook.com\/olleria.net\"><img loading=\"lazy\" class=\"aligncenter size-full wp-image-5193\" title=\"1facebook\" src=\"http:\/\/www.portaldelolleria.es\/wp-content\/uploads\/2014\/01\/1facebook21.jpg\" alt=\"\" width=\"598\" height=\"115\" srcset=\"http:\/\/www.portaldelolleria.es\/wp-content\/uploads\/2014\/01\/1facebook21.jpg 598w, http:\/\/www.portaldelolleria.es\/wp-content\/uploads\/2014\/01\/1facebook21-300x57.jpg 300w\" sizes=\"(max-width: 598px) 100vw, 598px\" \/><\/a><\/p>\n","protected":false},"excerpt":{"rendered":"<p>&nbsp; &nbsp; &nbsp; Ya se conocen los nombres de las cuatro obras finalistas que optaran al X Concurso de M\u00fasica Festera Francesc Cerd\u00e0, que su d\u00e9cima edici\u00f3n ser\u00e1 especial. Este a\u00f1o, tal y como ha explicado el concejal de Cultura, Jes\u00fas Engo \u201cse han presentado 33 pasodobles de varias parte de Espa\u00f1a, de los cuales [&hellip;]<\/p>\n","protected":false},"author":1,"featured_media":0,"comment_status":"closed","ping_status":"open","sticky":false,"template":"","format":"standard","meta":{"_monsterinsights_skip_tracking":false,"_monsterinsights_sitenote_active":false,"_monsterinsights_sitenote_note":"","_monsterinsights_sitenote_category":0},"categories":[3,12],"tags":[810,942,358,20,818],"_links":{"self":[{"href":"http:\/\/www.portaldelolleria.es\/index.php?rest_route=\/wp\/v2\/posts\/5192"}],"collection":[{"href":"http:\/\/www.portaldelolleria.es\/index.php?rest_route=\/wp\/v2\/posts"}],"about":[{"href":"http:\/\/www.portaldelolleria.es\/index.php?rest_route=\/wp\/v2\/types\/post"}],"author":[{"embeddable":true,"href":"http:\/\/www.portaldelolleria.es\/index.php?rest_route=\/wp\/v2\/users\/1"}],"replies":[{"embeddable":true,"href":"http:\/\/www.portaldelolleria.es\/index.php?rest_route=%2Fwp%2Fv2%2Fcomments&post=5192"}],"version-history":[{"count":2,"href":"http:\/\/www.portaldelolleria.es\/index.php?rest_route=\/wp\/v2\/posts\/5192\/revisions"}],"predecessor-version":[{"id":5228,"href":"http:\/\/www.portaldelolleria.es\/index.php?rest_route=\/wp\/v2\/posts\/5192\/revisions\/5228"}],"wp:attachment":[{"href":"http:\/\/www.portaldelolleria.es\/index.php?rest_route=%2Fwp%2Fv2%2Fmedia&parent=5192"}],"wp:term":[{"taxonomy":"category","embeddable":true,"href":"http:\/\/www.portaldelolleria.es\/index.php?rest_route=%2Fwp%2Fv2%2Fcategories&post=5192"},{"taxonomy":"post_tag","embeddable":true,"href":"http:\/\/www.portaldelolleria.es\/index.php?rest_route=%2Fwp%2Fv2%2Ftags&post=5192"}],"curies":[{"name":"wp","href":"https:\/\/api.w.org\/{rel}","templated":true}]}}