{"id":524,"date":"2012-06-01T19:55:20","date_gmt":"2012-06-01T18:55:20","guid":{"rendered":"http:\/\/www.portaldelolleria.es\/?p=524"},"modified":"2012-06-01T19:55:20","modified_gmt":"2012-06-01T18:55:20","slug":"joaquin-ubeda-subir-de-categoria-era-nuestra-meta","status":"publish","type":"post","link":"http:\/\/www.portaldelolleria.es\/?p=524","title":{"rendered":"Joaqu\u00edn \u00dabeda: \u00abSubir de categor\u00eda era nuestra meta\u00bb."},"content":{"rendered":"<p><a href=\"http:\/\/www.portaldelolleria.es\/wp-content\/uploads\/2012\/06\/ximo-palleta.jpg\"><img loading=\"lazy\" class=\"aligncenter size-full wp-image-525\" title=\"ximo palleta\" src=\"http:\/\/www.portaldelolleria.es\/wp-content\/uploads\/2012\/06\/ximo-palleta.jpg\" alt=\"\" width=\"598\" height=\"398\" srcset=\"http:\/\/www.portaldelolleria.es\/wp-content\/uploads\/2012\/06\/ximo-palleta.jpg 598w, http:\/\/www.portaldelolleria.es\/wp-content\/uploads\/2012\/06\/ximo-palleta-300x199.jpg 300w\" sizes=\"(max-width: 598px) 100vw, 598px\" \/><\/a><\/p>\n<p>Con este ascenso a Primera Regional,\u00a0 l&#8217;Olleria CF logra un objetivo perseguido en los \u00faltimos a\u00f1os:\u00a0 \u00bb Subir de categor\u00eda era nuestra meta ya que para una localidad como l&#8217;Olleria de 9.000 habitantes era un tanto decepcionante estar en Segunda Regional\u00bb destaca el presidente del club, Joaqu\u00edn \u00dabeda, quien no pod\u00eda haber tenido un debut mejor al frente del club. \u00bb es mi primer a\u00f1o como presidente, nos propusimos llevar el equipo hasta Primera Regional y con el esfuerzo de todos lo hemos logrado\u00bb.<\/p>\n<p>La clave del \u00e9xito de l&#8217;Olleria CF es que ha logrado formar un equipo compuesto b\u00e1sicamente por jugadores locales: \u00bb Pr\u00e1cticamente toda la plantilla est\u00e1 integrada por jugadores que se han formado en las Escuelas Municipales. Nuestro proyecto radica precisamente en eso, en que el primer equipo est\u00e9 formado por jugadores de l&#8217;Olleria, que los chicos tengan la oportunidad de jugar en un club de casa, sin tener que irese fuera\u00bb. En este sentido uno de los proyectos para la pr\u00f3xima temporada es formar un segundo equipo que militar\u00eda en 2\u00aa Regional.<\/p>\n<p>En la actualidad l&#8217;Olleria CF cuenta con una cantera compuesta por 6 equipos de f\u00fatbol 11 entre los que se incluye un equipo femenino y 5 equipos de f\u00fatbol 7.<\/p>\n<p>Con todo esto, l&#8217;Olleria CF militar\u00e1 la pr\u00f3xima temporada en Primera Regional, tras completar una brillante campa\u00f1a que le ha llevado a lograr el ascenso perseguido en los \u00faltimos a\u00f1os.\u00a0 El club entra por a la nueva categor\u00eda por la puerta grande, como l\u00edder destacado del Grupo XI de 2\u00aa Regional. El equipo dirigido por Toni S\u00e1nchez ha sido el gran dominador de su grupo proclam\u00e1ndose campe\u00f3n con 75 puntos,\u00a0 de 25 victorias y tan solo 3 derrotas. Cifras que le dieron un margen de 7 puntos de ventaja sobre el segundo clasificado el CF Atl\u00e9tic X\u00e0tiva.\u00a0\u00a0 Si\u00e9ndo tambi\u00e9n\u00a0 el equipo mas goleador (89 goles) y el menos goleado (17 en contra).<\/p>\n","protected":false},"excerpt":{"rendered":"<p>Con este ascenso a Primera Regional,\u00a0 l&#8217;Olleria CF logra un objetivo perseguido en los \u00faltimos a\u00f1os:\u00a0 \u00bb Subir de categor\u00eda era nuestra meta ya que para una localidad como l&#8217;Olleria de 9.000 habitantes era un tanto decepcionante estar en Segunda Regional\u00bb destaca el presidente del club, Joaqu\u00edn \u00dabeda, quien no pod\u00eda haber tenido un debut [&hellip;]<\/p>\n","protected":false},"author":2,"featured_media":0,"comment_status":"closed","ping_status":"open","sticky":false,"template":"","format":"standard","meta":{"_monsterinsights_skip_tracking":false,"_monsterinsights_sitenote_active":false,"_monsterinsights_sitenote_note":"","_monsterinsights_sitenote_category":0},"categories":[9,12],"tags":[31,99,20,44,101,102,100],"_links":{"self":[{"href":"http:\/\/www.portaldelolleria.es\/index.php?rest_route=\/wp\/v2\/posts\/524"}],"collection":[{"href":"http:\/\/www.portaldelolleria.es\/index.php?rest_route=\/wp\/v2\/posts"}],"about":[{"href":"http:\/\/www.portaldelolleria.es\/index.php?rest_route=\/wp\/v2\/types\/post"}],"author":[{"embeddable":true,"href":"http:\/\/www.portaldelolleria.es\/index.php?rest_route=\/wp\/v2\/users\/2"}],"replies":[{"embeddable":true,"href":"http:\/\/www.portaldelolleria.es\/index.php?rest_route=%2Fwp%2Fv2%2Fcomments&post=524"}],"version-history":[{"count":1,"href":"http:\/\/www.portaldelolleria.es\/index.php?rest_route=\/wp\/v2\/posts\/524\/revisions"}],"predecessor-version":[{"id":526,"href":"http:\/\/www.portaldelolleria.es\/index.php?rest_route=\/wp\/v2\/posts\/524\/revisions\/526"}],"wp:attachment":[{"href":"http:\/\/www.portaldelolleria.es\/index.php?rest_route=%2Fwp%2Fv2%2Fmedia&parent=524"}],"wp:term":[{"taxonomy":"category","embeddable":true,"href":"http:\/\/www.portaldelolleria.es\/index.php?rest_route=%2Fwp%2Fv2%2Fcategories&post=524"},{"taxonomy":"post_tag","embeddable":true,"href":"http:\/\/www.portaldelolleria.es\/index.php?rest_route=%2Fwp%2Fv2%2Ftags&post=524"}],"curies":[{"name":"wp","href":"https:\/\/api.w.org\/{rel}","templated":true}]}}