{"id":5355,"date":"2014-02-17T12:05:04","date_gmt":"2014-02-17T10:05:04","guid":{"rendered":"http:\/\/www.portaldelolleria.es\/?p=5355"},"modified":"2014-02-17T12:05:04","modified_gmt":"2014-02-17T10:05:04","slug":"david-tolsa-bronce-en-campeonato-espana-junior","status":"publish","type":"post","link":"http:\/\/www.portaldelolleria.es\/?p=5355","title":{"rendered":"David Tols\u00e0, bronce en Campeonato Espa\u00f1a Junior"},"content":{"rendered":"<p>&nbsp;<\/p>\n<p><img loading=\"lazy\" class=\"aligncenter size-full wp-image-5358\" title=\"tolsa9\" src=\"http:\/\/www.portaldelolleria.es\/wp-content\/uploads\/2014\/02\/tolsa9.jpg\" alt=\"\" width=\"598\" height=\"398\" srcset=\"http:\/\/www.portaldelolleria.es\/wp-content\/uploads\/2014\/02\/tolsa9.jpg 598w, http:\/\/www.portaldelolleria.es\/wp-content\/uploads\/2014\/02\/tolsa9-300x199.jpg 300w\" sizes=\"(max-width: 598px) 100vw, 598px\" \/><\/p>\n<p>&nbsp;<\/p>\n<p><span id=\"result_box\" lang=\"es\"><span title=\"Com no podia ser d'un altra manera, David Tols\u00e0 membre de les escoles esportives municipals i del equip de competici\u00f3 de Taekwondo de L'Olleria, es proclam\u00e0 Tercer classificat al Campionat d'Espanya Junior celebrat aquest cap de setmana a la ciutat gallega de\">Como no pod\u00eda ser de otra manera , David Tols\u00e0 miembro de las escuelas deportivas municipales y del equipo de competici\u00f3n de Taekwondo de L&#8217;Olleria , se proclam\u00f3 Tercer clasificado en el Campeonato de Espa\u00f1a Junior celebrado este fin de semana en la ciudad gallega de <\/span><span title=\"Pontevedra, ja van dos vegades consecutives!. \u00a0\u00a0\">Pontevedra, ya van dos veces consecutivas ! .<\/span><\/span><\/p>\n<p><span title=\"\u00c9ste passat dissabte 15 de febrer a la ciutat de Pontevedra es va celebrar el Campionat d'Espanya de Taekwondo en la categoria Junior.\">\u00c9ste pasado s\u00e1bado 15 de febrero en la ciudad de Pontevedra se celebr\u00f3 el Campeonato de Espa\u00f1a de Taekwondo en la categor\u00eda Junior . <\/span><span title=\"Del nostre poble va participar, per segona vegada consecutiva David Tols\u00e0 en el pes de -48 Kg.\">De nuestro pueblo particip\u00f3 , por segunda vez consecutiva David Tols\u00e0 en el peso de -48 Kg . <\/span><span title=\"David va fer un campionat espectacular, David estava classificat directament en quarts de final, ja que era cap de s\u00e8rie gr\u00e0cies al bronze aconseguit l'any passat i es va lliurar de la primera ronda, David es va tindre que esperar fins al combat 30 per\">David hizo un campeonato espectacular , David estaba clasificado directamente en cuartos de final , ya que era cabeza de serie gracias al bronce conseguido el a\u00f1o pasado y se libr\u00f3 de la primera ronda , David se tuvo que esperar hasta el combate 30 por <\/span><span title=\"poder debutar i esperar al seu contrincant que eixiria en el combat entre el competidor madrileny i el asturi\u00e0, en aquest combat va guanyar el madrileny Sergio Ropero que s'enfrontaria a David, va ser un combat sense molta historia ja que David es va imposar per\">debutar y esperar a su contrincante que saldr\u00eda en el combate entre el competidor madrile\u00f1o y el asturiano , en este combate gan\u00f3 el madrile\u00f1o Sergio Ropero que se enfrentar\u00eda a David , fue un combate sin mucha historia ya que David se impuso por <\/span><span title=\"un m\u00e9s que c\u00f2mode marcador de 9-1 no donant opci\u00f3 al seu rival i aix\u00ed accedir a les semifinals per la porta gran, all\u00ed l'esperaria el competidor, conegut per David ja que es van enfrontar en el passat Open de Benic\u00e0ssim, el representant\">un m\u00e1s que c\u00f3modo marcador de 9-1 no dando opci\u00f3n a su rival y as\u00ed acceder a las semifinales por la puerta grande , all\u00ed la esperar\u00eda el competidor , conocido por David ya que se enfrentaron en el pasado Open de Benic\u00e0ssim , el representante <\/span><span title=\"de Catalunya Jason Minioza, va ser un combat espectacular on David va dur la ventaja durant tot el combat, ha falta de deu segons del tercer assalt guanyava per 5-3, Jason a la desesperada li fa un punt i per amonestaci\u00f3 de David li donen\">de Catalu\u00f1a Jason Minioza , fue un combate espectacular donde David llev\u00f3 la ventaja durante todo el combate , ha falta de diez segundos del tercer asalto ganaba por 5-3 , Jason a la desesperada le hace un punto y por amonestaci\u00f3n de David le dan <\/span><span title=\"un altre, al fi del assalt el marcador era de 5-5, arribant aix\u00ed al tant temut per als competidors punt d'or, David ho va intentar per\u00f2 al final la sort no va estar de part d'ell i Jason va aconseguir el\">otro , el fin del asalto el marcador era de 5-5 , llegando as\u00ed al tanto temido por los competidores punto de oro , David lo intent\u00f3 pero al final la suerte no estuvo de parte de \u00e9l y Jason consigui\u00f3 <\/span><span title=\"punt que donava acc\u00e9s a la gran final., aconseguint aix\u00ed el tant merescut tercer lloc en la classificaci\u00f3 i penjar-se al coll la medalla de Bronze. \u00a0\u00a0\">punto que daba acceso a la gran final. , consiguiendo as\u00ed el tanto merecido tercer puesto en la clasificaci\u00f3n y colgarse al cuello la medalla de Bronce .<\/span><\/p>\n<p><span title=\"Donar-li la ENHORABONA al nostre David per la seua nova medalla de Bronze nacional i com no als seus pares que van patir com els que m\u00e9s en terres galleges. \u00a0\">Darle la ENHORABUENA a nuestro David por su nueva medalla de Bronce nacional y como no a sus padres que sufrieron como los que m\u00e1s en tierras gallegas .<\/span><\/p>\n<p><span title=\"Ara toca seguir treballant aix\u00ed David i vor\u00e0s com en un futur no molt llunya el color de la medalla canviar\u00e0. \u00a0\">Ahora toca seguir trabajando as\u00ed David y ver\u00e1s como en un futuro no muy lejano el color de la medalla cambiar\u00e1 .<\/span><\/p>\n<p><span title=\"Desitjar tamb\u00e9 molta sort per als nostres competidors en les dos pr\u00f2ximes competicions que es celebraran el proper 1 de mar\u00e7, a Oscar Salamanca en el Campionat d'Espanya Senior a la ciutat extremenya de C\u00e0ceres ia les nostres xiques Andrea Oltra i Davinia Anaya que participaran en\">Desear tambi\u00e9n mucha suerte para nuestros competidores en las dos pr\u00f3ximas competiciones que se celebrar\u00e1n el pr\u00f3ximo 1 de marzo , a Oscar Salamanca en el Campeonato de Espa\u00f1a Senior en la ciudad extreme\u00f1a de C\u00e1ceres ya nuestras chicas Andrea Oltra y Davinia Anaya que participar\u00e1n en <\/span><span title=\"el Campionat Auton\u00f2mic Universitari de la poblaci\u00f3 valenciana de Torrent, on tenen moltes possibilitats de classificar-se per al Campionat d'Espanya Universitari.\">el Campeonato Auton\u00f3mico Universitario de la poblaci\u00f3n valenciana de Torrent , donde tienen muchas posibilidades de clasificarse para el Campeonato de Espa\u00f1a Universitario .<\/span><\/p>\n<p class=\"MsoNormal\"><img loading=\"lazy\" class=\"aligncenter size-full wp-image-5356\" title=\"tolsa8\" src=\"http:\/\/www.portaldelolleria.es\/wp-content\/uploads\/2014\/02\/tolsa8.jpg\" alt=\"\" width=\"598\" height=\"797\" srcset=\"http:\/\/www.portaldelolleria.es\/wp-content\/uploads\/2014\/02\/tolsa8.jpg 598w, http:\/\/www.portaldelolleria.es\/wp-content\/uploads\/2014\/02\/tolsa8-225x300.jpg 225w\" sizes=\"(max-width: 598px) 100vw, 598px\" \/><\/p>\n<p class=\"MsoNormal\"><a href=\"https:\/\/www.facebook.com\/olleria.net\"><img loading=\"lazy\" class=\"aligncenter size-full wp-image-5357\" title=\"1facebook\" src=\"http:\/\/www.portaldelolleria.es\/wp-content\/uploads\/2014\/02\/1facebook15.jpg\" alt=\"\" width=\"598\" height=\"115\" srcset=\"http:\/\/www.portaldelolleria.es\/wp-content\/uploads\/2014\/02\/1facebook15.jpg 598w, http:\/\/www.portaldelolleria.es\/wp-content\/uploads\/2014\/02\/1facebook15-300x57.jpg 300w\" sizes=\"(max-width: 598px) 100vw, 598px\" \/><\/a><\/p>\n","protected":false},"excerpt":{"rendered":"<p>&nbsp; &nbsp; Como no pod\u00eda ser de otra manera , David Tols\u00e0 miembro de las escuelas deportivas municipales y del equipo de competici\u00f3n de Taekwondo de L&#8217;Olleria , se proclam\u00f3 Tercer clasificado en el Campeonato de Espa\u00f1a Junior celebrado este fin de semana en la ciudad gallega de Pontevedra, ya van dos veces consecutivas ! [&hellip;]<\/p>\n","protected":false},"author":1,"featured_media":0,"comment_status":"closed","ping_status":"open","sticky":false,"template":"","format":"standard","meta":{"_monsterinsights_skip_tracking":false,"_monsterinsights_sitenote_active":false,"_monsterinsights_sitenote_note":"","_monsterinsights_sitenote_category":0},"categories":[9,12],"tags":[715,208,103,189,929,20],"_links":{"self":[{"href":"http:\/\/www.portaldelolleria.es\/index.php?rest_route=\/wp\/v2\/posts\/5355"}],"collection":[{"href":"http:\/\/www.portaldelolleria.es\/index.php?rest_route=\/wp\/v2\/posts"}],"about":[{"href":"http:\/\/www.portaldelolleria.es\/index.php?rest_route=\/wp\/v2\/types\/post"}],"author":[{"embeddable":true,"href":"http:\/\/www.portaldelolleria.es\/index.php?rest_route=\/wp\/v2\/users\/1"}],"replies":[{"embeddable":true,"href":"http:\/\/www.portaldelolleria.es\/index.php?rest_route=%2Fwp%2Fv2%2Fcomments&post=5355"}],"version-history":[{"count":1,"href":"http:\/\/www.portaldelolleria.es\/index.php?rest_route=\/wp\/v2\/posts\/5355\/revisions"}],"predecessor-version":[{"id":5359,"href":"http:\/\/www.portaldelolleria.es\/index.php?rest_route=\/wp\/v2\/posts\/5355\/revisions\/5359"}],"wp:attachment":[{"href":"http:\/\/www.portaldelolleria.es\/index.php?rest_route=%2Fwp%2Fv2%2Fmedia&parent=5355"}],"wp:term":[{"taxonomy":"category","embeddable":true,"href":"http:\/\/www.portaldelolleria.es\/index.php?rest_route=%2Fwp%2Fv2%2Fcategories&post=5355"},{"taxonomy":"post_tag","embeddable":true,"href":"http:\/\/www.portaldelolleria.es\/index.php?rest_route=%2Fwp%2Fv2%2Ftags&post=5355"}],"curies":[{"name":"wp","href":"https:\/\/api.w.org\/{rel}","templated":true}]}}