{"id":553,"date":"2012-06-05T10:36:47","date_gmt":"2012-06-05T09:36:47","guid":{"rendered":"http:\/\/www.portaldelolleria.es\/?p=553"},"modified":"2012-06-07T13:47:42","modified_gmt":"2012-06-07T12:47:42","slug":"la-mancomunitat-y-la-asociacion-de-hosteleros-organizan-un-concurso-para-potenciar-la-gastronomia-de-la-zona","status":"publish","type":"post","link":"http:\/\/www.portaldelolleria.es\/?p=553","title":{"rendered":"La Mancomunitat y la asociaci\u00f3n de hosteleros organizan un concurso para potenciar la gastronom\u00eda de la zona"},"content":{"rendered":"<h1><a href=\"http:\/\/www.lasprovincias.es\/v\/20120605\/ribera-costera\/vall-albaida-busca-mejor-20120605.html\" target=\"_self\">La Vall d&#8217;Albaida busca su mejor tapa<\/a><\/h1>\n<div id=\"story-subtitulo\">La Mancomunitat y la asociaci\u00f3n de hosteleros organizan un concurso para potenciar la gastronom\u00eda de la zona<\/div>\n<div><a href=\"http:\/\/www.portaldelolleria.es\/wp-content\/uploads\/2012\/06\/tapas.jpg\"><img loading=\"lazy\" class=\"aligncenter size-full wp-image-554\" title=\"tapas\" src=\"http:\/\/www.portaldelolleria.es\/wp-content\/uploads\/2012\/06\/tapas.jpg\" alt=\"\" width=\"598\" height=\"398\" srcset=\"http:\/\/www.portaldelolleria.es\/wp-content\/uploads\/2012\/06\/tapas.jpg 598w, http:\/\/www.portaldelolleria.es\/wp-content\/uploads\/2012\/06\/tapas-300x199.jpg 300w\" sizes=\"(max-width: 598px) 100vw, 598px\" \/><\/a><\/div>\n<div>\n<div id=\"story-texto\">\n<div><a href=\"http:\/\/www.lasprovincias.es\/v\/20120605\/ribera-costera\/vall-albaida-busca-mejor-20120605.html\" target=\"_blank\"><span style=\"color: #ff0000;\">Las Provincias. &#8211;<\/span><\/a> La Mancomunitat de municipis de la Vall d&#8217;Albaida y la asociaci\u00f3n de hosteleros (AHVAL) est\u00e1n ultimando una iniciativa conjunta para potenciar la gastronom\u00eda como reclamo tur\u00edstico.<\/div>\n<div>Aquellos establecimientos adheridos ofrecer\u00e1n una tapa y una consumici\u00f3n por un m\u00f3dico precio de dos euros mientras que los clientes ser\u00e1n los encargados de evaluar el producto mediante una tarjeta de participaci\u00f3n con la condici\u00f3n de haber recorrido, al menos, diez restaurantes o bares diferentes. Al final de la campa\u00f1a el 4 de noviembre y en el marco de la 13\u00aa Feria gastron\u00f3mica, se recontar\u00e1n los votos emitidos que permitir\u00e1n elegir los tres platos de aperitivo m\u00e1s destacados de la comarca.<\/div>\n<div>El conseller de Turismo de la Mancomunitat, Juan Antonio Puchades, hace una llamada a los hosteleros \u00abpara sumarse a la propuesta\u00bb que pretende \u00abponer en valor nuestra cocina tradicional y su adaptaci\u00f3n a los tiempos actuales\u00bb. Por eso, tendr\u00e1n que ponerse en contacto con las t\u00e9cnicas del departamento y conocer todos los detalles del proyecto que empezar\u00e1 a finales de mes o principios de julio. Igualmente, Puchades apunta la \u00aboportunidad excepcional\u00bb que tendr\u00e1n los establecimientos de las 34 localidades de la comarca para promocionarse y atraer nuevos clientes.<\/div>\n<div>Por su parte, el presidente de la Mancomunitat Filiberto Tortosa afirma que la ruta de las tapas permitir\u00e1 \u00abdinamizar la actividad hostelera de nuestros pueblos\u00bb as\u00ed como \u00aba\u00f1adir un atractivo adicional a su riqueza patrimonial y medioambiental\u00bb. Adem\u00e1s, Tortosa incide \u00aben la necesaria colaboraci\u00f3n con el tejido empresarial para poner en marcha acciones como esta que contribuyen a vertebrar a\u00fan m\u00e1s si cabe la comarca, al mismo tiempo que generamos nuevas sinergias econ\u00f3micas como es la promoci\u00f3n del turismo de interior a partir de un aspecto tan enraizado como es nuestra gastronom\u00eda\u00bb.<\/div>\n<\/div>\n<\/div>\n","protected":false},"excerpt":{"rendered":"<p>La Vall d&#8217;Albaida busca su mejor tapa La Mancomunitat y la asociaci\u00f3n de hosteleros organizan un concurso para potenciar la gastronom\u00eda de la zona Las Provincias. &#8211; La Mancomunitat de municipis de la Vall d&#8217;Albaida y la asociaci\u00f3n de hosteleros (AHVAL) est\u00e1n ultimando una iniciativa conjunta para potenciar la gastronom\u00eda como reclamo tur\u00edstico. Aquellos establecimientos [&hellip;]<\/p>\n","protected":false},"author":2,"featured_media":0,"comment_status":"closed","ping_status":"open","sticky":false,"template":"","format":"standard","meta":{"_monsterinsights_skip_tracking":false,"_monsterinsights_sitenote_active":false,"_monsterinsights_sitenote_note":"","_monsterinsights_sitenote_category":0},"categories":[3],"tags":[114,113,112],"_links":{"self":[{"href":"http:\/\/www.portaldelolleria.es\/index.php?rest_route=\/wp\/v2\/posts\/553"}],"collection":[{"href":"http:\/\/www.portaldelolleria.es\/index.php?rest_route=\/wp\/v2\/posts"}],"about":[{"href":"http:\/\/www.portaldelolleria.es\/index.php?rest_route=\/wp\/v2\/types\/post"}],"author":[{"embeddable":true,"href":"http:\/\/www.portaldelolleria.es\/index.php?rest_route=\/wp\/v2\/users\/2"}],"replies":[{"embeddable":true,"href":"http:\/\/www.portaldelolleria.es\/index.php?rest_route=%2Fwp%2Fv2%2Fcomments&post=553"}],"version-history":[{"count":2,"href":"http:\/\/www.portaldelolleria.es\/index.php?rest_route=\/wp\/v2\/posts\/553\/revisions"}],"predecessor-version":[{"id":562,"href":"http:\/\/www.portaldelolleria.es\/index.php?rest_route=\/wp\/v2\/posts\/553\/revisions\/562"}],"wp:attachment":[{"href":"http:\/\/www.portaldelolleria.es\/index.php?rest_route=%2Fwp%2Fv2%2Fmedia&parent=553"}],"wp:term":[{"taxonomy":"category","embeddable":true,"href":"http:\/\/www.portaldelolleria.es\/index.php?rest_route=%2Fwp%2Fv2%2Fcategories&post=553"},{"taxonomy":"post_tag","embeddable":true,"href":"http:\/\/www.portaldelolleria.es\/index.php?rest_route=%2Fwp%2Fv2%2Ftags&post=553"}],"curies":[{"name":"wp","href":"https:\/\/api.w.org\/{rel}","templated":true}]}}