{"id":5586,"date":"2014-03-11T15:00:26","date_gmt":"2014-03-11T13:00:26","guid":{"rendered":"http:\/\/www.portaldelolleria.es\/?p=5586"},"modified":"2014-03-12T20:00:55","modified_gmt":"2014-03-12T18:00:55","slug":"arranca-la-mostra-internacional-de-cinema-documental-de-montaverner","status":"publish","type":"post","link":"http:\/\/www.portaldelolleria.es\/?p=5586","title":{"rendered":"Arranca la Mostra Internacional de Cinema Documental de Montaverner"},"content":{"rendered":"<p>&nbsp;<\/p>\n<p><a href=\"http:\/\/www.portaldelolleria.es\/wp-content\/uploads\/2014\/03\/mondoc.jpg\"><img loading=\"lazy\" class=\"aligncenter size-full wp-image-5587\" title=\"mondoc\" src=\"http:\/\/www.portaldelolleria.es\/wp-content\/uploads\/2014\/03\/mondoc.jpg\" alt=\"\" width=\"598\" height=\"398\" srcset=\"http:\/\/www.portaldelolleria.es\/wp-content\/uploads\/2014\/03\/mondoc.jpg 598w, http:\/\/www.portaldelolleria.es\/wp-content\/uploads\/2014\/03\/mondoc-300x199.jpg 300w\" sizes=\"(max-width: 598px) 100vw, 598px\" \/><\/a><\/p>\n<p>&nbsp;<\/p>\n<p class=\"MsoNormal\" style=\"text-align: center; mso-layout-grid-align: none; text-autospace: none;\" align=\"center\"><strong><span style=\"font-size: 14.0pt; font-family: 'Calibri','sans-serif'; mso-ansi-language: ES; mso-bidi-language: KS-IN;\">Arranca la 6\u00aa edici\u00f3n de la Mostra Internacional de Cinema Documental de Montaverner con la convocatoria del 2\u00ba Premio MON\u00b7DOC<\/span><\/strong><\/p>\n<p>La Concejal\u00eda de Cultura del Ayuntamiento de Montaverner convoca la segunda edici\u00f3n del Premio MON\u00b7DOC, ampliando la participaci\u00f3n a documentales producidos en todo el estado espa\u00f1ol a partir de 2012.<\/p>\n<p>Este paso de festival auton\u00f3mico a nacional supone un gran reto para una muestra que se celebra en un pueblo de apenas 1.800 habitantes, pero todo el equipo de MON\u00b7DOC est\u00e1 ilusionado con esta nueva etapa que empieza la Mostra.<\/p>\n<p>Como en la edici\u00f3n de 2013, los documentales seleccionados entre todos los participantes ser\u00e1n los que conformen la Secci\u00f3n Oficial de la Mostra, y se dividir\u00e1n en dos categorias (largos y cortometrajes), seg\u00fan la duraci\u00f3n de las obras. Adem\u00e1s habr\u00e1 una Secci\u00f3n Mostra, no competitiva, en la que se proyectar\u00e1n documentales de calidad, tratando de traer hasta Montaverner los trabajos premiados en los m\u00e1s importantes festivales internacionales.<\/p>\n<p>En la primera edici\u00f3n del Premio los documentales ganadores fueron: \u2018Alg\u00e8ria, el meu pa\u00eds\u2019, mejor largometraje documental; \u2018L\u2019estiu m\u00e9s negre\u2019, mejor corto documental; y \u2018Val\u00e8ncia necessita una can\u00e7\u00f3\u2019, premio del p\u00fablico. Adem\u00e1s se proyectaron trabajos como los ganadores de los \u00d3scar 2013 \u2018Searching for Sugar Man\u2019 e \u2018Inocente\u2019.<\/p>\n<p>MON\u00b7DOC es una iniciativa \u00fanica en nuestras tierras por estar dedicada \u00edntegramente al cine documental, y desde el primer momento ha contado con el apoyo de instituciones como el SARC (Diputaci\u00f3 de Val\u00e8ncia) y CulturArts (Conselleria d\u2019Educaci\u00f3, Cultura i Esport).<\/p>\n<p>El plazo para presentar los documentales estar\u00e1 abierto hasta el 30 de mayo de 2014. Las bases del certamen y el formulario de inscripci\u00f3n est\u00e1n disponibles en la web de la Mostra: <span lang=\"CA\"><a href=\"http:\/\/montdoc.blogspot.com.es\"><span lang=\"ES\">http:\/\/montdoc.blogspot.com.es<\/span><\/a><\/span>.<\/p>\n","protected":false},"excerpt":{"rendered":"<p>&nbsp; &nbsp; Arranca la 6\u00aa edici\u00f3n de la Mostra Internacional de Cinema Documental de Montaverner con la convocatoria del 2\u00ba Premio MON\u00b7DOC La Concejal\u00eda de Cultura del Ayuntamiento de Montaverner convoca la segunda edici\u00f3n del Premio MON\u00b7DOC, ampliando la participaci\u00f3n a documentales producidos en todo el estado espa\u00f1ol a partir de 2012. Este paso de [&hellip;]<\/p>\n","protected":false},"author":1,"featured_media":0,"comment_status":"closed","ping_status":"open","sticky":false,"template":"","format":"standard","meta":{"_monsterinsights_skip_tracking":false,"_monsterinsights_sitenote_active":false,"_monsterinsights_sitenote_note":"","_monsterinsights_sitenote_category":0},"categories":[15,789],"tags":[978,427],"_links":{"self":[{"href":"http:\/\/www.portaldelolleria.es\/index.php?rest_route=\/wp\/v2\/posts\/5586"}],"collection":[{"href":"http:\/\/www.portaldelolleria.es\/index.php?rest_route=\/wp\/v2\/posts"}],"about":[{"href":"http:\/\/www.portaldelolleria.es\/index.php?rest_route=\/wp\/v2\/types\/post"}],"author":[{"embeddable":true,"href":"http:\/\/www.portaldelolleria.es\/index.php?rest_route=\/wp\/v2\/users\/1"}],"replies":[{"embeddable":true,"href":"http:\/\/www.portaldelolleria.es\/index.php?rest_route=%2Fwp%2Fv2%2Fcomments&post=5586"}],"version-history":[{"count":3,"href":"http:\/\/www.portaldelolleria.es\/index.php?rest_route=\/wp\/v2\/posts\/5586\/revisions"}],"predecessor-version":[{"id":5589,"href":"http:\/\/www.portaldelolleria.es\/index.php?rest_route=\/wp\/v2\/posts\/5586\/revisions\/5589"}],"wp:attachment":[{"href":"http:\/\/www.portaldelolleria.es\/index.php?rest_route=%2Fwp%2Fv2%2Fmedia&parent=5586"}],"wp:term":[{"taxonomy":"category","embeddable":true,"href":"http:\/\/www.portaldelolleria.es\/index.php?rest_route=%2Fwp%2Fv2%2Fcategories&post=5586"},{"taxonomy":"post_tag","embeddable":true,"href":"http:\/\/www.portaldelolleria.es\/index.php?rest_route=%2Fwp%2Fv2%2Ftags&post=5586"}],"curies":[{"name":"wp","href":"https:\/\/api.w.org\/{rel}","templated":true}]}}