{"id":5668,"date":"2014-03-21T12:14:17","date_gmt":"2014-03-21T10:14:17","guid":{"rendered":"http:\/\/www.portaldelolleria.es\/?p=5668"},"modified":"2014-03-25T01:54:24","modified_gmt":"2014-03-24T23:54:24","slug":"festival-de-danses-el-revol-y-otras-agrupaciones-a-favor-de-caritas","status":"publish","type":"post","link":"http:\/\/www.portaldelolleria.es\/?p=5668","title":{"rendered":"Festival de Danses el Revol y otras agrupaciones a favor de C\u00e1ritas."},"content":{"rendered":"<p>&nbsp;<\/p>\n<p><a href=\"http:\/\/www.portaldelolleria.es\/wp-content\/uploads\/2014\/03\/elrevol1.jpg\"><img loading=\"lazy\" class=\"aligncenter size-full wp-image-5670\" title=\"elrevol1\" src=\"http:\/\/www.portaldelolleria.es\/wp-content\/uploads\/2014\/03\/elrevol1.jpg\" alt=\"\" width=\"598\" height=\"398\" srcset=\"http:\/\/www.portaldelolleria.es\/wp-content\/uploads\/2014\/03\/elrevol1.jpg 598w, http:\/\/www.portaldelolleria.es\/wp-content\/uploads\/2014\/03\/elrevol1-300x199.jpg 300w\" sizes=\"(max-width: 598px) 100vw, 598px\" \/><\/a><\/p>\n<p style=\"text-align: justify;\">El pr\u00f3ximo s\u00e1bado 22 de mar\u00e7\u00a0 se celebrar\u00e1 en el teatro Goya, el festival de danzas El Revol,\u00a0 adem\u00e1s del popular grupo de l&#8217;Olleria, tambi\u00e9n participar\u00e1n agrupaciones de danzas de Ontinyent, Alfarras\u00ed, Agres, Planes i Xeraco.<\/p>\n<p style=\"text-align: justify;\">La entrada ser\u00e1 solidaria, consistir\u00e1 en la donaci\u00f3n de un producto alimentario por persona. Todos los alimentos se entregar\u00e1n a C\u00e1ritas Parroquial.\u00a0 El festival empezar\u00e1 a las 19:30 h,\u00a0 previamente a las 19:00 horas habr\u00e1 un pasacalles desde el Hospital San Juan.<\/p>\n<p><a href=\"http:\/\/www.portaldelolleria.es\/wp-content\/uploads\/2014\/03\/elrevol.jpg\"><img loading=\"lazy\" class=\"aligncenter size-full wp-image-5669\" title=\"elrevol\" src=\"http:\/\/www.portaldelolleria.es\/wp-content\/uploads\/2014\/03\/elrevol.jpg\" alt=\"\" width=\"598\" height=\"847\" srcset=\"http:\/\/www.portaldelolleria.es\/wp-content\/uploads\/2014\/03\/elrevol.jpg 598w, http:\/\/www.portaldelolleria.es\/wp-content\/uploads\/2014\/03\/elrevol-211x300.jpg 211w\" sizes=\"(max-width: 598px) 100vw, 598px\" \/><\/a><\/p>\n","protected":false},"excerpt":{"rendered":"<p>&nbsp; El pr\u00f3ximo s\u00e1bado 22 de mar\u00e7\u00a0 se celebrar\u00e1 en el teatro Goya, el festival de danzas El Revol,\u00a0 adem\u00e1s del popular grupo de l&#8217;Olleria, tambi\u00e9n participar\u00e1n agrupaciones de danzas de Ontinyent, Alfarras\u00ed, Agres, Planes i Xeraco. La entrada ser\u00e1 solidaria, consistir\u00e1 en la donaci\u00f3n de un producto alimentario por persona. Todos los alimentos se [&hellip;]<\/p>\n","protected":false},"author":1,"featured_media":0,"comment_status":"closed","ping_status":"open","sticky":false,"template":"","format":"standard","meta":{"_monsterinsights_skip_tracking":false,"_monsterinsights_sitenote_active":false,"_monsterinsights_sitenote_note":"","_monsterinsights_sitenote_category":0},"categories":[16],"tags":[985,627,20],"_links":{"self":[{"href":"http:\/\/www.portaldelolleria.es\/index.php?rest_route=\/wp\/v2\/posts\/5668"}],"collection":[{"href":"http:\/\/www.portaldelolleria.es\/index.php?rest_route=\/wp\/v2\/posts"}],"about":[{"href":"http:\/\/www.portaldelolleria.es\/index.php?rest_route=\/wp\/v2\/types\/post"}],"author":[{"embeddable":true,"href":"http:\/\/www.portaldelolleria.es\/index.php?rest_route=\/wp\/v2\/users\/1"}],"replies":[{"embeddable":true,"href":"http:\/\/www.portaldelolleria.es\/index.php?rest_route=%2Fwp%2Fv2%2Fcomments&post=5668"}],"version-history":[{"count":4,"href":"http:\/\/www.portaldelolleria.es\/index.php?rest_route=\/wp\/v2\/posts\/5668\/revisions"}],"predecessor-version":[{"id":5709,"href":"http:\/\/www.portaldelolleria.es\/index.php?rest_route=\/wp\/v2\/posts\/5668\/revisions\/5709"}],"wp:attachment":[{"href":"http:\/\/www.portaldelolleria.es\/index.php?rest_route=%2Fwp%2Fv2%2Fmedia&parent=5668"}],"wp:term":[{"taxonomy":"category","embeddable":true,"href":"http:\/\/www.portaldelolleria.es\/index.php?rest_route=%2Fwp%2Fv2%2Fcategories&post=5668"},{"taxonomy":"post_tag","embeddable":true,"href":"http:\/\/www.portaldelolleria.es\/index.php?rest_route=%2Fwp%2Fv2%2Ftags&post=5668"}],"curies":[{"name":"wp","href":"https:\/\/api.w.org\/{rel}","templated":true}]}}