{"id":5742,"date":"2014-03-30T13:13:12","date_gmt":"2014-03-30T11:13:12","guid":{"rendered":"http:\/\/www.portaldelolleria.es\/?p=5742"},"modified":"2014-03-30T13:14:46","modified_gmt":"2014-03-30T11:14:46","slug":"presentacion-de-la-eb-lolleria-en-el-teatro-goya","status":"publish","type":"post","link":"http:\/\/www.portaldelolleria.es\/?p=5742","title":{"rendered":"Presentaci\u00f3n de la EB L&#8217;Olleria en el Teatro Goya"},"content":{"rendered":"<p>&nbsp;<\/p>\n<p><a href=\"http:\/\/www.portaldelolleria.es\/wp-content\/uploads\/2014\/03\/basket1.jpg\"><img loading=\"lazy\" class=\"aligncenter size-full wp-image-5749\" title=\"basket1\" src=\"http:\/\/www.portaldelolleria.es\/wp-content\/uploads\/2014\/03\/basket1.jpg\" alt=\"\" width=\"598\" height=\"398\" srcset=\"http:\/\/www.portaldelolleria.es\/wp-content\/uploads\/2014\/03\/basket1.jpg 598w, http:\/\/www.portaldelolleria.es\/wp-content\/uploads\/2014\/03\/basket1-300x199.jpg 300w\" sizes=\"(max-width: 598px) 100vw, 598px\" \/><\/a><\/p>\n<div id=\"gt-res-content\" class=\"almost_half_cell\">\n<div style=\"text-align: justify;\" dir=\"ltr\">\n<p><span id=\"result_box\" lang=\"es\"><span title=\"Al teatre Goya, es presentaren els equips que formen part de l'EB l'Olleria davant d'un p\u00fablic format, sobretot, per familiars dels nostres basquetbolistes.\">En el teatro Goya , se presentaron los equipos que forman parte de la EB l&#8217;Oller\u00eda ante un p\u00fablico formado , sobre todo , por familiares de nuestros baloncestistas . <\/span><span title=\"L'acte va servir per reivindicar la nostra Escola com a una opci\u00f3 esportiva ja consolidada al nostre poble i per demostrar que l'objectiu de formar bones persones fa que, per extensi\u00f3, l'ambient entre tota la fam\u00edlia del b\u00e0squet siga de generositat,\">El acto sirvi\u00f3 para reivindicar nuestra Escuela como una opci\u00f3n deportiva ya consolidada en nuestro pueblo y para demostrar que el objetivo de formar buenas personas hace que , por extensi\u00f3n , el ambiente entre toda la familia del baloncesto sea de <strong>generosidad , <\/strong><\/span><span title=\"toler\u00e0ncia i respecte. \"><strong>tolerancia y respeto.<\/strong><\/span><\/span><\/p>\n<p><span title=\"L'Escola de B\u00e0squet de l'Olleria forma part de les Escoles Esportives Municipals, un servei de formaci\u00f3 gestionat per la Regidoria d'Esports de l'Ajuntament de l'Olleria. \">La Escuela de Baloncesto de la Olleria forma parte de las Escuelas Deportivas Municipales , un servicio de formaci\u00f3n gestionado por la Concejal\u00eda de Deportes del Ayuntamiento de l&#8217;Olleria .<\/span><\/p>\n<p><span title=\"Actualment, hi acudeixen xiquets i xiquetes d'entre 4 i 17 anys.\">Actualmente , acuden ni\u00f1os y ni\u00f1as de entre 4 y 17 a\u00f1os . <\/span><span title=\"Les categories benjam\u00ed, alev\u00ed, infantil i j\u00fanior participen durant la temporada 2013-14 en distintes lligues i, per tant, juguen els seus corresponents partits cada setmana.\">Las categor\u00edas benjam\u00edn , alev\u00edn , infantil y junior participan durante la temporada 2013-14 en distintas ligas y , por tanto , juegan sus correspondientes partidos cada semana . <\/span><span title=\"Els entrenaments i els partits com a locals es desenvolupen al Pavell\u00f3 Esportiu Municipal de La Solana, excepte els del sJ\u00faniors, que es juguen al del Ravalet.\">Los entrenamientos y los partidos como locales se desarrollan en el Pabell\u00f3n Deportivo Municipal de La Solana , excepto los del sJ\u00faniors , que se juegan en el Ravalet . <\/span><span title=\"El monitor i coordinador de l'Escola de B\u00e0squet \u00e9s, des de la temporada 2009-10, Dani Semper Ib\u00e1\u00f1ez. \">El monitor y coordinador de la Escuela de Baloncesto es , desde la temporada 2009-10 , Dani Semper Ib\u00e1\u00f1ez .<\/span><\/p>\n<p><span title=\"Per a la present temporada, s'hi han introdu\u00eft les categories baby i prebenjam\u00ed, i Tono Castell\u00f3 s'ha incorporat com a entrenador dels J\u00faniors. \">Para la presente temporada , se han introducido las categor\u00edas baby y prebenjam\u00edn , y Tono Castell\u00f3n ha incorporado como entrenador de los J\u00faniors .<\/span><\/p>\n<p><span title=\"Podeu trobar-nos en Twitter (@EB_lOlleria), Tuenti (Escola B\u00e0squet de l'Olleria), Instagram (eb_lolleria), Pinterest (Escola de B\u00e0squet de l'Olleria) i Youtube (EB l'Olleria).\">Puede encontrarnos en Twitter ( @ EB_lOlleria ) , Tuenti (Escuela Baloncesto de l&#8217;Olleria ) , Instagram ( eb_lolleria ) , Pinterest (Escuela de Baloncesto de la Olleria ) y Youtube ( EB Oller\u00eda ) .<\/span><\/p>\n<\/div>\n<\/div>\n<p style=\"text-align: justify;\"><a href=\"http:\/\/basketalolleria.wordpress.com\/\" rel=\"nofollow\" target=\"_blank\">http:\/\/basketalolleria.wordpress.com\/<\/a><\/p>\n<p style=\"text-align: justify;\">fotos: EB l&#8217;Olleria<\/p>\n<p><a href=\"http:\/\/www.portaldelolleria.es\/wp-content\/uploads\/2014\/03\/basketbabies.jpg\"><img loading=\"lazy\" class=\"aligncenter size-full wp-image-5748\" title=\"basketbabies\" src=\"http:\/\/www.portaldelolleria.es\/wp-content\/uploads\/2014\/03\/basketbabies.jpg\" alt=\"\" width=\"598\" height=\"401\" srcset=\"http:\/\/www.portaldelolleria.es\/wp-content\/uploads\/2014\/03\/basketbabies.jpg 598w, http:\/\/www.portaldelolleria.es\/wp-content\/uploads\/2014\/03\/basketbabies-300x201.jpg 300w\" sizes=\"(max-width: 598px) 100vw, 598px\" \/><\/a><\/p>\n<p><a href=\"http:\/\/www.portaldelolleria.es\/wp-content\/uploads\/2014\/03\/basketprebenjamin.jpg\"><img loading=\"lazy\" class=\"aligncenter size-full wp-image-5747\" title=\"basketprebenjamin\" src=\"http:\/\/www.portaldelolleria.es\/wp-content\/uploads\/2014\/03\/basketprebenjamin.jpg\" alt=\"\" width=\"598\" height=\"401\" srcset=\"http:\/\/www.portaldelolleria.es\/wp-content\/uploads\/2014\/03\/basketprebenjamin.jpg 598w, http:\/\/www.portaldelolleria.es\/wp-content\/uploads\/2014\/03\/basketprebenjamin-300x201.jpg 300w\" sizes=\"(max-width: 598px) 100vw, 598px\" \/><\/a><\/p>\n<p><a href=\"http:\/\/www.portaldelolleria.es\/wp-content\/uploads\/2014\/03\/basketbenjamin.jpg\"><img loading=\"lazy\" class=\"aligncenter size-full wp-image-5744\" title=\"basketbenjamin\" src=\"http:\/\/www.portaldelolleria.es\/wp-content\/uploads\/2014\/03\/basketbenjamin.jpg\" alt=\"\" width=\"598\" height=\"401\" srcset=\"http:\/\/www.portaldelolleria.es\/wp-content\/uploads\/2014\/03\/basketbenjamin.jpg 598w, http:\/\/www.portaldelolleria.es\/wp-content\/uploads\/2014\/03\/basketbenjamin-300x201.jpg 300w\" sizes=\"(max-width: 598px) 100vw, 598px\" \/><\/a><\/p>\n<p><a href=\"http:\/\/www.portaldelolleria.es\/wp-content\/uploads\/2014\/03\/basketalevin.jpg\"><img loading=\"lazy\" class=\"aligncenter size-full wp-image-5743\" title=\"basketalevin\" src=\"http:\/\/www.portaldelolleria.es\/wp-content\/uploads\/2014\/03\/basketalevin.jpg\" alt=\"\" width=\"598\" height=\"383\" srcset=\"http:\/\/www.portaldelolleria.es\/wp-content\/uploads\/2014\/03\/basketalevin.jpg 598w, http:\/\/www.portaldelolleria.es\/wp-content\/uploads\/2014\/03\/basketalevin-300x192.jpg 300w\" sizes=\"(max-width: 598px) 100vw, 598px\" \/><\/a><\/p>\n<p>&nbsp;<\/p>\n<p><a href=\"http:\/\/www.portaldelolleria.es\/wp-content\/uploads\/2014\/03\/basketinfantils.jpg\"><img loading=\"lazy\" class=\"aligncenter size-full wp-image-5745\" title=\"basketinfantils\" src=\"http:\/\/www.portaldelolleria.es\/wp-content\/uploads\/2014\/03\/basketinfantils.jpg\" alt=\"\" width=\"598\" height=\"401\" srcset=\"http:\/\/www.portaldelolleria.es\/wp-content\/uploads\/2014\/03\/basketinfantils.jpg 598w, http:\/\/www.portaldelolleria.es\/wp-content\/uploads\/2014\/03\/basketinfantils-300x201.jpg 300w\" sizes=\"(max-width: 598px) 100vw, 598px\" \/><\/a><\/p>\n<p>&nbsp;<\/p>\n<p><a href=\"http:\/\/www.portaldelolleria.es\/wp-content\/uploads\/2014\/03\/basketjuniors.jpg\"><img loading=\"lazy\" class=\"aligncenter size-full wp-image-5746\" title=\"basketjuniors\" src=\"http:\/\/www.portaldelolleria.es\/wp-content\/uploads\/2014\/03\/basketjuniors.jpg\" alt=\"\" width=\"598\" height=\"401\" srcset=\"http:\/\/www.portaldelolleria.es\/wp-content\/uploads\/2014\/03\/basketjuniors.jpg 598w, http:\/\/www.portaldelolleria.es\/wp-content\/uploads\/2014\/03\/basketjuniors-300x201.jpg 300w\" sizes=\"(max-width: 598px) 100vw, 598px\" \/><\/a><\/p>\n","protected":false},"excerpt":{"rendered":"<p>&nbsp; En el teatro Goya , se presentaron los equipos que forman parte de la EB l&#8217;Oller\u00eda ante un p\u00fablico formado , sobre todo , por familiares de nuestros baloncestistas . El acto sirvi\u00f3 para reivindicar nuestra Escuela como una opci\u00f3n deportiva ya consolidada en nuestro pueblo y para demostrar que el objetivo de formar [&hellip;]<\/p>\n","protected":false},"author":1,"featured_media":0,"comment_status":"closed","ping_status":"open","sticky":false,"template":"","format":"standard","meta":{"_monsterinsights_skip_tracking":false,"_monsterinsights_sitenote_active":false,"_monsterinsights_sitenote_note":"","_monsterinsights_sitenote_category":0},"categories":[9,12],"tags":[407,989,42],"_links":{"self":[{"href":"http:\/\/www.portaldelolleria.es\/index.php?rest_route=\/wp\/v2\/posts\/5742"}],"collection":[{"href":"http:\/\/www.portaldelolleria.es\/index.php?rest_route=\/wp\/v2\/posts"}],"about":[{"href":"http:\/\/www.portaldelolleria.es\/index.php?rest_route=\/wp\/v2\/types\/post"}],"author":[{"embeddable":true,"href":"http:\/\/www.portaldelolleria.es\/index.php?rest_route=\/wp\/v2\/users\/1"}],"replies":[{"embeddable":true,"href":"http:\/\/www.portaldelolleria.es\/index.php?rest_route=%2Fwp%2Fv2%2Fcomments&post=5742"}],"version-history":[{"count":3,"href":"http:\/\/www.portaldelolleria.es\/index.php?rest_route=\/wp\/v2\/posts\/5742\/revisions"}],"predecessor-version":[{"id":5751,"href":"http:\/\/www.portaldelolleria.es\/index.php?rest_route=\/wp\/v2\/posts\/5742\/revisions\/5751"}],"wp:attachment":[{"href":"http:\/\/www.portaldelolleria.es\/index.php?rest_route=%2Fwp%2Fv2%2Fmedia&parent=5742"}],"wp:term":[{"taxonomy":"category","embeddable":true,"href":"http:\/\/www.portaldelolleria.es\/index.php?rest_route=%2Fwp%2Fv2%2Fcategories&post=5742"},{"taxonomy":"post_tag","embeddable":true,"href":"http:\/\/www.portaldelolleria.es\/index.php?rest_route=%2Fwp%2Fv2%2Ftags&post=5742"}],"curies":[{"name":"wp","href":"https:\/\/api.w.org\/{rel}","templated":true}]}}