{"id":5777,"date":"2014-04-02T20:42:32","date_gmt":"2014-04-02T18:42:32","guid":{"rendered":"http:\/\/www.portaldelolleria.es\/?p=5777"},"modified":"2014-04-02T20:42:32","modified_gmt":"2014-04-02T18:42:32","slug":"teatre-goya-el-bunyol-interpreta-la-cena","status":"publish","type":"post","link":"http:\/\/www.portaldelolleria.es\/?p=5777","title":{"rendered":"Teatre Goya.  \u00abEl Bunyol\u00bb  interpreta  \u00abla cena\u00bb"},"content":{"rendered":"<p><img loading=\"lazy\" class=\"aligncenter size-full wp-image-5779\" title=\"bunyol\" src=\"http:\/\/www.portaldelolleria.es\/wp-content\/uploads\/2014\/04\/bunyol.jpg\" alt=\"\" width=\"598\" height=\"398\" srcset=\"http:\/\/www.portaldelolleria.es\/wp-content\/uploads\/2014\/04\/bunyol.jpg 598w, http:\/\/www.portaldelolleria.es\/wp-content\/uploads\/2014\/04\/bunyol-300x199.jpg 300w\" sizes=\"(max-width: 598px) 100vw, 598px\" \/><\/p>\n<p>El pr\u00f3ximo fin de semana, el Grupo de Teaatre el Bunyol,\u00a0\u00a0 representar\u00e1\u00a0 la obra\u00a0 \u00abLa Cena\u00bb,\u00a0 con tres funciones dos a las 22:30h\u00a0 el viernes y el s\u00e1bado, y una el domingo a las 19:00h.\u00a0\u00a0 Tambi\u00e9n se aprovechar\u00e1 el estreno de la obra\u00a0 para brindar merecido homenaje a\u00a0 Pepe Llandero,\u00a0\u00a0 tras un a\u00f1o de su p\u00e9rdida . El 25 de abril ser\u00e1 el aniversario.<\/p>\n<p>La comedia interpretada por siete de los actores del Grupo se desarrolla en una cena de \u00abamigos\u00bb con una particularidad com\u00fan entre todos ellos.<\/p>\n<p>&nbsp;<\/p>\n<p><img loading=\"lazy\" class=\"aligncenter size-full wp-image-5778\" title=\"bunyol2\" src=\"http:\/\/www.portaldelolleria.es\/wp-content\/uploads\/2014\/04\/bunyol2.jpg\" alt=\"\" width=\"598\" height=\"593\" srcset=\"http:\/\/www.portaldelolleria.es\/wp-content\/uploads\/2014\/04\/bunyol2.jpg 598w, http:\/\/www.portaldelolleria.es\/wp-content\/uploads\/2014\/04\/bunyol2-150x150.jpg 150w, http:\/\/www.portaldelolleria.es\/wp-content\/uploads\/2014\/04\/bunyol2-300x297.jpg 300w\" sizes=\"(max-width: 598px) 100vw, 598px\" \/><\/p>\n<p>&nbsp;<\/p>\n<p>&nbsp;<\/p>\n","protected":false},"excerpt":{"rendered":"<p>El pr\u00f3ximo fin de semana, el Grupo de Teaatre el Bunyol,\u00a0\u00a0 representar\u00e1\u00a0 la obra\u00a0 \u00abLa Cena\u00bb,\u00a0 con tres funciones dos a las 22:30h\u00a0 el viernes y el s\u00e1bado, y una el domingo a las 19:00h.\u00a0\u00a0 Tambi\u00e9n se aprovechar\u00e1 el estreno de la obra\u00a0 para brindar merecido homenaje a\u00a0 Pepe Llandero,\u00a0\u00a0 tras un a\u00f1o de su [&hellip;]<\/p>\n","protected":false},"author":1,"featured_media":0,"comment_status":"closed","ping_status":"open","sticky":false,"template":"","format":"standard","meta":{"_monsterinsights_skip_tracking":false,"_monsterinsights_sitenote_active":false,"_monsterinsights_sitenote_note":"","_monsterinsights_sitenote_category":0},"categories":[16,12],"tags":[652,20,993,992,133],"_links":{"self":[{"href":"http:\/\/www.portaldelolleria.es\/index.php?rest_route=\/wp\/v2\/posts\/5777"}],"collection":[{"href":"http:\/\/www.portaldelolleria.es\/index.php?rest_route=\/wp\/v2\/posts"}],"about":[{"href":"http:\/\/www.portaldelolleria.es\/index.php?rest_route=\/wp\/v2\/types\/post"}],"author":[{"embeddable":true,"href":"http:\/\/www.portaldelolleria.es\/index.php?rest_route=\/wp\/v2\/users\/1"}],"replies":[{"embeddable":true,"href":"http:\/\/www.portaldelolleria.es\/index.php?rest_route=%2Fwp%2Fv2%2Fcomments&post=5777"}],"version-history":[{"count":1,"href":"http:\/\/www.portaldelolleria.es\/index.php?rest_route=\/wp\/v2\/posts\/5777\/revisions"}],"predecessor-version":[{"id":5780,"href":"http:\/\/www.portaldelolleria.es\/index.php?rest_route=\/wp\/v2\/posts\/5777\/revisions\/5780"}],"wp:attachment":[{"href":"http:\/\/www.portaldelolleria.es\/index.php?rest_route=%2Fwp%2Fv2%2Fmedia&parent=5777"}],"wp:term":[{"taxonomy":"category","embeddable":true,"href":"http:\/\/www.portaldelolleria.es\/index.php?rest_route=%2Fwp%2Fv2%2Fcategories&post=5777"},{"taxonomy":"post_tag","embeddable":true,"href":"http:\/\/www.portaldelolleria.es\/index.php?rest_route=%2Fwp%2Fv2%2Ftags&post=5777"}],"curies":[{"name":"wp","href":"https:\/\/api.w.org\/{rel}","templated":true}]}}