{"id":580,"date":"2012-06-12T16:07:59","date_gmt":"2012-06-12T15:07:59","guid":{"rendered":"http:\/\/www.portaldelolleria.es\/?p=580"},"modified":"2012-06-13T13:37:40","modified_gmt":"2012-06-13T12:37:40","slug":"incendio-forestal-llocnou-medios-arereos-tratan-evitar-propagacion","status":"publish","type":"post","link":"http:\/\/www.portaldelolleria.es\/?p=580","title":{"rendered":"Catorce medios a\u00e9reos tratan de evitar el avance del incendio forestal de Llocnou . El fuego ya afecta Terrateig y Lorcha"},"content":{"rendered":"<h3 style=\"text-align: center;\"><a href=\"http:\/\/www.portaldelolleria.es\/wp-content\/uploads\/2012\/06\/incendio.jpg\"><img loading=\"lazy\" class=\"aligncenter size-full wp-image-581\" title=\"incendio\" src=\"http:\/\/www.portaldelolleria.es\/wp-content\/uploads\/2012\/06\/incendio.jpg\" alt=\"incendio l'olleria  (montaverner-otos-rafel de salem)\" width=\"598\" height=\"398\" srcset=\"http:\/\/www.portaldelolleria.es\/wp-content\/uploads\/2012\/06\/incendio.jpg 598w, http:\/\/www.portaldelolleria.es\/wp-content\/uploads\/2012\/06\/incendio-300x199.jpg 300w\" sizes=\"(max-width: 598px) 100vw, 598px\" \/><\/a><\/h3>\n<p style=\"text-align: center;\">vista del incendio de hoy desde el Tanatorio<\/p>\n<h1><a href=\"http:\/\/www.saforguia.com\/HOME2011\/LeerNoticia2011\/tabid\/357\/titular\/CATORCE_MEDIOS_A%C3%89REOS_TRATAN_DE_EVITAR_EL_AVANCE_DEL_INCENDIO_FORESTAL_DE_LLOCNOU_\/idnoticia\/30768\/Default.aspx\"> Catorce medios a\u00e9reos tratan de evitar el avance del incendio forestal de Llocnou <\/a><\/h1>\n<p>Las llamas queman desde este mediod\u00eda monte bajo, matorral y pinar en la Serra de la Cuta, y amenazan el t\u00e9rmino de Castellonet de la Conquesta. A los trabajos de extinci\u00f3n se ha unido la Unidad Militar de Emergencias. El fuego ha inutilizado el sendero PR-400, entre el r\u00edo Vernissa y la sierra.<\/p>\n<p>&nbsp;<\/p>\n<p>Un incendio forestal de monte bajo, matorral y pinar se ha iniciado este mediod\u00eda, sobre las 12:49 horas, por causas no determinadas, en el t\u00e9rmino de Llocnou de Sant Jeroni, entre el Tossal y la Garrofera, a un kil\u00f3metro del casco urbano. Pese a la proximidad, por el momento no hay ninguna zona residencial en peligro.<\/p>\n<p>Las llamas avanzan hacia Castellonet de la Conquesta por la Serra de la Cuta, aunque tambi\u00e9n lindan con el t\u00e9rmino opuesto de Terrateig.<\/p>\n<p>En el lugar trabajan 14 medios \u00e1ereos, efectivos de bomberos de Gandia, Oliva y Torrent, y brigadas forestales con autobombas, seg\u00fan informaron fuentes del Consorcio Provincial de Bomberos.<\/p>\n<p>El alcalde de Llocnou de Sant Jeroni, Ricard Igualde, ha se\u00f1alado que la Serra de la Cuta tiene \u201cun gran valor medioambiental\u201d, y es un \u201cpulm\u00f3n de pino mediterr\u00e1neo\u201d. El incendio ha arrasado <a href=\"http:\/\/clubesportiullocnou.blogspot.com.es\/p\/del-vernissa-la-cuta.html\">el sendero PR-400, entre el r\u00edo Vernissa y la sierra. <\/a><\/p>\n<p>CONSEJOS PARA PREVENIR INCENDIOS<\/p>\n<h3><strong>\u00abSin fuego no hay incendios\u00bb<\/strong><\/h3>\n<p>1.- No enciendas fuego en el campo, ni para quemar rastrojos o pastos, ni para utilizar barbacoas o fogatas, (ni tan siquiera en las \u00e1reas recreativas habilitadas a tal efecto). En la \u00e9poca de alto riesgo de incendios, del 1 de junio al 1 de noviembre, cualquier chispa o llama, por peque\u00f1a que sea, puede dar lugar a un desastre.<\/p>\n<p>2.- No arrojes al suelo cerillas, colillas, cigarros u objetos en combusti\u00f3n, ni tampoco papeles, pl\u00e1sticos, vidrios o cualquier tipo de residuo o material combustible susceptible de originar un incendio. Lo mejor: es no fumar en el campo.<\/p>\n<p>3.- En los terrenos forestales no utilices desbrozadoras, motosierras, grupo de soldadura, amoladora o radial.<\/p>\n<p>4.- A las personas cuya vivienda se encuentre ubicada o circundada por terrenos agr\u00edcolas o forestales, se les recomienda que no pongan setos de especies que arden con facilidad (ariz\u00f3nicas, cipreses, etc), y que no construyan barbacoas en los l\u00edmites de la finca, o al menos, que nunca las utilicen los d\u00edas de viento. Igualmente, se debe solicitar a la comunidad de vecinos la elaboraci\u00f3n de un plan de autodefensa (instalaci\u00f3n de hidrantes en las calles, mantener las calles y caminos aleda\u00f1os despejados de veh\u00edculos y de vegetaci\u00f3n, construcci\u00f3n de dep\u00f3sitos de agua, etc). Deposita la basura y los restos de poda en los contenedores o vertederos habilitados, nunca te deshagas de ellos amonton\u00e1ndolos junto a la vivienda o quem\u00e1ndolos.<\/p>\n<p>5.- En \u00e9pocas de riesgo de incendios, del 1 de junio al 1 de noviembre, para adentrarse en el monte es conveniente conocer bien el terreno, las v\u00edas de comunicaci\u00f3n, caminos alternativos y procurar caminar siempre por zonas de gran visibilidad. Si vas a practicar senderismo, en especial en compa\u00f1\u00eda de mayores y ni\u00f1os, procura no salirte de los circuitos se\u00f1alizados.<\/p>\n<p>6.- Comunica a las autoridades p\u00fablicas los vertederos o puntos de vertidos ilegales que encuentres en terrenos forestales o pr\u00f3ximos a ello. Suelen ser una causa habitual de aparici\u00f3n de incendios forestales.<\/p>\n<p>7.- No pretendas llegar en coche o veh\u00edculo motorizado a todas partes, el contacto del tubo de escape con matorrales secos podr\u00eda provocar un incendio. Del 1 de junio al 1 de noviembre, para evitar incendios no utilices el veh\u00edculo. En zonas forestales estaciona el coche en aparcamientos habilitados, o, al menos, en zonas totalmente despejadas de pastos o matorral.<\/p>\n<p>8.- Si ves un incendio avisa lo antes posible al 112, tel\u00e9fono de emergencia, o al 062 tel\u00e9fono de la Guardia Civil. Indica en tu aviso el camino m\u00e1s adecuado para llegar, teniendo en cuenta hacia donde avanza el fuego. Es recomendable, adem\u00e1s, conocer los servicios de emergencia locales y como contactar con ellos.<\/p>\n<p>9.- Las personas que se encuentren cerca de un incendio, deben intentar ir a un claro donde el fuego no les pueda alcanzar, tratando de alejarse por las zonas laterales del incendio y m\u00e1s desprovistas de vegetaci\u00f3n; si circulan en coche deben cerrar las ventanillas e intentar dirigirse a una zona fuera de peligro. No debes dirigirte hacia barrancos u hondonadas, ni intentar escapar ladera arriba cuando el fuego ascienda por ella. Recuerda que un cambio en la direcci\u00f3n del viento puede hacer que el fuego te rodee. Por tanto, ve siempre en sentido contrario a la direcci\u00f3n del viento.<\/p>\n<p>10.- Las personas que participan en labores de extinci\u00f3n no deben trabajar aisladas, deben estar coordinados y siempre a las \u00f3rdenes de las autoridades competentes. Recuerda que si fueses requerido por las Autoridades p\u00fablicas para colaborar en la extinci\u00f3n de un fuego, tienes el deber legal de colaborar.<\/p>\n<p><a href=\"http:\/\/www.portaldelolleria.es\/wp-content\/uploads\/2012\/06\/incendio2.jpg\"><img loading=\"lazy\" class=\"aligncenter size-full wp-image-582\" title=\"incendio2\" src=\"http:\/\/www.portaldelolleria.es\/wp-content\/uploads\/2012\/06\/incendio2.jpg\" alt=\"\" width=\"598\" height=\"398\" srcset=\"http:\/\/www.portaldelolleria.es\/wp-content\/uploads\/2012\/06\/incendio2.jpg 598w, http:\/\/www.portaldelolleria.es\/wp-content\/uploads\/2012\/06\/incendio2-300x199.jpg 300w\" sizes=\"(max-width: 598px) 100vw, 598px\" \/><\/a><\/p>\n<p style=\"text-align: center;\">vista del inicio del incendio desde el tanatatorio (13:30h)<\/p>\n<p style=\"text-align: center;\"><a href=\"http:\/\/www.rtvv.es\/va\/noticies\/\" target=\"_blank\">VER NOTICIA EN CANAL NOU<\/a><\/p>\n<p><a href=\"http:\/\/www.portaldelolleria.es\/wp-content\/uploads\/2012\/06\/incendio5.jpg\"><img loading=\"lazy\" class=\"aligncenter size-full wp-image-595\" title=\"incendio5\" src=\"http:\/\/www.portaldelolleria.es\/wp-content\/uploads\/2012\/06\/incendio5.jpg\" alt=\"\" width=\"598\" height=\"398\" srcset=\"http:\/\/www.portaldelolleria.es\/wp-content\/uploads\/2012\/06\/incendio5.jpg 598w, http:\/\/www.portaldelolleria.es\/wp-content\/uploads\/2012\/06\/incendio5-300x199.jpg 300w\" sizes=\"(max-width: 598px) 100vw, 598px\" \/><\/a><\/p>\n<p style=\"text-align: center;\"><a href=\"http:\/\/www.portaldelolleria.es\/wp-content\/uploads\/2012\/06\/incendio3.jpg\"><img loading=\"lazy\" class=\"aligncenter size-full wp-image-593\" title=\"incendio3\" src=\"http:\/\/www.portaldelolleria.es\/wp-content\/uploads\/2012\/06\/incendio3.jpg\" alt=\"\" width=\"598\" height=\"398\" srcset=\"http:\/\/www.portaldelolleria.es\/wp-content\/uploads\/2012\/06\/incendio3.jpg 598w, http:\/\/www.portaldelolleria.es\/wp-content\/uploads\/2012\/06\/incendio3-300x199.jpg 300w\" sizes=\"(max-width: 598px) 100vw, 598px\" \/><\/a><a href=\"http:\/\/www.portaldelolleria.es\/wp-content\/uploads\/2012\/06\/incendio4.jpg\"><img loading=\"lazy\" class=\"aligncenter size-full wp-image-594\" title=\"incendio4\" src=\"http:\/\/www.portaldelolleria.es\/wp-content\/uploads\/2012\/06\/incendio4.jpg\" alt=\"\" width=\"598\" height=\"398\" srcset=\"http:\/\/www.portaldelolleria.es\/wp-content\/uploads\/2012\/06\/incendio4.jpg 598w, http:\/\/www.portaldelolleria.es\/wp-content\/uploads\/2012\/06\/incendio4-300x199.jpg 300w\" sizes=\"(max-width: 598px) 100vw, 598px\" \/><\/a><\/p>\n","protected":false},"excerpt":{"rendered":"<p>vista del incendio de hoy desde el Tanatorio Catorce medios a\u00e9reos tratan de evitar el avance del incendio forestal de Llocnou Las llamas queman desde este mediod\u00eda monte bajo, matorral y pinar en la Serra de la Cuta, y amenazan el t\u00e9rmino de Castellonet de la Conquesta. A los trabajos de extinci\u00f3n se ha unido [&hellip;]<\/p>\n","protected":false},"author":2,"featured_media":0,"comment_status":"closed","ping_status":"open","sticky":false,"template":"","format":"standard","meta":{"_monsterinsights_skip_tracking":false,"_monsterinsights_sitenote_active":false,"_monsterinsights_sitenote_note":"","_monsterinsights_sitenote_category":0},"categories":[3,12],"tags":[124,123,20,55,125],"_links":{"self":[{"href":"http:\/\/www.portaldelolleria.es\/index.php?rest_route=\/wp\/v2\/posts\/580"}],"collection":[{"href":"http:\/\/www.portaldelolleria.es\/index.php?rest_route=\/wp\/v2\/posts"}],"about":[{"href":"http:\/\/www.portaldelolleria.es\/index.php?rest_route=\/wp\/v2\/types\/post"}],"author":[{"embeddable":true,"href":"http:\/\/www.portaldelolleria.es\/index.php?rest_route=\/wp\/v2\/users\/2"}],"replies":[{"embeddable":true,"href":"http:\/\/www.portaldelolleria.es\/index.php?rest_route=%2Fwp%2Fv2%2Fcomments&post=580"}],"version-history":[{"count":10,"href":"http:\/\/www.portaldelolleria.es\/index.php?rest_route=\/wp\/v2\/posts\/580\/revisions"}],"predecessor-version":[{"id":613,"href":"http:\/\/www.portaldelolleria.es\/index.php?rest_route=\/wp\/v2\/posts\/580\/revisions\/613"}],"wp:attachment":[{"href":"http:\/\/www.portaldelolleria.es\/index.php?rest_route=%2Fwp%2Fv2%2Fmedia&parent=580"}],"wp:term":[{"taxonomy":"category","embeddable":true,"href":"http:\/\/www.portaldelolleria.es\/index.php?rest_route=%2Fwp%2Fv2%2Fcategories&post=580"},{"taxonomy":"post_tag","embeddable":true,"href":"http:\/\/www.portaldelolleria.es\/index.php?rest_route=%2Fwp%2Fv2%2Ftags&post=580"}],"curies":[{"name":"wp","href":"https:\/\/api.w.org\/{rel}","templated":true}]}}