{"id":5822,"date":"2014-04-08T16:37:35","date_gmt":"2014-04-08T14:37:35","guid":{"rendered":"http:\/\/www.portaldelolleria.es\/?p=5822"},"modified":"2014-04-12T10:23:30","modified_gmt":"2014-04-12T08:23:30","slug":"la-iii-liguilla-de-taekwondo-consigue-llenar-el-pabellon-de-la-solana","status":"publish","type":"post","link":"http:\/\/www.portaldelolleria.es\/?p=5822","title":{"rendered":"La III liguilla de taekwondo consigue llenar el pabell\u00f3n de la Solana"},"content":{"rendered":"<p>&nbsp;<\/p>\n<p><a href=\"http:\/\/www.portaldelolleria.es\/wp-content\/uploads\/2014\/04\/3taekwondo3.jpg\"><img loading=\"lazy\" class=\"aligncenter size-full wp-image-5825\" title=\"3taekwondo3\" src=\"http:\/\/www.portaldelolleria.es\/wp-content\/uploads\/2014\/04\/3taekwondo3.jpg\" alt=\"\" width=\"598\" height=\"376\" srcset=\"http:\/\/www.portaldelolleria.es\/wp-content\/uploads\/2014\/04\/3taekwondo3.jpg 598w, http:\/\/www.portaldelolleria.es\/wp-content\/uploads\/2014\/04\/3taekwondo3-300x188.jpg 300w\" sizes=\"(max-width: 598px) 100vw, 598px\" \/><\/a><\/p>\n<p><em>XC taekwondololleria<\/em><\/p>\n<p style=\"text-align: justify;\"><strong><span id=\"result_box\" lang=\"es\"><span title=\"El pavell\u00f3 de la Solana es queda menut aquest cap de setmana per el campionat de Taekwondo. \">El pabell\u00f3n de la Solana se queda peque\u00f1o este fin de semana para el campeonato de Taekwondo .<\/span><\/span><\/strong><\/p>\n<p><span title=\"Aquest article de hui no vaig a dedicar-lo al 100% als competidors que van participar a la III Lligueta de Taekwondo de la Comunitat Valenciana celebrat aquest cap de setmana 5-6 d'abril a la nostra poblaci\u00f3 de l'Olleria, sino vaig\">Este art\u00edculo de hoy no lo voy a dedicar al 100 % a los competidores que participaron en la III Liguilla de Taekwondo de la Comunidad Valenciana celebrado este fin de semana 5-6 de abril en nuestra poblaci\u00f3n de l&#8217;Olleria, sino voy <\/span><span title=\"a dedicar-lo a tos els competidors i al gran equip d'organitzaci\u00f3 que va fer posible que m\u00e9s de 3000 persones gaudiren d'aquest espectacle que va ser el Taekwondo. \">dedicarlo a todos los competidores y al gran equipo de organizaci\u00f3n que hizo posible que m\u00e1s de 3000 personas disfrutaron de este espect\u00e1culo que fue el Taekwondo .<\/span><\/p>\n<p><span title=\"Este passat dissabte i diumenge 5-6 d'abril al pavell\u00f3 de la Solana es va celebrar la III Lligueta de Taekwondo de laComunitat Valenciana, en aquesta ocasi\u00f3 van ser m\u00e9s800 participants, 950 contant que hihan competidors que participaven entre t\u00e8cnica i combat.\">Este pasado s\u00e1bado y domingo 5-6 de abril en el pabell\u00f3n de la Solana se celebr\u00f3 la III Liguilla de Taekwondo de laComunidad Valenciana , en esta ocasi\u00f3n fueron mas 800 participantes , 950 contando que hab\u00edan competidores que participaban entre t\u00e9cnica y combate . <\/span><span title=\"Un gran \u00e8xit de participaci\u00f3 que va fer posible que en nom de l'Olleria es sentira per tot arreu de la ComunitatLa gent que va acudir a vorer que passava i que no coneixia aquest esport va comprovar que tot no es pegarse, que encara que es\">Un gran \u00e9xito de participaci\u00f3n que hizo posible que en nombre de l&#8217;Olleria se sintiera por todas partes de la Comunitat. La gente que acudi\u00f3 a ver que pasaba y que no conoc\u00eda este deporte comprob\u00f3 que no todo es pegarse , que aunque sea <\/span><span title=\"un esport de contacte, es un esport no violent, si vingeren a primer hora tant del mat\u00ed del dissabte com del diumenge i la primera hora de la vesprada, va comprovar l'espectacularitat que es la t\u00e8cnica, la elegancia en cada t\u00e8cnica, la serietat\">un deporte de contacto , es un deporte no violento , si viniesen a primera hora tanto de la ma\u00f1ana del s\u00e1bado como del domingo y la primera hora de la tarde , comprobar\u00edan la espectacularidad que es la t\u00e9cnica , la elegancia en cada t\u00e9cnica , la seriedad <\/span><span title=\"de cada competidor.\">de cada competidor . <\/span><span title=\"Despr\u00e9s els combats, m\u00e9s espectacle si cal, la rapides, la t\u00e8cnica, la serietat i com no, la concentraci\u00f3 que du cada combat i com no, lo que molta gent no sap, depr\u00e9s de cada combat tant el guanyador com el perdedor, s\">Luego los combates , m\u00e1s espect\u00e1culo si cabe , la rapidez , la t\u00e9cnica , la seriedad y como no , la concentraci\u00f3n que lleva cada combate y como no , lo que mucha gente no sabe , depu\u00e9s de cada combate tanto el ganador como el perdedor , se<\/span><span title=\"'abra\u00e7en i es saluden inclos solen eixir junts del tap\u00eds comentant el que ah\u00ed a passat, perqu\u00e8 a\u00e7\u00f3 es Taekwondo. \"> abrazan y se saludan incluido suelen salir juntos del tapiz comentando lo que ah\u00ed en pasado, porque \u00e9sto se Taekwondo .<\/span><a href=\"http:\/\/www.portaldelolleria.es\/wp-content\/uploads\/2014\/04\/3taekwondo2.jpg\"><img loading=\"lazy\" class=\"aligncenter size-full wp-image-5823\" title=\"3taekwondo2\" src=\"http:\/\/www.portaldelolleria.es\/wp-content\/uploads\/2014\/04\/3taekwondo2.jpg\" alt=\"\" width=\"598\" height=\"320\" srcset=\"http:\/\/www.portaldelolleria.es\/wp-content\/uploads\/2014\/04\/3taekwondo2.jpg 598w, http:\/\/www.portaldelolleria.es\/wp-content\/uploads\/2014\/04\/3taekwondo2-300x160.jpg 300w\" sizes=\"(max-width: 598px) 100vw, 598px\" \/><\/a><\/p>\n<p><span title=\"Ara ja anem a centrarnosen els nostres competidors on com sempre va ser tot un exit, aquesta vegada van ser 12 els competidors que varen participar tant de les Escoles Esportives com per el Club Esportiu Fernando de la nostra localitat i com sempre en molt d'exit\">Ahora ya vamos a centrarnos en nuestros competidores donde como siempre fue todo un \u00e9xito , esta vez fueron 12 los competidores que participaron tanto de las Escuelas Deportivas como para el Club Deportivo Fernando de nuestra localidad y como siempre en mucho \u00e9xito <\/span><span title=\", els resultats van ser els seg\u00fcents:Estela Oltra, David Tols\u00e0, Luis Montero i Oscar van aconseguir el Or i proclamarse campions, Iris Armero, medalla de Plata i Priscila, Carlos Revert, Naufal, Sergio, Raul Tols\u00e0, David Ure\u00f1a i Alba Valls\">, los resultados fueron los siguientes: Estela Oltra , David Tols\u00e0 , Luis Montero y Oscar consiguieron el Oro y proclamarse campeones , Iris Armero , medalla de Plata y Priscila , Carlos Revert , Naufal , Sergio , Raul Tols\u00e0 , David Ure\u00f1a y Alba Valls <\/span><span title=\",que debutava en els combats, medalla de Bronce.\">, que debutaba en los combates , medalla de Bronce . <\/span><span title=\"A tots ells donarlos la enhorabona ia seguir donant alegries en aquest esport al nostre poble. \">A todos ellos darles la enhorabuena ya seguir dando alegr\u00edas en este deporte en nuestro pueblo.<\/span><\/p>\n<p><span title=\"Tamb\u00e9 el diumenge es va rebre homenatge per part de l'ajuntament, la federaci\u00f3 valenciana y la federaci\u00f3 espanyola, al primer equip de competici\u00f3 de combat que va dur Espanya al mundialde EEUU en 1977 aconseguint 3 medalles de Bronze, contar que en aquest equip hi\">Tambi\u00e9n el domingo se recibi\u00f3 homenaje por parte del Ayuntamiento , la Federaci\u00f3n Valenciana y la Federaci\u00f3n Espa\u00f1ola , el primer equipo de competici\u00f3n de combate que llev\u00f3 a Espa\u00f1a al mundialde EEUU 1977 consiguiendo 3 medallas de Bronce , cont\u00f3 que en este equipo hay <\/span><span title=\"havia 6 valencians dels 8 que formaven part de l'equip.\">hab\u00eda 6 valencianos de los 8 que formaban parte del equipo . <\/span><span title=\"Tamb\u00e9 es va homenatjar a la alacantina Laura Kim, campiona del mon en t\u00e8cnica en 2013, a les valencianes Tamara Miquel i Blanca Palmer, Campiones d'Espanya 2013 i medalla de Bronze en el Campionat del mon 2014 i com no al nostre competidor David Tols\u00e0\">Tambi\u00e9n se homenaje\u00f3 a la alicantina Laura Kim , campeona del mundo en t\u00e9cnica en 2013, a las valencianas Tamara Miquel y Blanca Palmer , Campeonas de Espa\u00f1a 2013 y medalla de Bronce en el Campeonato del mundo 2014 y como no a nuestro competidor David Tols\u00e0 <\/span><span title=\"que un any m\u00e9s i ja van dos consecutius,s'ha proclamat medalla de Bronze al Campionat d'Espanya celebrat en Pontevedra el passat febrer.\">que un a\u00f1o m\u00e1s y ya van dos consecutivos , se ha proclamado medalla de Bronce en el Campeonato de Espa\u00f1a celebrado en Pontevedra el pasado febrero. <\/span><span title=\"A tots ell Enhorabona i a seguir aix\u00ed. \">A todos \u00e9l Enhorabuena y seguir as\u00ed .<\/span><\/p>\n<p><span title=\"I com no, no puc acabar este article sense donar la enhorabona a tot l'equip de la organitzaci\u00f3.\">Y como no , no puedo terminar este art\u00edculo sin dar la enhorabuena a todo el equipo de la organizaci\u00f3n. <\/span><span title=\"Andrea Oltra, Davinia, Natalia, Elena, Mohamed, Naufal, Javi Valls, Estela Oltra, Oscar, Iris, Priscila, Sergio, Naufal, Ra\u00fal, Vicent, Salva, Vladis, Prodi, Roser i als coordinadors de tot David Ure\u00f1a, Ximo Cuenca\">Andrea Oltra , Davinia , Natalia , Elena , Mohamed , Naufal , Javi Valls , Estela Oltra , Oscar , Iris , Priscila , Sergio , Naufal , Ra\u00fal , Vicente, Salva , Vlad , Prodi , Rosario y los coordinadores de todo David Ure\u00f1a , Ximo Cuenca <\/span><span title=\", Ram\u00f3n Sanz, als pares i mares que ens tiraren una maneta ia la responsable de c\u00e0teringNeus Arjona que baix la supervisi\u00f3 de Fernando Arjora van fer possible que tot fora un \u00e8xit. \">, Ram\u00f3n Sanz , los padres y madres que nos echaran una manita ya la responsable de c\u00e0teringNeus Arjona que bajo la supervisi\u00f3n de Fernando Arjona hicieron posible que todo fuera un \u00e9xito .<\/span><\/p>\n<p><span title=\"Tamb\u00e9 agrair a Joan''Pantorra'' pel seu recolzament i als conserges Ricardo i Julian per la paci\u00e8ncia, a Protecci\u00f3 Civil, Creu Roja, Policia Local, per donar-nos seguretat ia tots aquells que me pogut oblidar. \">Tambi\u00e9n agradecer a\u00a0 Joan \u00bb Pantorra \u00bb por su apoyo y los conserjes Ricardo y Julian por la paciencia , a Protecci\u00f3n Civil, Cruz Roja , Polic\u00eda Local, para darnos seguridad ya todos aquellos que me pudo olvidar.<\/span><\/p>\n<p><span title=\"Ara ja a esperar als pr\u00f2xims campionats a vorer si tenim el mateix \u00e8xits de resultats i com no si tornem a organitzar un altre campionat segur que omplim altra vegada el Pavell\u00f3. \">Ahora ya a esperar a los pr\u00f3ximos campeonatos acera si tenemos el mismo \u00e9xito de resultados y como no si volvemos a organizar otro campeonato seguro que llenamos otra vez el Pabell\u00f3n .<\/span><\/p>\n<p><span title=\"Senyores i senyors, a\u00e7\u00f2 es o era un esport minoritari i desconegut per la gent per\u00f2 es capa\u00e7 d'omplir el nostre pavell\u00f3 de gom a gom. \">Se\u00f1oras y se\u00f1ores , esto es o era un deporte minoritario y desconocido para la gente pero es capaz de llenar nuestro pabell\u00f3n a rebosar .<\/span><\/p>\n<p><strong><span title=\"A\u00c7O ES TAEKWONDO.\">Esto es TAEKWONDO .<\/span><\/strong><\/p>\n<p class=\"MsoBodyText\" style=\"text-align: justify;\"><em>XC taekwondololleria<\/em><\/p>\n<p class=\"MsoBodyText\" style=\"text-align: justify;\"><a href=\"http:\/\/www.portaldelolleria.es\/wp-content\/uploads\/2014\/04\/3taekwondo1.jpg\"><img loading=\"lazy\" class=\"aligncenter size-full wp-image-5824\" title=\"3taekwondo1\" src=\"http:\/\/www.portaldelolleria.es\/wp-content\/uploads\/2014\/04\/3taekwondo1.jpg\" alt=\"\" width=\"598\" height=\"376\" srcset=\"http:\/\/www.portaldelolleria.es\/wp-content\/uploads\/2014\/04\/3taekwondo1.jpg 598w, http:\/\/www.portaldelolleria.es\/wp-content\/uploads\/2014\/04\/3taekwondo1-300x188.jpg 300w\" sizes=\"(max-width: 598px) 100vw, 598px\" \/><\/a><\/p>\n","protected":false},"excerpt":{"rendered":"<p>&nbsp; XC taekwondololleria El pabell\u00f3n de la Solana se queda peque\u00f1o este fin de semana para el campeonato de Taekwondo . Este art\u00edculo de hoy no lo voy a dedicar al 100 % a los competidores que participaron en la III Liguilla de Taekwondo de la Comunidad Valenciana celebrado este fin de semana 5-6 de [&hellip;]<\/p>\n","protected":false},"author":1,"featured_media":0,"comment_status":"closed","ping_status":"open","sticky":false,"template":"","format":"standard","meta":{"_monsterinsights_skip_tracking":false,"_monsterinsights_sitenote_active":false,"_monsterinsights_sitenote_note":"","_monsterinsights_sitenote_category":0},"categories":[9,12],"tags":[1003,20,21,371,19,247],"_links":{"self":[{"href":"http:\/\/www.portaldelolleria.es\/index.php?rest_route=\/wp\/v2\/posts\/5822"}],"collection":[{"href":"http:\/\/www.portaldelolleria.es\/index.php?rest_route=\/wp\/v2\/posts"}],"about":[{"href":"http:\/\/www.portaldelolleria.es\/index.php?rest_route=\/wp\/v2\/types\/post"}],"author":[{"embeddable":true,"href":"http:\/\/www.portaldelolleria.es\/index.php?rest_route=\/wp\/v2\/users\/1"}],"replies":[{"embeddable":true,"href":"http:\/\/www.portaldelolleria.es\/index.php?rest_route=%2Fwp%2Fv2%2Fcomments&post=5822"}],"version-history":[{"count":1,"href":"http:\/\/www.portaldelolleria.es\/index.php?rest_route=\/wp\/v2\/posts\/5822\/revisions"}],"predecessor-version":[{"id":5826,"href":"http:\/\/www.portaldelolleria.es\/index.php?rest_route=\/wp\/v2\/posts\/5822\/revisions\/5826"}],"wp:attachment":[{"href":"http:\/\/www.portaldelolleria.es\/index.php?rest_route=%2Fwp%2Fv2%2Fmedia&parent=5822"}],"wp:term":[{"taxonomy":"category","embeddable":true,"href":"http:\/\/www.portaldelolleria.es\/index.php?rest_route=%2Fwp%2Fv2%2Fcategories&post=5822"},{"taxonomy":"post_tag","embeddable":true,"href":"http:\/\/www.portaldelolleria.es\/index.php?rest_route=%2Fwp%2Fv2%2Ftags&post=5822"}],"curies":[{"name":"wp","href":"https:\/\/api.w.org\/{rel}","templated":true}]}}