{"id":5834,"date":"2014-04-12T11:36:43","date_gmt":"2014-04-12T09:36:43","guid":{"rendered":"http:\/\/www.portaldelolleria.es\/?p=5834"},"modified":"2014-04-12T15:09:19","modified_gmt":"2014-04-12T13:09:19","slug":"este-domingo-joaquin-ubeda-ximo-palleta-sera-nombrado-presidente-honorifico-de-la-junta-de-cofradias","status":"publish","type":"post","link":"http:\/\/www.portaldelolleria.es\/?p=5834","title":{"rendered":"Este domingo Joaquin Ubeda (Ximo Palleta) ser\u00e1 nombrado Presidente Honor\u00edfico de la Junta de Cofrad\u00edas."},"content":{"rendered":"<p style=\"text-align: justify;\">El pr\u00f3ximo domingo, 13 de Abril\u00a0 (domingo de Ramos), a las 19 horas se llevar\u00e1 a cabo el preg\u00f3n de Semana Santa.\u00a0 En el acto se proclamar\u00e1 como Presidente Honor\u00edfico a D. Joaquin Ubeda Albi\u00f1ana.\u00a0\u00a0 A continuaci\u00f3n disfrutarremos del Concierto de Semana Santa a cargo de la SEM y Coro Santa Cecilia de l&#8217;Olleria.<\/p>\n<p>&nbsp;<\/p>\n<p class=\"MsoNormal\"><a href=\"http:\/\/www.portaldelolleria.es\/wp-content\/uploads\/2014\/04\/palleta33.jpg\"><img loading=\"lazy\" class=\"aligncenter size-full wp-image-5836\" title=\"palleta33\" src=\"http:\/\/www.portaldelolleria.es\/wp-content\/uploads\/2014\/04\/palleta33.jpg\" alt=\"\" width=\"598\" height=\"398\" srcset=\"http:\/\/www.portaldelolleria.es\/wp-content\/uploads\/2014\/04\/palleta33.jpg 598w, http:\/\/www.portaldelolleria.es\/wp-content\/uploads\/2014\/04\/palleta33-300x199.jpg 300w\" sizes=\"(max-width: 598px) 100vw, 598px\" \/><\/a><\/p>\n<p class=\"MsoNormal\"><span style=\"color: #993300;\">\u00bfCuantos a\u00f1os al frente de la Junta?\u00a0\u00a0<\/span><\/p>\n<p class=\"MsoNormal\" style=\"text-align: justify;\">Once a\u00f1os, empec\u00e9 en el 2002 hasta finales de 2012.<\/p>\n<p class=\"MsoNormal\" style=\"text-align: justify;\"><span style=\"color: #993300;\">\u00a0\u00bfComo lleg\u00f3 al cargo? <\/span><\/p>\n<p class=\"MsoNormal\" style=\"text-align: justify;\">En el a\u00f1o 2001<span style=\"mso-spacerun: yes;\">\u00a0 <\/span>dej\u00f3 de ser presidente Carlos Giner conocido por todos como<span style=\"mso-spacerun: yes;\">\u00a0 <\/span>\u201cCarlos el de les flor\u201ds<span style=\"mso-spacerun: yes;\">\u00a0 <\/span>y nadie quer\u00eda<span style=\"mso-spacerun: yes;\">\u00a0 <\/span>hacerse cargo, varias personas durante varias veces insist\u00edan en que me hiciera cargo del cargo. Al final tom\u00e9 la decisi\u00f3n de hablar con el P\u00e1rraco entonces D,Vicente Camps Crespo y le propuse cual era<span style=\"mso-spacerun: yes;\">\u00a0 <\/span>mi proyecto de la Semana Santa.<span style=\"mso-spacerun: yes;\">\u00a0 <\/span>Me dijo que adelante en todo me brind\u00f3 todo su apoyo y me pidi\u00f3 que<span style=\"mso-spacerun: yes;\">\u00a0 <\/span>empezara cuantos antes<span style=\"mso-spacerun: yes;\">\u00a0 <\/span>las reuniones con los presidentes de las Cofrad\u00edas.<\/p>\n<p class=\"MsoNormal\" style=\"text-align: justify;\">Se puso en marcha el proyecto y se hizo en el mes de enero de 2002. La primera reuni\u00f3n<span style=\"mso-spacerun: yes;\">\u00a0 <\/span>fue para formar la Junta de Cofrad\u00edas de la Semana Santa de L&#8217;Olleria.<\/p>\n<p class=\"MsoNormal\" style=\"text-align: justify;\">Con solo una candidatura presentada para presidente salgo elegido por unanimidad presidente y as\u00ed<span style=\"mso-spacerun: yes;\">\u00a0 <\/span>durante 3 elecciones m\u00e1s<span style=\"mso-spacerun: yes;\">\u00a0 <\/span>dejando mi cargo terminada la semana santa de 2012.<\/p>\n<p class=\"MsoNormal\" style=\"text-align: justify;\"><span style=\"color: #993300;\">\u00bfEn que se diferencia la Semana Santa de l&#8217;Olleria desde que usted empez\u00f3, a la actual?\u00a0\u00a0<\/span><\/p>\n<p class=\"MsoNormal\" style=\"text-align: justify;\">\u00a0Se han incorporado novedades y otros detalles fueron modificados, que yo recuerde pusimos en marcha el Preg\u00f3n de la Semana Santa y aprovechamos para trasladar el concierto de la Semana Santa que<span style=\"mso-spacerun: yes;\">\u00a0 <\/span>hacia la Banda de Santa Cecilia el Jueves Santo por la noche<span style=\"mso-spacerun: yes;\">\u00a0 <\/span>ubic\u00e1ndolo al Domingo de Ramos por la tarde<span style=\"mso-spacerun: yes;\">\u00a0 <\/span>en la Parroquia a las 19h.<\/p>\n<p class=\"MsoNormal\" style=\"text-align: justify;\">El Libro de la Semana Santa fue engrandeci\u00e9ndose a\u00f1o tras a\u00f1o y hoy podemos decir que tenemos un gran libro donde dejar constancia para a\u00f1os venideros de la historia de la Semana Santa de L&#8217;Olleria.<\/p>\n<p class=\"MsoNormal\" style=\"text-align: justify;\">\u00a0Hemos conseguido a que hoy en dia participen las dos Bandas de M\u00fasica y sus respectivas Corales<span style=\"mso-spacerun: yes;\">\u00a0 <\/span>, la Banda de Tambores<span style=\"mso-spacerun: yes;\">\u00a0 <\/span>y Cornetas,<span style=\"mso-spacerun: yes;\">\u00a0 <\/span>la \u201cColla la Morralla\u201d, el Coro Parroquial, Asociacion<span style=\"mso-spacerun: yes;\">\u00a0 <\/span>del<span style=\"mso-spacerun: yes;\">\u00a0 <\/span>Coeters de Gloria, <span style=\"mso-spacerun: yes;\">\u00a0<\/span>lasCamareras de la Virgen de los Dolores, los ni\u00f1os de la Primera Comuni\u00f3n y<span style=\"mso-spacerun: yes;\">\u00a0 <\/span>los j\u00f3venes Confirmantes de cada a\u00f1o ,<span style=\"mso-spacerun: yes;\">\u00a0 <\/span>la Asociaci\u00f3n de Fotograf\u00eda y como no desde hace ya<span style=\"mso-spacerun: yes;\">\u00a0 <\/span>a\u00f1os la prensa escrita . televisi\u00f3n y radio. Es decir la la implicaci\u00f3n de todos en la Semana Santa<\/p>\n<p class=\"MsoNormal\" style=\"text-align: justify;\">\u00a0El trencament<span style=\"mso-spacerun: yes;\">\u00a0 <\/span>e l&#8217;hora<span style=\"mso-spacerun: yes;\">\u00a0 <\/span>y la tambor-rada en el acto del Calvario. La\u00a0 Mona, mistela<span style=\"mso-spacerun: yes;\">\u00a0 <\/span>y chocolate el dia gloria que no falte, y el Eccehomo en la procesi\u00f3n del silencio&#8230;.<\/p>\n<p class=\"MsoNormal\" style=\"text-align: justify;\">Pero para m\u00ed lo m\u00e1s importante que hemos hecho durante estos once a\u00f1os, ha sido formar la gran familia que hoy somos todas las Cofrad\u00edas y el haber propiciado el aumento de componentes jovenes.<\/p>\n<p class=\"MsoNormal\" style=\"text-align: justify;\"><span style=\"color: #993300;\">\u00bfCual ha sido a su juicio el momento m\u00e1s brillante al frente de la Junta?<\/span><\/p>\n<p class=\"MsoNormal\" style=\"text-align: justify;\">\u00a0Conseguir que m\u00e1s de dos mil persones se juntasen para rezar un Padre Nuestro por primera vez en un acto de la Semana Santa. Fu\u00e9 en acto del Calvario que lo realizamos en \u00abel Grisons\u00bb y al subir el Cristo y el Nazareno las escaleras, ver llorar a Mar\u00eda Magdalena y Mar\u00eda junto con el pueblo de l&#8217;Olleria a los pies del Cristo de la Palma,\u00a0 esos momentos siempre los tendremos en los corazones,\u00a0 son de esos momentos que nos acompa\u00f1an toda la vida.<span style=\"mso-spacerun: yes;\">\u00a0<\/span><\/p>\n<p class=\"MsoNormal\" style=\"text-align: justify;\"><span style=\"color: #993300;\">\u00bfSe queda con ganas de haber acometido alg\u00fan proyecto \u00abimposible\u00bb?<\/span><\/p>\n<p class=\"MsoNormal\" style=\"text-align: justify;\">\u00a0Imposible no hay nada, tan solo el no morirse, pero si me gustar\u00eda ver muy pronto a todas las Cofrad\u00edas, cenar juntas el viernes santo despu\u00e9s de la procesi\u00f3n, como un acto m\u00e1s de esta gran familia.<\/p>\n<p class=\"MsoNormal\" style=\"text-align: justify;\"><span style=\"color: #993300;\">\u00bfcual ser\u00e1 su misi\u00f3n como presidente de honor?<\/span><\/p>\n<p class=\"MsoNormal\" style=\"text-align: justify;\">Ayudar\u00e9 en todo lo que pueda y quieran, y como no, participar en el lugar que me corresponda poniendo todo de mi parte<\/p>\n<p class=\"MsoNormal\" style=\"text-align: justify;\"><span style=\"mso-spacerun: yes;\">\u00a0<\/span><\/p>\n<p class=\"MsoNormal\" style=\"text-align: justify;\"><span style=\"color: #993300;\">Si dentro de 20 a\u00f1os le preguntase por \u00bfcomo es la Semana Santa en l&#8217;Olleria,\u00a0\u00a0 que le gustar\u00eda contarme?<\/span><\/p>\n<p class=\"MsoNormal\" style=\"text-align: justify;\">Me alegrar\u00eda, por que eso significar\u00eda que estar\u00eda vivo, y contestar\u00eda que seguir juntos por Jesucristo y que las Cofrad\u00edas estuviesen llenas de Cofrades j\u00f3venes.<\/p>\n<p class=\"MsoNormal\" style=\"text-align: justify;\"><span style=\"mso-spacerun: yes;\">\u00a0<\/span><\/p>\n<p class=\"MsoNormal\" style=\"text-align: justify;\"><span style=\"color: #993300;\">\u00bfAlguien positivo de quien acordarse todos esos a\u00f1os de presidencia?<\/span><\/p>\n<p class=\"MsoNormal\" style=\"text-align: justify;\">Si,\u00a0 de las Cofradias y su apoyo,\u00a0 para llegar a ser lo que somos ahora.\u00a0 Las empresas colaboradoras y an\u00f3nimos cuya ayuda desinteresada nos ha ayudado a crecer, y por supuesto el Ayuntamiento.\u00a0 Sin todos ellos lo que tenemos ahora ser\u00eda imposible.<\/p>\n<p class=\"MsoNormal\" style=\"text-align: justify;\"><span style=\"mso-spacerun: yes;\">Tambi\u00e9n quer\u00eda a\u00f1adir que estoy muy agradecido a todos por este homenaje , que trabajar\u00a0 al lado de todos ha sido una gran satisfacci\u00f3n y que sin vosotros\/as,\u00a0 esto no tendr\u00eda valor, \u00a0 sois los mejores,\u00a0 os quiero.<\/span><\/p>\n<p class=\"MsoNormal\" style=\"text-align: justify;\">JOAQUIN<span style=\"mso-spacerun: yes;\">\u00a0 <\/span>\u00daBEDA ALBI\u00d1ANA<\/p>\n<p class=\"MsoNormal\" style=\"text-align: justify;\"><em>XIMO PALLETA.<\/em><\/p>\n<p class=\"MsoNormal\"><a href=\"http:\/\/www.portaldelolleria.es\/wp-content\/uploads\/2014\/04\/libro-semana-santa.jpg\"><img loading=\"lazy\" class=\"aligncenter size-full wp-image-5835\" title=\"libro semana santa\" src=\"http:\/\/www.portaldelolleria.es\/wp-content\/uploads\/2014\/04\/libro-semana-santa.jpg\" alt=\"\" width=\"598\" height=\"261\" srcset=\"http:\/\/www.portaldelolleria.es\/wp-content\/uploads\/2014\/04\/libro-semana-santa.jpg 598w, http:\/\/www.portaldelolleria.es\/wp-content\/uploads\/2014\/04\/libro-semana-santa-300x130.jpg 300w\" sizes=\"(max-width: 598px) 100vw, 598px\" \/><\/a><\/p>\n","protected":false},"excerpt":{"rendered":"<p>El pr\u00f3ximo domingo, 13 de Abril\u00a0 (domingo de Ramos), a las 19 horas se llevar\u00e1 a cabo el preg\u00f3n de Semana Santa.\u00a0 En el acto se proclamar\u00e1 como Presidente Honor\u00edfico a D. Joaquin Ubeda Albi\u00f1ana.\u00a0\u00a0 A continuaci\u00f3n disfrutarremos del Concierto de Semana Santa a cargo de la SEM y Coro Santa Cecilia de l&#8217;Olleria. &nbsp; [&hellip;]<\/p>\n","protected":false},"author":1,"featured_media":0,"comment_status":"closed","ping_status":"open","sticky":false,"template":"","format":"standard","meta":{"_monsterinsights_skip_tracking":false,"_monsterinsights_sitenote_active":false,"_monsterinsights_sitenote_note":"","_monsterinsights_sitenote_category":0},"categories":[3,12],"tags":[976,20,101,557,947],"_links":{"self":[{"href":"http:\/\/www.portaldelolleria.es\/index.php?rest_route=\/wp\/v2\/posts\/5834"}],"collection":[{"href":"http:\/\/www.portaldelolleria.es\/index.php?rest_route=\/wp\/v2\/posts"}],"about":[{"href":"http:\/\/www.portaldelolleria.es\/index.php?rest_route=\/wp\/v2\/types\/post"}],"author":[{"embeddable":true,"href":"http:\/\/www.portaldelolleria.es\/index.php?rest_route=\/wp\/v2\/users\/1"}],"replies":[{"embeddable":true,"href":"http:\/\/www.portaldelolleria.es\/index.php?rest_route=%2Fwp%2Fv2%2Fcomments&post=5834"}],"version-history":[{"count":4,"href":"http:\/\/www.portaldelolleria.es\/index.php?rest_route=\/wp\/v2\/posts\/5834\/revisions"}],"predecessor-version":[{"id":5850,"href":"http:\/\/www.portaldelolleria.es\/index.php?rest_route=\/wp\/v2\/posts\/5834\/revisions\/5850"}],"wp:attachment":[{"href":"http:\/\/www.portaldelolleria.es\/index.php?rest_route=%2Fwp%2Fv2%2Fmedia&parent=5834"}],"wp:term":[{"taxonomy":"category","embeddable":true,"href":"http:\/\/www.portaldelolleria.es\/index.php?rest_route=%2Fwp%2Fv2%2Fcategories&post=5834"},{"taxonomy":"post_tag","embeddable":true,"href":"http:\/\/www.portaldelolleria.es\/index.php?rest_route=%2Fwp%2Fv2%2Ftags&post=5834"}],"curies":[{"name":"wp","href":"https:\/\/api.w.org\/{rel}","templated":true}]}}