{"id":5851,"date":"2014-04-15T03:11:17","date_gmt":"2014-04-15T01:11:17","guid":{"rendered":"http:\/\/www.portaldelolleria.es\/?p=5851"},"modified":"2014-04-15T03:11:17","modified_gmt":"2014-04-15T01:11:17","slug":"la-semana-santa-inicia-sus-actos-con-la-procesion-del-domingo-de-ramos","status":"publish","type":"post","link":"http:\/\/www.portaldelolleria.es\/?p=5851","title":{"rendered":"la Semana Santa  inicia sus actos con la procesi\u00f3n del domingo de Ramos"},"content":{"rendered":"<p><a href=\"http:\/\/www.portaldelolleria.es\/wp-content\/uploads\/2014\/04\/ramos1.jpg\"><img loading=\"lazy\" class=\"aligncenter size-full wp-image-5855\" title=\"ramos1\" src=\"http:\/\/www.portaldelolleria.es\/wp-content\/uploads\/2014\/04\/ramos1.jpg\" alt=\"\" width=\"598\" height=\"398\" srcset=\"http:\/\/www.portaldelolleria.es\/wp-content\/uploads\/2014\/04\/ramos1.jpg 598w, http:\/\/www.portaldelolleria.es\/wp-content\/uploads\/2014\/04\/ramos1-300x199.jpg 300w\" sizes=\"(max-width: 598px) 100vw, 598px\" \/><\/a><\/p>\n<p><span id=\"result_box\" lang=\"es\"><span class=\"hps\">La<\/span> <span class=\"hps\">Semana<\/span> <span class=\"hps\">Santa<\/span> <span class=\"hps\">de<\/span> <span class=\"hps\">L&#8217;Olleria<\/span> comenzaba<span class=\"hps\"> sus<\/span> <span class=\"hps\">actos<\/span> <span class=\"hps\">con<\/span> <span class=\"hps\">la multitudinaria<\/span> <span class=\"hps\">procesi\u00f3n<\/span> <span class=\"hps\">del domingo de Ramos<\/span> <span class=\"hps\">que se iniciaba<\/span> <span class=\"hps\">desde la Ermita<\/span> <span class=\"hps\">del Cristo de<\/span> <span class=\"hps\">la<\/span> <span class=\"hps\">Palma<\/span><span>.<\/span> <span class=\"hps\">Desde all\u00ed<\/span> <span class=\"hps\">cientos de personas<\/span> <span class=\"hps\">con sus<\/span> <span class=\"hps\">palmas y<\/span> <span class=\"hps\">ramas<\/span> <span class=\"hps\">de olivo<\/span> <span class=\"hps\">bendecida<\/span> <span class=\"hps\">por el rector<\/span> <span class=\"hps\">de<\/span> <span class=\"hps\">la<\/span> <span class=\"hps\">localidad<\/span><span>,<\/span> <span class=\"hps\">D.<\/span> <span class=\"hps\">Emilio<\/span> <span class=\"hps\">Esteban,<\/span> <span class=\"hps\">iniciaban la<\/span> <span class=\"hps\">procesi\u00f3n<\/span> <span class=\"hps\">que recorri\u00f3<\/span> <span class=\"hps\">diferentes calles de la<\/span> <span class=\"hps\">localidad<\/span> <span class=\"hps\">hasta llegar<\/span> <span class=\"hps\">a<\/span> <span class=\"hps\">la Iglesia<\/span> <span class=\"hps\">de Santa.<\/span> <span class=\"hps\">Mar\u00eda Magdalena,<\/span>\u00a0 <span class=\"hps\">donde se ofici\u00f3<\/span><span class=\"hps\"> la<\/span> <span class=\"hps\">Santa<\/span> <span class=\"hps\">Misa<\/span> <span class=\"hps\">con la proclamaci\u00f3n<\/span> <span class=\"hps\">de la Pasi\u00f3n<\/span> <span class=\"hps\">del Se\u00f1or<\/span><span>.<br \/>\n<\/span><\/span><\/p>\n<p>El preg\u00f3n de Semana Santa fu\u00e9 a cargo del Sacerdote Rafael Sanz Soler\u00a0 p\u00e1rroco de Rafelguaraf, Barxeta y Tosal Nou.\u00a0 Posteriormente,\u00a0 La Junta de Cofradias nombr\u00f3 Presidente Honor\u00edfico, a Joaqu\u00edn Ubeda Albi\u00f1ana, que hasta finales de 2012 ocup\u00f3 durante once a\u00f1os el cargo de Presidente.\u00a0\u00a0 La Banda y Coro de la SEM Sta Cecilia, ofrecieron a los asistentes el tradicional Concierto de Semana Santa celebrado en la Iglesia de Sta. Maria Magdalena.<\/p>\n<p><a href=\"http:\/\/www.portaldelolleria.es\/wp-content\/uploads\/2014\/04\/cofradias2.jpg\"><img loading=\"lazy\" class=\"aligncenter size-full wp-image-5863\" title=\"cofradias2\" src=\"http:\/\/www.portaldelolleria.es\/wp-content\/uploads\/2014\/04\/cofradias2.jpg\" alt=\"\" width=\"598\" height=\"398\" srcset=\"http:\/\/www.portaldelolleria.es\/wp-content\/uploads\/2014\/04\/cofradias2.jpg 598w, http:\/\/www.portaldelolleria.es\/wp-content\/uploads\/2014\/04\/cofradias2-300x199.jpg 300w\" sizes=\"(max-width: 598px) 100vw, 598px\" \/><\/a><\/p>\n<p>Los pr\u00f3ximos actos destacados ser\u00e1n:<\/p>\n<p>El Miercoles 16 de abril a las 23 horas en el Convento de Caputxinos, se iniciar\u00e1 el \u00abtrencament e l&#8217;hora\u00bb, con su correspondiente procesi\u00f3n nocturna. El jueves Santo, al finalizar la misa\u00a0 de \u00abla Cena del Se\u00f1or\u00bb, se trasladar\u00e1 \u00abNuetro Padre Jes\u00fas Nazareno\u00bb al Santuario de la Virgen de Loreto. A las 12 de la noche \u00abProcesi\u00f3n del Silencio\u00bb\u00a0 con el Ecce-Homo desde la Parroquia a las Monjas y Caputxinos. Viernes Santo\u00a0 V\u00eda Crucis a las 10 de la ma\u00f1ana desde Caputxinos, encuentro doloroso a las 12:3h 0 en la Plaza de la Vila,\u00a0 Tamborrada en el momento del encuentro de las cuatro im\u00e1genes.\u00a0 a las 8h.\u00a0 procesi\u00f3n y Santo Entierro. El sabado ser\u00e1 lugar para las vigil\u00edas, y el domingo de Pascua,\u00a0 misa de Resurrecci\u00f3n a mediodia.<\/p>\n<p>Cabe destacar que en Semana Santa, podremos disfrutar de gran parte del patrimonio local, como as\u00ed\u00a0 se\u00f1alaba\u00a0 D. Jose Vidal, Alcalde de L&#8217;Olleria,<\/p>\n<p>\u00ab<em>En estos d\u00edas, las calles y plazas de nuestro municipio volver\u00e1n a ser escenario de procesiones,<\/em><em> encuentros y otros actos religiosos en los que se conjuga la espiritualidad, el recogimiento y la alegr\u00eda.<\/em><br \/>\n<em>Pero adem\u00e1s, los actos de la Semana Santa constituyen una extraordinaria manifestaci\u00f3n cultural que pone de relieve el importante patrimonio art\u00edstico local representado por cada una de las im\u00e1genes que con gran fervor son engalanadas y porteadas por sus devotos cofrades.<\/em><br \/>\n<em>El Ayuntamiento de L\u2019Olleria se une a estas celebraciones que tienen un gran arraigo popular en nuestro municipio y que forman parte de nuestra historia, cultura y tradici\u00f3n.\u00bb<\/em><\/p>\n<p><a href=\"http:\/\/www.portaldelolleria.es\/wp-content\/uploads\/2014\/04\/cofradias1.jpg\"><img loading=\"lazy\" class=\"aligncenter size-full wp-image-5862\" title=\"cofradias1\" src=\"http:\/\/www.portaldelolleria.es\/wp-content\/uploads\/2014\/04\/cofradias1.jpg\" alt=\"\" width=\"598\" height=\"398\" srcset=\"http:\/\/www.portaldelolleria.es\/wp-content\/uploads\/2014\/04\/cofradias1.jpg 598w, http:\/\/www.portaldelolleria.es\/wp-content\/uploads\/2014\/04\/cofradias1-300x199.jpg 300w\" sizes=\"(max-width: 598px) 100vw, 598px\" \/><\/a><\/p>\n<p style=\"text-align: justify;\"><span style=\"color: #000000;\"><a href=\"http:\/\/www.portaldelolleria.es\/wp-content\/uploads\/2014\/04\/ramos2.jpg\"><img loading=\"lazy\" class=\"aligncenter size-full wp-image-5852\" title=\"ramos2\" src=\"http:\/\/www.portaldelolleria.es\/wp-content\/uploads\/2014\/04\/ramos2.jpg\" alt=\"\" width=\"598\" height=\"398\" srcset=\"http:\/\/www.portaldelolleria.es\/wp-content\/uploads\/2014\/04\/ramos2.jpg 598w, http:\/\/www.portaldelolleria.es\/wp-content\/uploads\/2014\/04\/ramos2-300x199.jpg 300w\" sizes=\"(max-width: 598px) 100vw, 598px\" \/><\/a><\/span><\/p>\n<p style=\"text-align: justify;\"><span style=\"color: #000000;\"><br \/>\n<\/span><\/p>\n<p style=\"text-align: justify;\"><span style=\"color: #000000;\"><a href=\"http:\/\/www.portaldelolleria.es\/wp-content\/uploads\/2014\/04\/corosem1.jpg\"><img loading=\"lazy\" class=\"aligncenter size-full wp-image-5864\" title=\"corosem1\" src=\"http:\/\/www.portaldelolleria.es\/wp-content\/uploads\/2014\/04\/corosem1.jpg\" alt=\"\" width=\"598\" height=\"398\" srcset=\"http:\/\/www.portaldelolleria.es\/wp-content\/uploads\/2014\/04\/corosem1.jpg 598w, http:\/\/www.portaldelolleria.es\/wp-content\/uploads\/2014\/04\/corosem1-300x199.jpg 300w\" sizes=\"(max-width: 598px) 100vw, 598px\" \/><\/a><\/span><\/p>\n<p style=\"text-align: justify;\"><span style=\"color: #000000;\"><a href=\"http:\/\/www.portaldelolleria.es\/wp-content\/uploads\/2014\/04\/corosem2.jpg\"><img loading=\"lazy\" class=\"aligncenter size-full wp-image-5865\" title=\"corosem2\" src=\"http:\/\/www.portaldelolleria.es\/wp-content\/uploads\/2014\/04\/corosem2.jpg\" alt=\"\" width=\"598\" height=\"398\" srcset=\"http:\/\/www.portaldelolleria.es\/wp-content\/uploads\/2014\/04\/corosem2.jpg 598w, http:\/\/www.portaldelolleria.es\/wp-content\/uploads\/2014\/04\/corosem2-300x199.jpg 300w\" sizes=\"(max-width: 598px) 100vw, 598px\" \/><\/a><\/span><\/p>\n<p style=\"text-align: justify;\"><span style=\"color: #000000;\"><a href=\"http:\/\/www.portaldelolleria.es\/wp-content\/uploads\/2014\/04\/corosem3.jpg\"><img loading=\"lazy\" class=\"aligncenter size-full wp-image-5866\" title=\"corosem3\" src=\"http:\/\/www.portaldelolleria.es\/wp-content\/uploads\/2014\/04\/corosem3.jpg\" alt=\"\" width=\"598\" height=\"398\" srcset=\"http:\/\/www.portaldelolleria.es\/wp-content\/uploads\/2014\/04\/corosem3.jpg 598w, http:\/\/www.portaldelolleria.es\/wp-content\/uploads\/2014\/04\/corosem3-300x199.jpg 300w\" sizes=\"(max-width: 598px) 100vw, 598px\" \/><\/a> <\/span><\/p>\n","protected":false},"excerpt":{"rendered":"<p>La Semana Santa de L&#8217;Olleria comenzaba sus actos con la multitudinaria procesi\u00f3n del domingo de Ramos que se iniciaba desde la Ermita del Cristo de la Palma. Desde all\u00ed cientos de personas con sus palmas y ramas de olivo bendecida por el rector de la localidad, D. Emilio Esteban, iniciaban la procesi\u00f3n que recorri\u00f3 diferentes [&hellip;]<\/p>\n","protected":false},"author":1,"featured_media":0,"comment_status":"closed","ping_status":"open","sticky":false,"template":"","format":"standard","meta":{"_monsterinsights_skip_tracking":false,"_monsterinsights_sitenote_active":false,"_monsterinsights_sitenote_note":"","_monsterinsights_sitenote_category":0},"categories":[16,12],"tags":[810,20,557],"_links":{"self":[{"href":"http:\/\/www.portaldelolleria.es\/index.php?rest_route=\/wp\/v2\/posts\/5851"}],"collection":[{"href":"http:\/\/www.portaldelolleria.es\/index.php?rest_route=\/wp\/v2\/posts"}],"about":[{"href":"http:\/\/www.portaldelolleria.es\/index.php?rest_route=\/wp\/v2\/types\/post"}],"author":[{"embeddable":true,"href":"http:\/\/www.portaldelolleria.es\/index.php?rest_route=\/wp\/v2\/users\/1"}],"replies":[{"embeddable":true,"href":"http:\/\/www.portaldelolleria.es\/index.php?rest_route=%2Fwp%2Fv2%2Fcomments&post=5851"}],"version-history":[{"count":3,"href":"http:\/\/www.portaldelolleria.es\/index.php?rest_route=\/wp\/v2\/posts\/5851\/revisions"}],"predecessor-version":[{"id":5867,"href":"http:\/\/www.portaldelolleria.es\/index.php?rest_route=\/wp\/v2\/posts\/5851\/revisions\/5867"}],"wp:attachment":[{"href":"http:\/\/www.portaldelolleria.es\/index.php?rest_route=%2Fwp%2Fv2%2Fmedia&parent=5851"}],"wp:term":[{"taxonomy":"category","embeddable":true,"href":"http:\/\/www.portaldelolleria.es\/index.php?rest_route=%2Fwp%2Fv2%2Fcategories&post=5851"},{"taxonomy":"post_tag","embeddable":true,"href":"http:\/\/www.portaldelolleria.es\/index.php?rest_route=%2Fwp%2Fv2%2Ftags&post=5851"}],"curies":[{"name":"wp","href":"https:\/\/api.w.org\/{rel}","templated":true}]}}