{"id":5886,"date":"2014-04-15T20:29:30","date_gmt":"2014-04-15T18:29:30","guid":{"rendered":"http:\/\/www.portaldelolleria.es\/?p=5886"},"modified":"2014-04-15T20:29:30","modified_gmt":"2014-04-15T18:29:30","slug":"mas-de-3-000-jovenes-se-beneficiaran-de-la-dipu-te-beca-con-practicas-en-los-ayuntamientos","status":"publish","type":"post","link":"http:\/\/www.portaldelolleria.es\/?p=5886","title":{"rendered":"M\u00e1s de 3.000 j\u00f3venes se beneficiar\u00e1n de La Dipu te beca con pr\u00e1cticas en los ayuntamientos"},"content":{"rendered":"<p>&nbsp;<\/p>\n<p style=\"text-align: justify;\"><img loading=\"lazy\" class=\"aligncenter size-full wp-image-5887\" title=\"diputebeca\" src=\"http:\/\/www.portaldelolleria.es\/wp-content\/uploads\/2014\/04\/diputebeca.jpg\" alt=\"\" width=\"598\" height=\"368\" srcset=\"http:\/\/www.portaldelolleria.es\/wp-content\/uploads\/2014\/04\/diputebeca.jpg 598w, http:\/\/www.portaldelolleria.es\/wp-content\/uploads\/2014\/04\/diputebeca-300x184.jpg 300w\" sizes=\"(max-width: 598px) 100vw, 598px\" \/><\/p>\n<p style=\"text-align: justify;\"><strong>La Diputaci\u00f3nde Valencia ha aprobado esta ma\u00f1ana en Junta de Gobierno las bases del programa de pr\u00e1cticas formativas \u2018La Dipu te beca\u2019 con el que se beneficiar\u00e1n m\u00e1s de 3.000 j\u00f3venes estudiantes de la provincia. \u00a0<\/strong><\/p>\n<p style=\"text-align: justify;\">El proyecto, que cuenta con un presupuesto aprobado de 3.200.000 euros, contempla la posibilidad de que los mayores de 18 a\u00f1os tengan la oportunidad de realizar pr\u00e1cticas formativas en los consistorios locales durante los meses de verano<\/p>\n<p style=\"text-align: justify;\">Las bases del programa \u2018La Dipu te beca\u2019 han sido aprobadas con el acuerdo de todos los partidos pol\u00edticos con representaci\u00f3n en la corporaci\u00f3n provincial, a excepci\u00f3n del grupo de Izquierda Unida que se ha abstenido de la propuesta.<\/p>\n<p style=\"text-align: justify;\">El objetivo de la nueva convocatoria radica en la concesi\u00f3n de subvenciones a las localidades y entidades menores de la provincia de Valencia para financiar en un 80% el coste de las becas de las pr\u00e1cticas de los estudiantes en las especialidades, que sean de inter\u00e9s para el municipio.<\/p>\n<p style=\"text-align: justify;\">Los beneficiarios tendr\u00e1n que realizar un m\u00ednimo de 20 horas semanales durante los meses de julio y agosto y percibir\u00e1n 500 euros mensuales, de los cuales la corporaci\u00f3n provincial subvenciona 400 euros y los 100 restantes los asumen los consistorios. \u00a0 Asimismo, todos los municipios podr\u00e1n adjudicar las becas por plazo inferior y, en su caso, renovarlas siempre que no superen el plazo de dos meses y la duraci\u00f3n m\u00ednima sea de 15 d\u00edas.<\/p>\n<h3 style=\"text-align: justify;\">Requisitos de la beca<\/h3>\n<p style=\"text-align: justify;\">Los municipios y entidades locales que deseen participar en \u2018La Dipu te beca\u2019 deber\u00e1n remitir a la Diputaci\u00f3n una solicitud en la que conste el compromiso de la entidad local de la financiaci\u00f3n de las becas en los t\u00e9rminos de las bases aprobadas.<\/p>\n<p style=\"text-align: justify;\">Por otra parte, los estudiantes que aspiren a ser destinatarios de las ayudas deber\u00e1n presentar una petici\u00f3n de inscripci\u00f3n en los municipios de la provincia de Valencia donde deseen realizar las pr\u00e1cticas formativas. \u00a0 Para ello, deber\u00e1n estar cursando alguna de las siguientes ense\u00f1anzas oficiales: Ciclos Formativos de Formaci\u00f3n Profesional o Ense\u00f1anzas Universitarias Oficiales de Grado, Diplomaturas, Licenciaturas o m\u00e1ster oficial impartido por las universidades.<\/p>\n<p style=\"text-align: justify;\">Cabe se\u00f1alar que cada estudiante s\u00f3lo podr\u00e1 disfrutar de una beca en un municipio simult\u00e1neamente y podr\u00e1 solicitarlas en el momento en el que los ayuntamientos presenten la solicitud al programa.<\/p>\n<h3 style=\"text-align: justify;\">N\u00famero de becas por municipio<\/h3>\n<p style=\"text-align: justify;\">A los municipios de menos de 3.000 habitantes les corresponden cuatro becas. Las localidades de entre 3.000 y 5.000 habitantes acoger\u00e1n siete becarios mientras que los municipios de entre 5.001 y 50.000 habitantes recibir\u00e1n una beca por intervalo de poblaci\u00f3n mayor de 600 y menor de 700 habitantes, igual que las poblaciones que tengan m\u00e1s de 50.001 empadronados.<\/p>\n<div class=\"entry_content\">\n<p style=\"text-align: justify;\"><strong>La Diputaci\u00f3nde Valencia ha aprobado esta ma\u00f1ana en Junta de Gobierno las bases del programa de pr\u00e1cticas formativas \u2018La Dipu te beca\u2019 con el que se beneficiar\u00e1n m\u00e1s de 3.000 j\u00f3venes estudiantes de la provincia. \u00a0<\/strong><\/p>\n<p style=\"text-align: justify;\">El proyecto, que cuenta con un presupuesto aprobado de 3.200.000 euros, contempla la posibilidad de que los mayores de 18 a\u00f1os tengan la oportunidad de realizar pr\u00e1cticas formativas en los consistorios locales durante los meses de verano<\/p>\n<p style=\"text-align: justify;\">Las bases del programa \u2018La Dipu te beca\u2019 han sido aprobadas con el acuerdo de todos los partidos pol\u00edticos con representaci\u00f3n en la corporaci\u00f3n provincial, a excepci\u00f3n del grupo de Izquierda Unida que se ha abstenido de la propuesta.<\/p>\n<p style=\"text-align: justify;\">El objetivo de la nueva convocatoria radica en la concesi\u00f3n de subvenciones a las localidades y entidades menores de la provincia de Valencia para financiar en un 80% el coste de las becas de las pr\u00e1cticas de los estudiantes en las especialidades, que sean de inter\u00e9s para el municipio.<\/p>\n<p style=\"text-align: justify;\">Los beneficiarios tendr\u00e1n que realizar un m\u00ednimo de 20 horas semanales durante los meses de julio y agosto y percibir\u00e1n 500 euros mensuales, de los cuales la corporaci\u00f3n provincial subvenciona 400 euros y los 100 restantes los asumen los consistorios. \u00a0 Asimismo, todos los municipios podr\u00e1n adjudicar las becas por plazo inferior y, en su caso, renovarlas siempre que no superen el plazo de dos meses y la duraci\u00f3n m\u00ednima sea de 15 d\u00edas.<\/p>\n<h3 style=\"text-align: justify;\">Requisitos de la beca<\/h3>\n<p style=\"text-align: justify;\">Los municipios y entidades locales que deseen participar en \u2018La Dipu te beca\u2019 deber\u00e1n remitir a la Diputaci\u00f3n una solicitud en la que conste el compromiso de la entidad local de la financiaci\u00f3n de las becas en los t\u00e9rminos de las bases aprobadas.<\/p>\n<p style=\"text-align: justify;\">Por otra parte, los estudiantes que aspiren a ser destinatarios de las ayudas deber\u00e1n presentar una petici\u00f3n de inscripci\u00f3n en los municipios de la provincia de Valencia donde deseen realizar las pr\u00e1cticas formativas. \u00a0 Para ello, deber\u00e1n estar cursando alguna de las siguientes ense\u00f1anzas oficiales: Ciclos Formativos de Formaci\u00f3n Profesional o Ense\u00f1anzas Universitarias Oficiales de Grado, Diplomaturas, Licenciaturas o m\u00e1ster oficial impartido por las universidades.<\/p>\n<p style=\"text-align: justify;\">Cabe se\u00f1alar que cada estudiante s\u00f3lo podr\u00e1 disfrutar de una beca en un municipio simult\u00e1neamente y podr\u00e1 solicitarlas en el momento en el que los ayuntamientos presenten la solicitud al programa.<\/p>\n<h3 style=\"text-align: justify;\">N\u00famero de becas por municipio<\/h3>\n<p style=\"text-align: justify;\">A los municipios de menos de 3.000 habitantes les corresponden cuatro becas. Las localidades de entre 3.000 y 5.000 habitantes acoger\u00e1n siete becarios mientras que los municipios de entre 5.001 y 50.000 habitantes recibir\u00e1n una beca por intervalo de poblaci\u00f3n mayor de 600 y menor de 700 habitantes, igual que las poblaciones que tengan m\u00e1s de 50.001 empadronados.<\/p>\n<p style=\"text-align: center;\"><a href=\"http:\/\/elblogdeladipu.dival.es\/wp-content\/uploads\/2014\/04\/198la-dipu-te-beca.jpg\"><img loading=\"lazy\" class=\"aligncenter  wp-image-6495\" title=\"dipu-te-beca\" src=\"http:\/\/elblogdeladipu.dival.es\/wp-content\/uploads\/2014\/04\/198la-dipu-te-beca-580x580.jpg\" alt=\"198la dipu te beca 580x580 M\u00e1s de 3.000 j\u00f3venes se beneficiar\u00e1n de La Dipu te beca con pr\u00e1cticas en los ayuntamientos\" width=\"464\" height=\"464\" \/><\/a><\/p>\n<\/div>\n","protected":false},"excerpt":{"rendered":"<p>&nbsp; La Diputaci\u00f3nde Valencia ha aprobado esta ma\u00f1ana en Junta de Gobierno las bases del programa de pr\u00e1cticas formativas \u2018La Dipu te beca\u2019 con el que se beneficiar\u00e1n m\u00e1s de 3.000 j\u00f3venes estudiantes de la provincia. \u00a0 El proyecto, que cuenta con un presupuesto aprobado de 3.200.000 euros, contempla la posibilidad de que los mayores [&hellip;]<\/p>\n","protected":false},"author":1,"featured_media":0,"comment_status":"closed","ping_status":"open","sticky":false,"template":"","format":"standard","meta":{"_monsterinsights_skip_tracking":false,"_monsterinsights_sitenote_active":false,"_monsterinsights_sitenote_note":"","_monsterinsights_sitenote_category":0},"categories":[11,12],"tags":[810,20,70],"_links":{"self":[{"href":"http:\/\/www.portaldelolleria.es\/index.php?rest_route=\/wp\/v2\/posts\/5886"}],"collection":[{"href":"http:\/\/www.portaldelolleria.es\/index.php?rest_route=\/wp\/v2\/posts"}],"about":[{"href":"http:\/\/www.portaldelolleria.es\/index.php?rest_route=\/wp\/v2\/types\/post"}],"author":[{"embeddable":true,"href":"http:\/\/www.portaldelolleria.es\/index.php?rest_route=\/wp\/v2\/users\/1"}],"replies":[{"embeddable":true,"href":"http:\/\/www.portaldelolleria.es\/index.php?rest_route=%2Fwp%2Fv2%2Fcomments&post=5886"}],"version-history":[{"count":1,"href":"http:\/\/www.portaldelolleria.es\/index.php?rest_route=\/wp\/v2\/posts\/5886\/revisions"}],"predecessor-version":[{"id":5888,"href":"http:\/\/www.portaldelolleria.es\/index.php?rest_route=\/wp\/v2\/posts\/5886\/revisions\/5888"}],"wp:attachment":[{"href":"http:\/\/www.portaldelolleria.es\/index.php?rest_route=%2Fwp%2Fv2%2Fmedia&parent=5886"}],"wp:term":[{"taxonomy":"category","embeddable":true,"href":"http:\/\/www.portaldelolleria.es\/index.php?rest_route=%2Fwp%2Fv2%2Fcategories&post=5886"},{"taxonomy":"post_tag","embeddable":true,"href":"http:\/\/www.portaldelolleria.es\/index.php?rest_route=%2Fwp%2Fv2%2Ftags&post=5886"}],"curies":[{"name":"wp","href":"https:\/\/api.w.org\/{rel}","templated":true}]}}