{"id":5934,"date":"2014-04-20T19:22:30","date_gmt":"2014-04-20T17:22:30","guid":{"rendered":"http:\/\/www.portaldelolleria.es\/?p=5934"},"modified":"2014-04-21T19:29:17","modified_gmt":"2014-04-21T17:29:17","slug":"cc-cap-amunt-ruta-de-pascua","status":"publish","type":"post","link":"http:\/\/www.portaldelolleria.es\/?p=5934","title":{"rendered":"CC Cap Amunt: Ruta de Pascua"},"content":{"rendered":"<p>&nbsp;<\/p>\n<p style=\"text-align: justify;\"><a href=\"http:\/\/www.portaldelolleria.es\/wp-content\/uploads\/2014\/04\/capamuntpascua.jpg\"><img loading=\"lazy\" class=\"aligncenter size-full wp-image-5936\" title=\"capamuntpascua\" src=\"http:\/\/www.portaldelolleria.es\/wp-content\/uploads\/2014\/04\/capamuntpascua.jpg\" alt=\"\" width=\"598\" height=\"398\" srcset=\"http:\/\/www.portaldelolleria.es\/wp-content\/uploads\/2014\/04\/capamuntpascua.jpg 598w, http:\/\/www.portaldelolleria.es\/wp-content\/uploads\/2014\/04\/capamuntpascua-300x199.jpg 300w\" sizes=\"(max-width: 598px) 100vw, 598px\" \/><\/a><\/p>\n<p style=\"text-align: justify;\"><span style=\"text-align: center; color: #000;\">Como algunos compa\u00f1eros este a\u00f1o no ten\u00edamos planes para ir de viaje, que menos que disfrutar de una buena salida. A las 8:00 en el pino, nos juntamos 8 bikers, cual grata sorpresa algunos compa\u00f1eros que hac\u00eda mucho tiempo que no rodaban con nosotros. Los compa\u00f1eros para esta ocasi\u00f3n son; Juanvi Grima, Fabricio, Cesar, Juanmi, Ivan, Sergi, Raul y yo (Presi). Que menos que un buen apret\u00f3n de manos y saludos. Ivan que hac\u00eda mucho tiempo y esta vez sale con nosotros como padre, Sergi que como gran l\u00edder dels trabessers, esta vez viene a disfrutar de una ruta con nosotros y Raul que en vez en cuando nos hace una grata visita.<\/span><\/p>\n<p style=\"text-align: justify;\">Una vez pasada ya cogemos la senda dels Ingeniers, donde cada uno va con precauci\u00f3n, para que no pase nada. Al llegar a la altura de Agullent, nuestro compa\u00f1ero Ivan, se despide ya que tiene que ir antes a casa, ya que ha quedado con unos amigos, solo deseamos que no tarde tanto para su vuelta al grupo y que disfrute de esta semana santa en compa\u00f1\u00eda de los suyos. Despu\u00e9s de un buen rato llegamos a su final, en el mismo cementerio de Ontinyent, donde ya solo queda un poco m\u00e1s para llegar al bar.<\/p>\n<p style=\"text-align: justify;\">En el bar con muy buenas risas y disfrutando de buenas compa\u00f1\u00eda y de un buen servicio, parece que no tiene ganas nadie de salir, pero hay que empezar, ya que yo he preparado unas sorpresas para la vuelta. Cogemos las bicis y nada m\u00e1s salir los llevo por una camino hacia arriba, donde con muy buen humor me dicen que esto de salir para arriba los hago con mala leche. Ya dirigi\u00e9ndonos a la urbanizaci\u00f3n Olla de la Pedrera para coger unas sendas que se encuentran en el barranco de la Moneda, con un poco de precauci\u00f3n, ya que solo yo la conozco y la hice al rev\u00e9s no recuerdo como es. Salimos del barranco, un par de caminos y volvemos a coger el barranco para finalizar en el pol\u00edgono el Pla. Ya cansados y con bastante calor, solo quedaba ir a Aielo y por la ermita san Juan ir al pueblo.<\/p>\n<p style=\"text-align: justify;\">Nos despedimos al llegar al pueblo y nos deseamos unas buenas pascuas. Ha sido una buena ruta, solo que el sol se podr\u00eda amagado para hacer una mejor ruta, ya que la sensaci\u00f3n de calor al final se hac\u00eda un poco pesada. Para m\u00ed personalmente ha sido muy grato el ver a Sergi, en nuestra compa\u00f1\u00eda, a Ivan que despu\u00e9s de mucho tiempo sin verlo ha salido y a muy buen ritmo. Ya tengo ganas de hacer una nueva ruta.<\/p>\n<p><a href=\"http:\/\/www.cccapamunt.com\/Cronica.php?numero=63\" target=\"_blank\">CC Cap Amunt\/Presi<\/a><\/p>\n<p><a href=\"https:\/\/www.facebook.com\/olleria.net\"><img loading=\"lazy\" class=\"aligncenter size-full wp-image-5935\" title=\"1facebook\" src=\"http:\/\/www.portaldelolleria.es\/wp-content\/uploads\/2014\/04\/1facebook2.jpg\" alt=\"\" width=\"598\" height=\"115\" srcset=\"http:\/\/www.portaldelolleria.es\/wp-content\/uploads\/2014\/04\/1facebook2.jpg 598w, http:\/\/www.portaldelolleria.es\/wp-content\/uploads\/2014\/04\/1facebook2-300x57.jpg 300w\" sizes=\"(max-width: 598px) 100vw, 598px\" \/><\/a><\/p>\n","protected":false},"excerpt":{"rendered":"<p>&nbsp; Como algunos compa\u00f1eros este a\u00f1o no ten\u00edamos planes para ir de viaje, que menos que disfrutar de una buena salida. A las 8:00 en el pino, nos juntamos 8 bikers, cual grata sorpresa algunos compa\u00f1eros que hac\u00eda mucho tiempo que no rodaban con nosotros. Los compa\u00f1eros para esta ocasi\u00f3n son; Juanvi Grima, Fabricio, Cesar, [&hellip;]<\/p>\n","protected":false},"author":1,"featured_media":0,"comment_status":"closed","ping_status":"open","sticky":false,"template":"","format":"standard","meta":{"_monsterinsights_skip_tracking":false,"_monsterinsights_sitenote_active":false,"_monsterinsights_sitenote_note":"","_monsterinsights_sitenote_category":0},"categories":[9,12],"tags":[810,219,20,607],"_links":{"self":[{"href":"http:\/\/www.portaldelolleria.es\/index.php?rest_route=\/wp\/v2\/posts\/5934"}],"collection":[{"href":"http:\/\/www.portaldelolleria.es\/index.php?rest_route=\/wp\/v2\/posts"}],"about":[{"href":"http:\/\/www.portaldelolleria.es\/index.php?rest_route=\/wp\/v2\/types\/post"}],"author":[{"embeddable":true,"href":"http:\/\/www.portaldelolleria.es\/index.php?rest_route=\/wp\/v2\/users\/1"}],"replies":[{"embeddable":true,"href":"http:\/\/www.portaldelolleria.es\/index.php?rest_route=%2Fwp%2Fv2%2Fcomments&post=5934"}],"version-history":[{"count":1,"href":"http:\/\/www.portaldelolleria.es\/index.php?rest_route=\/wp\/v2\/posts\/5934\/revisions"}],"predecessor-version":[{"id":5937,"href":"http:\/\/www.portaldelolleria.es\/index.php?rest_route=\/wp\/v2\/posts\/5934\/revisions\/5937"}],"wp:attachment":[{"href":"http:\/\/www.portaldelolleria.es\/index.php?rest_route=%2Fwp%2Fv2%2Fmedia&parent=5934"}],"wp:term":[{"taxonomy":"category","embeddable":true,"href":"http:\/\/www.portaldelolleria.es\/index.php?rest_route=%2Fwp%2Fv2%2Fcategories&post=5934"},{"taxonomy":"post_tag","embeddable":true,"href":"http:\/\/www.portaldelolleria.es\/index.php?rest_route=%2Fwp%2Fv2%2Ftags&post=5934"}],"curies":[{"name":"wp","href":"https:\/\/api.w.org\/{rel}","templated":true}]}}