{"id":5942,"date":"2014-04-23T14:50:30","date_gmt":"2014-04-23T12:50:30","guid":{"rendered":"http:\/\/www.portaldelolleria.es\/?p=5942"},"modified":"2014-04-25T11:31:10","modified_gmt":"2014-04-25T09:31:10","slug":"lolleria-celebra-el-dia-del-libro","status":"publish","type":"post","link":"http:\/\/www.portaldelolleria.es\/?p=5942","title":{"rendered":"Los actos principales del d\u00eda de libro ser\u00e1n delante de la Biblioteca"},"content":{"rendered":"<p>&nbsp;<\/p>\n<p><a href=\"http:\/\/www.portaldelolleria.es\/wp-content\/uploads\/2014\/04\/diadellibro.jpg\"><img loading=\"lazy\" class=\"aligncenter size-full wp-image-5944\" title=\"diadellibro\" src=\"http:\/\/www.portaldelolleria.es\/wp-content\/uploads\/2014\/04\/diadellibro.jpg\" alt=\"\" width=\"598\" height=\"398\" srcset=\"http:\/\/www.portaldelolleria.es\/wp-content\/uploads\/2014\/04\/diadellibro.jpg 598w, http:\/\/www.portaldelolleria.es\/wp-content\/uploads\/2014\/04\/diadellibro-300x199.jpg 300w\" sizes=\"(max-width: 598px) 100vw, 598px\" \/><\/a><\/p>\n<p>Hoy, se celebra el d\u00eda del llibre, en l&#8217;Olleria, la totalidad de los actos se celebran delante de la Biblioteca, en las calles Aurora y Santos de la Piedra.\u00a0 Adem\u00e1s del stand municipal, colaboran La Nova llibreria, Estanc Ra\u00fcl Mic\u00f3, y Suchs Impresores, exponiendo una gran variedad de obras literarias.<br \/>\nEl resto de actos del d\u00eda se desarrollar\u00e1 por la tarde a partir de las 17:00 horas, continuando la venta de libros,\u00a0 habr\u00e1 un \u00abphotocall\u00bb a cargo de Elles Audiovisual y a las 18:30h las actuaciones de Almudena Franc\u00e9s i Rondaball.<br \/>\nPara cerrar la jornada, se leeran los premios del concurso de Instagram #lolleriallig.<\/p>\n<p>Resaltar que a todos aquellos que participen o\u00a0 o adquieran un libro, tendr\u00e1n una peque\u00f1a \u00absorpresa literaria\u00bb<\/p>\n<p>&nbsp;<\/p>\n<p><a href=\"http:\/\/www.portaldelolleria.es\/wp-content\/uploads\/2014\/04\/diadellibro2.jpg\"><img loading=\"lazy\" class=\"aligncenter size-full wp-image-5943\" title=\"diadellibro2\" src=\"http:\/\/www.portaldelolleria.es\/wp-content\/uploads\/2014\/04\/diadellibro2.jpg\" alt=\"\" width=\"598\" height=\"398\" srcset=\"http:\/\/www.portaldelolleria.es\/wp-content\/uploads\/2014\/04\/diadellibro2.jpg 598w, http:\/\/www.portaldelolleria.es\/wp-content\/uploads\/2014\/04\/diadellibro2-300x199.jpg 300w\" sizes=\"(max-width: 598px) 100vw, 598px\" \/><\/a><\/p>\n","protected":false},"excerpt":{"rendered":"<p>&nbsp; Hoy, se celebra el d\u00eda del llibre, en l&#8217;Olleria, la totalidad de los actos se celebran delante de la Biblioteca, en las calles Aurora y Santos de la Piedra.\u00a0 Adem\u00e1s del stand municipal, colaboran La Nova llibreria, Estanc Ra\u00fcl Mic\u00f3, y Suchs Impresores, exponiendo una gran variedad de obras literarias. El resto de actos [&hellip;]<\/p>\n","protected":false},"author":1,"featured_media":0,"comment_status":"closed","ping_status":"open","sticky":false,"template":"","format":"standard","meta":{"_monsterinsights_skip_tracking":false,"_monsterinsights_sitenote_active":false,"_monsterinsights_sitenote_note":"","_monsterinsights_sitenote_category":0},"categories":[16,12],"tags":[810,41,1016,20],"_links":{"self":[{"href":"http:\/\/www.portaldelolleria.es\/index.php?rest_route=\/wp\/v2\/posts\/5942"}],"collection":[{"href":"http:\/\/www.portaldelolleria.es\/index.php?rest_route=\/wp\/v2\/posts"}],"about":[{"href":"http:\/\/www.portaldelolleria.es\/index.php?rest_route=\/wp\/v2\/types\/post"}],"author":[{"embeddable":true,"href":"http:\/\/www.portaldelolleria.es\/index.php?rest_route=\/wp\/v2\/users\/1"}],"replies":[{"embeddable":true,"href":"http:\/\/www.portaldelolleria.es\/index.php?rest_route=%2Fwp%2Fv2%2Fcomments&post=5942"}],"version-history":[{"count":3,"href":"http:\/\/www.portaldelolleria.es\/index.php?rest_route=\/wp\/v2\/posts\/5942\/revisions"}],"predecessor-version":[{"id":5948,"href":"http:\/\/www.portaldelolleria.es\/index.php?rest_route=\/wp\/v2\/posts\/5942\/revisions\/5948"}],"wp:attachment":[{"href":"http:\/\/www.portaldelolleria.es\/index.php?rest_route=%2Fwp%2Fv2%2Fmedia&parent=5942"}],"wp:term":[{"taxonomy":"category","embeddable":true,"href":"http:\/\/www.portaldelolleria.es\/index.php?rest_route=%2Fwp%2Fv2%2Fcategories&post=5942"},{"taxonomy":"post_tag","embeddable":true,"href":"http:\/\/www.portaldelolleria.es\/index.php?rest_route=%2Fwp%2Fv2%2Ftags&post=5942"}],"curies":[{"name":"wp","href":"https:\/\/api.w.org\/{rel}","templated":true}]}}