{"id":5950,"date":"2014-04-25T10:29:08","date_gmt":"2014-04-25T08:29:08","guid":{"rendered":"http:\/\/www.portaldelolleria.es\/?p=5950"},"modified":"2014-04-25T13:15:26","modified_gmt":"2014-04-25T11:15:26","slug":"lolleria-celebra-el-dia-del-libro-2","status":"publish","type":"post","link":"http:\/\/www.portaldelolleria.es\/?p=5950","title":{"rendered":"L&#8217;Olleria celebra el d\u00eda del libro"},"content":{"rendered":"<p>&nbsp;<\/p>\n<p><a href=\"http:\/\/www.portaldelolleria.es\/wp-content\/uploads\/2014\/04\/diadellibro4.jpg\"><img loading=\"lazy\" class=\"aligncenter size-full wp-image-5952\" title=\"diadellibro4\" src=\"http:\/\/www.portaldelolleria.es\/wp-content\/uploads\/2014\/04\/diadellibro4.jpg\" alt=\"\" width=\"598\" height=\"398\" srcset=\"http:\/\/www.portaldelolleria.es\/wp-content\/uploads\/2014\/04\/diadellibro4.jpg 598w, http:\/\/www.portaldelolleria.es\/wp-content\/uploads\/2014\/04\/diadellibro4-300x199.jpg 300w\" sizes=\"(max-width: 598px) 100vw, 598px\" \/><\/a><\/p>\n<p>El pasado d\u00eda 23, se celebr\u00f3 el d\u00eda del libro en l&#8217;Olleria. La\u00a0 totalidad de los actos se desarrollaron delante de la Biblioteca, en las calles Aurora y Santo de la Piedra. Adem\u00e1s del stand municipal, colaboraron La Nova llibreria, Suchs Impresores y el Estanc de Ra\u00fcl Mic\u00f3, exponiendo entre todos ellos una gran variedad de obras literarias.<\/p>\n<p>Por la tarde adem\u00e1s de la venta de libros que empezaba a las 17:00 horas, se desarrollaron otro tipo de actividades como un \u00abphotocall\u00bb, a cargo de Elles Audiovisual,\u00a0 a las 18:30 la actuaci\u00f3n de Almudena Franc\u00e9s i Rondaball. La jornada se cerr\u00f3 con la entrega de premios del concurso de Instagram\u00a0 #lolleriallig.\u00a0\u00a0 Concurso en el que\u00a0 Raquel Pons Ure\u00f1a, se llevaba el segundo premio, y Javier Camarena Momp\u00f3 se hac\u00eda con el primero.<\/p>\n<p>A todos los participantes al acto, se les entreg\u00f3 una peque\u00f1a obra literaria, de Angel\u00a0 Cano Mateo (Exorcismes)\u00a0 y Lorena C\u00f3rcoles Borr\u00e1s\u00a0 (El juego prohibido, la pasi\u00f3n y la mentira). La ilustraci\u00f3n de portada y pieza fundamental del cartel a cargo de Imma L\u00f3pez Mora. El acto cont\u00f3 con la participaci\u00f3n del Concejal de Cultura, Jes\u00fas Engo.<\/p>\n<p><span title=\"El acto cont\u00f3 con la participaci\u00f3n del Concejal de Cultura, Jes\u00fas Engo.\"><a href=\"http:\/\/slide.ly\/view\/e91b31851014bf5ce32a26612846336e\" target=\"_blank\">Ver reportaje de la Biblioteca sobre finalistas #lolleriallig<\/a><\/span><\/p>\n<p>&nbsp;<\/p>\n<p><a href=\"http:\/\/www.portaldelolleria.es\/wp-content\/uploads\/2014\/04\/diadellibro3.jpg\"><img loading=\"lazy\" class=\"aligncenter size-full wp-image-5951\" title=\"diadellibro3\" src=\"http:\/\/www.portaldelolleria.es\/wp-content\/uploads\/2014\/04\/diadellibro3.jpg\" alt=\"\" width=\"598\" height=\"398\" srcset=\"http:\/\/www.portaldelolleria.es\/wp-content\/uploads\/2014\/04\/diadellibro3.jpg 598w, http:\/\/www.portaldelolleria.es\/wp-content\/uploads\/2014\/04\/diadellibro3-300x199.jpg 300w\" sizes=\"(max-width: 598px) 100vw, 598px\" \/><\/a><br \/>\n<iframe loading=\"lazy\" src=\"\/\/www.youtube.com\/embed\/4Lbcq4jDVVc\" frameborder=\"0\" width=\"598\" height=\"449\"><\/iframe><\/p>\n<p><a href=\"http:\/\/www.portaldelolleria.es\/wp-content\/uploads\/2014\/04\/diadellibro5.jpg\"><img loading=\"lazy\" class=\"aligncenter size-full wp-image-5963\" title=\"diadellibro5\" src=\"http:\/\/www.portaldelolleria.es\/wp-content\/uploads\/2014\/04\/diadellibro5.jpg\" alt=\"\" width=\"598\" height=\"398\" srcset=\"http:\/\/www.portaldelolleria.es\/wp-content\/uploads\/2014\/04\/diadellibro5.jpg 598w, http:\/\/www.portaldelolleria.es\/wp-content\/uploads\/2014\/04\/diadellibro5-300x199.jpg 300w\" sizes=\"(max-width: 598px) 100vw, 598px\" \/><\/a><\/p>\n","protected":false},"excerpt":{"rendered":"<p>&nbsp; El pasado d\u00eda 23, se celebr\u00f3 el d\u00eda del libro en l&#8217;Olleria. La\u00a0 totalidad de los actos se desarrollaron delante de la Biblioteca, en las calles Aurora y Santo de la Piedra. Adem\u00e1s del stand municipal, colaboraron La Nova llibreria, Suchs Impresores y el Estanc de Ra\u00fcl Mic\u00f3, exponiendo entre todos ellos una gran [&hellip;]<\/p>\n","protected":false},"author":1,"featured_media":0,"comment_status":"closed","ping_status":"open","sticky":false,"template":"","format":"standard","meta":{"_monsterinsights_skip_tracking":false,"_monsterinsights_sitenote_active":false,"_monsterinsights_sitenote_note":"","_monsterinsights_sitenote_category":0},"categories":[16,12],"tags":[41,1015,20],"_links":{"self":[{"href":"http:\/\/www.portaldelolleria.es\/index.php?rest_route=\/wp\/v2\/posts\/5950"}],"collection":[{"href":"http:\/\/www.portaldelolleria.es\/index.php?rest_route=\/wp\/v2\/posts"}],"about":[{"href":"http:\/\/www.portaldelolleria.es\/index.php?rest_route=\/wp\/v2\/types\/post"}],"author":[{"embeddable":true,"href":"http:\/\/www.portaldelolleria.es\/index.php?rest_route=\/wp\/v2\/users\/1"}],"replies":[{"embeddable":true,"href":"http:\/\/www.portaldelolleria.es\/index.php?rest_route=%2Fwp%2Fv2%2Fcomments&post=5950"}],"version-history":[{"count":5,"href":"http:\/\/www.portaldelolleria.es\/index.php?rest_route=\/wp\/v2\/posts\/5950\/revisions"}],"predecessor-version":[{"id":5962,"href":"http:\/\/www.portaldelolleria.es\/index.php?rest_route=\/wp\/v2\/posts\/5950\/revisions\/5962"}],"wp:attachment":[{"href":"http:\/\/www.portaldelolleria.es\/index.php?rest_route=%2Fwp%2Fv2%2Fmedia&parent=5950"}],"wp:term":[{"taxonomy":"category","embeddable":true,"href":"http:\/\/www.portaldelolleria.es\/index.php?rest_route=%2Fwp%2Fv2%2Fcategories&post=5950"},{"taxonomy":"post_tag","embeddable":true,"href":"http:\/\/www.portaldelolleria.es\/index.php?rest_route=%2Fwp%2Fv2%2Ftags&post=5950"}],"curies":[{"name":"wp","href":"https:\/\/api.w.org\/{rel}","templated":true}]}}