{"id":6068,"date":"2014-05-12T20:27:12","date_gmt":"2014-05-12T18:27:12","guid":{"rendered":"http:\/\/www.portaldelolleria.es\/?p=6068"},"modified":"2014-05-12T20:27:12","modified_gmt":"2014-05-12T18:27:12","slug":"lolleria-en-la-copa-de-campeones-de-taekwondo-de-la-comunitat-valenciana","status":"publish","type":"post","link":"http:\/\/www.portaldelolleria.es\/?p=6068","title":{"rendered":"L&#8217;Olleria en la Copa de Campeones de Taekwondo de la Comunitat Valenciana"},"content":{"rendered":"<p><a href=\"http:\/\/www.portaldelolleria.es\/wp-content\/uploads\/2014\/05\/tae1.jpg\"><img loading=\"lazy\" class=\"aligncenter size-full wp-image-6069\" title=\"tae1\" src=\"http:\/\/www.portaldelolleria.es\/wp-content\/uploads\/2014\/05\/tae1.jpg\" alt=\"\" width=\"598\" height=\"398\" srcset=\"http:\/\/www.portaldelolleria.es\/wp-content\/uploads\/2014\/05\/tae1.jpg 598w, http:\/\/www.portaldelolleria.es\/wp-content\/uploads\/2014\/05\/tae1-300x199.jpg 300w\" sizes=\"(max-width: 598px) 100vw, 598px\" \/><\/a><\/p>\n<p>&nbsp;<\/p>\n<p style=\"text-align: justify;\">El pasado 10 de mayo,\u00a0 se celebr\u00f3 en la localidad de Cox (Alicante)\u00a0 por una parte la entrega de diplomas correspondiente a los ganadores de la IV edici\u00f3n de la \u00a0liguilla de la Comunidad Valenciana, en sus diferentes categor\u00edas y pesos, y por otra la copa campeones que enfrenta a los 4 primeros clasificados en cada categor\u00eda de peso y edad,en una gran final a modo de revalida.<\/p>\n<p style=\"text-align: justify;\">La EMT de L&#8217;Olleria a trav\u00e9s del Club local Fernando ,de 16 competidores, consigui\u00f3 meter a 12 de ellos en esta gran final en la disciplina del Taekwondo de combate en su modalidad Olimpica, pero por unas razones u otras tan solo 5 disputaron este campeonato, Raul Tolsa y Mireya Giner como cadetes, Andrea Oltra, Oscar Salamanca y Luis Montero como senior, este \u00faltimo en compa\u00f1\u00eda de su maestro Javi Valls que aunque compiten en nombre del CD Fernando entrenan en la localidad vecina de Ontiyent.<\/p>\n<p style=\"text-align: justify;\">Los resultados finales han sido extraordinarios para una poblaci\u00f3n como L&#8217;Olleria \u00a0de poco mas de 8.500 habitantes donde el Taekwondo cuenta con un arraigo importante, con una Escuela Municipal y un club privado que funcionan fusionados perfectamente de la mano de el coordinador , el maestro Fernando junto a sus monitores David, Ramon y Ximo. Como club consiguieron el tercer puesto de la clasificaci\u00f3n en categor\u00eda junior femenino y tambi\u00e9n el tercer puesto en categor\u00eda senior masculino y a nivel individual Raul Tolsa en categor\u00eda cadete -33 consiguio un meritorio bronce, Mireya Giner en categor\u00eda cadete en -47 consigui\u00f3 el oro en la copa campeones, Andrea Oltra en su reaparici\u00f3n en los tapices consigui\u00f3 el bronce, Luis Montero en -87 se llevo el diploma que le acredita ser el campe\u00f3n de la liguilla y ayer en la copa , mostrando su positiva progresi\u00f3n en el taekwondo de combate, consigui\u00f3 tambi\u00e9n el oro , por su parte Oscar Salamanca en -80 \u00a0y por segundo a\u00f1o consecutivo volvi\u00f3 a conseguir el diploma como ganador de la liguilla y el oro despu\u00e9s en la copa de campeones.<\/p>\n<p style=\"text-align: justify;\">Ahora toca relajarse un poco para dentro de unos d\u00edas empezar con la preparaci\u00f3n del que sera el ultimo evento de la temporada 2013-2014 , nos referimos al III Open Internacional de la Comunidad Valenciana que se celebrara el 28 de Junio en la poblaci\u00f3n de Afaz del Pi, nos informan de que este a\u00f1o la participaci\u00f3n al mismo sera, aparte de mas numerosa que las anteriores ediciones, de un alto nivel\u00a0 esper\u00e1ndose la participaci\u00f3n de una selecci\u00f3n de Moscu as\u00ed como como una buena representaci\u00f3n Francesa entre otros, ya informaremos del evento puntualmente ahora toca ir prepar\u00e1ndose para tan importante final de temporada.<\/p>\n<p style=\"text-align: justify;\"><em>taekwondolavalldalbaida.blogspot<\/em><\/p>\n<p style=\"text-align: justify;\"><a href=\"http:\/\/www.portaldelolleria.es\/wp-content\/uploads\/2014\/05\/tae2.jpg\"><img loading=\"lazy\" class=\"aligncenter size-full wp-image-6070\" title=\"tae2\" src=\"http:\/\/www.portaldelolleria.es\/wp-content\/uploads\/2014\/05\/tae2.jpg\" alt=\"\" width=\"598\" height=\"398\" srcset=\"http:\/\/www.portaldelolleria.es\/wp-content\/uploads\/2014\/05\/tae2.jpg 598w, http:\/\/www.portaldelolleria.es\/wp-content\/uploads\/2014\/05\/tae2-300x199.jpg 300w\" sizes=\"(max-width: 598px) 100vw, 598px\" \/><\/a><\/p>\n","protected":false},"excerpt":{"rendered":"<p>&nbsp; El pasado 10 de mayo,\u00a0 se celebr\u00f3 en la localidad de Cox (Alicante)\u00a0 por una parte la entrega de diplomas correspondiente a los ganadores de la IV edici\u00f3n de la \u00a0liguilla de la Comunidad Valenciana, en sus diferentes categor\u00edas y pesos, y por otra la copa campeones que enfrenta a los 4 primeros clasificados [&hellip;]<\/p>\n","protected":false},"author":1,"featured_media":0,"comment_status":"closed","ping_status":"open","sticky":false,"template":"","format":"standard","meta":{"_monsterinsights_skip_tracking":false,"_monsterinsights_sitenote_active":false,"_monsterinsights_sitenote_note":"","_monsterinsights_sitenote_category":0},"categories":[9,12],"tags":[111,20,19],"_links":{"self":[{"href":"http:\/\/www.portaldelolleria.es\/index.php?rest_route=\/wp\/v2\/posts\/6068"}],"collection":[{"href":"http:\/\/www.portaldelolleria.es\/index.php?rest_route=\/wp\/v2\/posts"}],"about":[{"href":"http:\/\/www.portaldelolleria.es\/index.php?rest_route=\/wp\/v2\/types\/post"}],"author":[{"embeddable":true,"href":"http:\/\/www.portaldelolleria.es\/index.php?rest_route=\/wp\/v2\/users\/1"}],"replies":[{"embeddable":true,"href":"http:\/\/www.portaldelolleria.es\/index.php?rest_route=%2Fwp%2Fv2%2Fcomments&post=6068"}],"version-history":[{"count":1,"href":"http:\/\/www.portaldelolleria.es\/index.php?rest_route=\/wp\/v2\/posts\/6068\/revisions"}],"predecessor-version":[{"id":6071,"href":"http:\/\/www.portaldelolleria.es\/index.php?rest_route=\/wp\/v2\/posts\/6068\/revisions\/6071"}],"wp:attachment":[{"href":"http:\/\/www.portaldelolleria.es\/index.php?rest_route=%2Fwp%2Fv2%2Fmedia&parent=6068"}],"wp:term":[{"taxonomy":"category","embeddable":true,"href":"http:\/\/www.portaldelolleria.es\/index.php?rest_route=%2Fwp%2Fv2%2Fcategories&post=6068"},{"taxonomy":"post_tag","embeddable":true,"href":"http:\/\/www.portaldelolleria.es\/index.php?rest_route=%2Fwp%2Fv2%2Ftags&post=6068"}],"curies":[{"name":"wp","href":"https:\/\/api.w.org\/{rel}","templated":true}]}}