{"id":6083,"date":"2014-05-14T21:06:27","date_gmt":"2014-05-14T19:06:27","guid":{"rendered":"http:\/\/www.portaldelolleria.es\/?p=6083"},"modified":"2014-05-14T21:06:27","modified_gmt":"2014-05-14T19:06:27","slug":"davinia-anaya-4%c2%aa-clasificada-en-campeonato-universitario-de-espana","status":"publish","type":"post","link":"http:\/\/www.portaldelolleria.es\/?p=6083","title":{"rendered":"Davinia Anaya,  4\u00aa Clasificada en Campeonato Universitario de Espa\u00f1a"},"content":{"rendered":"<p><img loading=\"lazy\" class=\"aligncenter size-full wp-image-6084\" title=\"taekwondocopa\" src=\"http:\/\/www.portaldelolleria.es\/wp-content\/uploads\/2014\/05\/taekwondocopa.jpg\" alt=\"\" width=\"598\" height=\"398\" srcset=\"http:\/\/www.portaldelolleria.es\/wp-content\/uploads\/2014\/05\/taekwondocopa.jpg 598w, http:\/\/www.portaldelolleria.es\/wp-content\/uploads\/2014\/05\/taekwondocopa-300x199.jpg 300w\" sizes=\"(max-width: 598px) 100vw, 598px\" \/><\/p>\n<p>&nbsp;<\/p>\n<h4>DAVINIA ANAYA 4\u00aa CLASIFICADA EN EL CAMPEONATO DE ESPA\u00d1A UNIVERSITARIO DE TAEKWONDO Y 9 MEDALLAS CONSEGUIDAS EN LA COPA DE CAMPEONES.<\/h4>\n<p>&nbsp;<\/p>\n<p>El pasado jueves 8 de mayo en la poblaci\u00f3n de los Alcaceres (Murcia) se celebr\u00f3 el campeonato de Espa\u00f1a Universitario de Taekwondo, de nuestra poblaci\u00f3n participaba la competidora Davinia Anaya, era su debut en un campeonato de este nivel, Davinia perdi\u00f3 su combate en cuartos de final por un ajustado 1-3 y acab\u00f3 4\u00aa de Espa\u00f1a. Animar a Davinia a seguir trabajando y seguro que al pr\u00f3ximo sube al p\u00f3dium.<\/p>\n<p>Tambi\u00e9n este fin de semana en la poblaci\u00f3n alicantina de Cox se celebr\u00f3 la Copa de Campeones, en este campeonato solo pueden participar los 4 primeros clasificados de liga, de nuestro Taekwondo se clasificaron 12 de los 16 participantes de la liga. En la copa solo pudieron participar 9, ya que Davinia por estudios, Carlos por trabajo y Mohamed por lesi\u00f3n, no pudieron participar. Los 9 taekwondistas participantes se colgaron la medalla. Fueron unos combates muy disputados pero nuestros campeones lo dieron todo, los resultados finales, tanto en la liga como en copa fueron los siguientes:<\/p>\n<p>-Cadete:<\/p>\n<p>.Mireya Giner\u00a0 (2\u00aa clasificada en liga, Campeona de copa).<\/p>\n<p>.Ra\u00fcl Tols\u00e0 \u00a0(4\u00ba clasificado en liga, medalla de Bronce en copa).<\/p>\n<p>-Junior:<\/p>\n<p>.Estela Oltra \u00a0(3\u00aa clasificada en liga, Campeona de copa).<\/p>\n<p>.Iris Armero \u00a0(2\u00aa clasificada en liga, Subcampeona de copa).<\/p>\n<p>.David Tols\u00e0 \u00a0(2\u00ba clasificado en liga, medalla de Bronce en copa).<\/p>\n<p>.Mohamed Eddamghi \u00a0(1 clasificado y Campe\u00f3n de liga).<\/p>\n<p>&nbsp;<\/p>\n<p>-Seniors:<\/p>\n<p>.Luis Montero (1 clasificado y Campe\u00f3n de liga, Campe\u00f3n de copa).<\/p>\n<p>.Oscar Salamanca (1 clasificado y Campe\u00f3n de liga, Campe\u00f3n de copa).<\/p>\n<p>.David Ure\u00f1a (3 clasificado en liga y Campe\u00f3n de copa).<\/p>\n<p>.Andrea Oltra (3\u00aa clasificada en liga, medalla de Bronce en copa).<\/p>\n<p>.Davinia Anaya (2\u00aa clasificada en liga).<\/p>\n<p>.Carlos Revert (4\u00ba clasificado en liga),<\/p>\n<p>Tambi\u00e9n se consigui\u00f3 por equipos el Subcampeonato en categor\u00eda Junior Femenino y el Tercer puesto en Seniors Masculino.<\/p>\n<p>Un total de 5 Oros, 1 Plata, 3 Bronces en Copa, 3 Campeones de liga, 4 Subcampeones, 3 Terceros puestos, 2 Cuartos puestos en Liga y 2 trofeos por equipos hacen del Taekwondo de L\u2019Olleria, uno de los mejores equipos de nuestra\u00a0 poblaci\u00f3n y un equipo muy reconocido en la Comunidad Valenciana.<\/p>\n<p>Dar la enhorabuena a todos los competidores del Taekwondo, a los t\u00e9cnicos, David Ure\u00f1a, Ram\u00f3n Sanz y\u00a0 Ximo Cuenca que bajo la supervisi\u00f3n de Fernando Arjona han hecho un equipo campe\u00f3n, tambi\u00e9n a la gente que entrena d\u00eda a d\u00eda y que no compiten sin ellos no se podr\u00eda competir y a las madres y padres por las horas y d\u00edas de sufrimiento.<\/p>\n<p>Ahora solo queda esperar las tres \u00faltimas competiciones que nos quedan, esta semana el Open Internacional de Espa\u00f1a y en junio el Campeonato de Espa\u00f1a Cadete y Sub 21 por Clubs y el Open Nacional de Valencia, que seguro que nuestros competidores hacen buenos combates y nos traen muchas alegr\u00edas.<\/p>\n<p>cr\u00f3nica: taekwondo l&#8217;Olleria<\/p>\n","protected":false},"excerpt":{"rendered":"<p>&nbsp; DAVINIA ANAYA 4\u00aa CLASIFICADA EN EL CAMPEONATO DE ESPA\u00d1A UNIVERSITARIO DE TAEKWONDO Y 9 MEDALLAS CONSEGUIDAS EN LA COPA DE CAMPEONES. &nbsp; El pasado jueves 8 de mayo en la poblaci\u00f3n de los Alcaceres (Murcia) se celebr\u00f3 el campeonato de Espa\u00f1a Universitario de Taekwondo, de nuestra poblaci\u00f3n participaba la competidora Davinia Anaya, era su [&hellip;]<\/p>\n","protected":false},"author":1,"featured_media":0,"comment_status":"closed","ping_status":"open","sticky":false,"template":"","format":"standard","meta":{"_monsterinsights_skip_tracking":false,"_monsterinsights_sitenote_active":false,"_monsterinsights_sitenote_note":"","_monsterinsights_sitenote_category":0},"categories":[9,12],"tags":[1027,20,19],"_links":{"self":[{"href":"http:\/\/www.portaldelolleria.es\/index.php?rest_route=\/wp\/v2\/posts\/6083"}],"collection":[{"href":"http:\/\/www.portaldelolleria.es\/index.php?rest_route=\/wp\/v2\/posts"}],"about":[{"href":"http:\/\/www.portaldelolleria.es\/index.php?rest_route=\/wp\/v2\/types\/post"}],"author":[{"embeddable":true,"href":"http:\/\/www.portaldelolleria.es\/index.php?rest_route=\/wp\/v2\/users\/1"}],"replies":[{"embeddable":true,"href":"http:\/\/www.portaldelolleria.es\/index.php?rest_route=%2Fwp%2Fv2%2Fcomments&post=6083"}],"version-history":[{"count":1,"href":"http:\/\/www.portaldelolleria.es\/index.php?rest_route=\/wp\/v2\/posts\/6083\/revisions"}],"predecessor-version":[{"id":6085,"href":"http:\/\/www.portaldelolleria.es\/index.php?rest_route=\/wp\/v2\/posts\/6083\/revisions\/6085"}],"wp:attachment":[{"href":"http:\/\/www.portaldelolleria.es\/index.php?rest_route=%2Fwp%2Fv2%2Fmedia&parent=6083"}],"wp:term":[{"taxonomy":"category","embeddable":true,"href":"http:\/\/www.portaldelolleria.es\/index.php?rest_route=%2Fwp%2Fv2%2Fcategories&post=6083"},{"taxonomy":"post_tag","embeddable":true,"href":"http:\/\/www.portaldelolleria.es\/index.php?rest_route=%2Fwp%2Fv2%2Ftags&post=6083"}],"curies":[{"name":"wp","href":"https:\/\/api.w.org\/{rel}","templated":true}]}}