{"id":6086,"date":"2014-05-14T21:13:55","date_gmt":"2014-05-14T19:13:55","guid":{"rendered":"http:\/\/www.portaldelolleria.es\/?p=6086"},"modified":"2014-05-14T21:13:55","modified_gmt":"2014-05-14T19:13:55","slug":"exposicion-joan-rois-de-corella-y-su-tiempo-hasta-el-17-de-mayo-en-la-biblioteca","status":"publish","type":"post","link":"http:\/\/www.portaldelolleria.es\/?p=6086","title":{"rendered":"Exposici\u00f3n \u00abJoan Ro\u00eds de Corella y su tiempo\u00bb hasta el 17 de mayo en la biblioteca"},"content":{"rendered":"<p class=\"MsoNormal\" style=\"margin-bottom: 11.25pt; text-align: justify;\"><img loading=\"lazy\" class=\"aligncenter size-full wp-image-6087\" title=\"rc\" src=\"http:\/\/www.portaldelolleria.es\/wp-content\/uploads\/2014\/05\/rc.jpg\" alt=\"\" width=\"598\" height=\"398\" srcset=\"http:\/\/www.portaldelolleria.es\/wp-content\/uploads\/2014\/05\/rc.jpg 598w, http:\/\/www.portaldelolleria.es\/wp-content\/uploads\/2014\/05\/rc-300x199.jpg 300w\" sizes=\"(max-width: 598px) 100vw, 598px\" \/><\/p>\n<p style=\"text-align: justify;\"><span id=\"result_box\" lang=\"es\"><span title=\"La Biblioteca de l'Olleria acull una exposici\u00f3 de l'escriptor Joan Ro\u00eds de Corella.\">La Biblioteca de la Olleria acoge una exposici\u00f3n del escritor Joan Ro\u00eds de Corella . <\/span><span title=\"L'exposici\u00f3 finalitzar\u00e0 el 17 de maig\n\n\">La exposici\u00f3n finalizar\u00e1 el 17 de mayo<\/p>\n<p><\/span><span title=\"Ro\u00eds de Corella inicia, un recorregut itinerant per m\u00e9s de cinquanta municipis valencians gr\u00e0cies a l'exposici\u00f3 organitzada per l'Acad\u00e8mia Valenciana de la Llengua, amb l'objectiu de recuperar i projectar a la societat valenciana la figura d'este cl\u00e0ssic del segle d\">Ro\u00eds de Corella inicia un recorrido itinerante por m\u00e1s de cincuenta municipios valencianos gracias a la exposici\u00f3n organizada por la Academia Valenciana de la Lengua , con el objetivo de recuperar y proyectar a la sociedad valenciana la figura de este cl\u00e1sico del siglo de <\/span><span title=\"'or, elegit per la instituci\u00f3 normativa Escriptor de l'Any.\">oro , elegido por la instituci\u00f3n normativa Escritor del A\u00f1o . <\/span><span title=\"A l'Olleria podrem visitar-la a la biblioteca fins el dissabte 17 de maig.\n\n\">Al Olleria podremos visitarla en la biblioteca hasta el s\u00e1bado 17 de mayo.<\/p>\n<p><\/span><span title=\"La mostra, titulada \u00abEl temps i l'espai de Joan Ro\u00eds de Corella\u00bb, est\u00e0 formada per dotze panells port\u00e0tils, en els quals els visitants tindran al seu abast una visi\u00f3 exhaustiva de la vida, la traject\u00f2ria i l'obra d'este\">La muestra , titulada \u00abEl tiempo y el espacio de Joan Ro\u00eds de Corella \u00bb , est\u00e1 formada por doce paneles port\u00e1tiles , en los que los visitantes tendr\u00e1n a su alcance una visi\u00f3n exhaustiva de la vida , la trayectoria y la obra de este <\/span><span title=\"cavaller, te\u00f2leg i escriptor, nascut a Gandia el 1435 i mort seixanta-dos anys despr\u00e9s a la ciutat de Val\u00e8ncia.\n\n\">caballero , te\u00f3logo y escritor , nacido en Gandia en 1435 y muerto sesenta y dos a\u00f1os despu\u00e9s en la ciudad de Valencia .<\/p>\n<p><\/span><span title=\"La vida liter\u00e0ria de Ro\u00eds de Corella inclou quasi tota la segona meitat del segle XV i, tal com s'explicita en un dels panells de l'exposici\u00f3 dirigida per l'acad\u00e8mic Eduard Mira, connecta la collita m\u00e9s llu\u00efda de literats valencians de qualsevol \u00e8poca\">La vida literaria de Ro\u00eds de Corella incluye casi toda la segunda mitad del siglo XV y , tal como se explicita en uno de los paneles de la exposici\u00f3n dirigida por el acad\u00e9mico Eduard Mira , conecta la cosecha m\u00e1s lucida de literatos valencianos de cualquier \u00e9poca <\/span><span title=\", com s\u00f3n Ausi\u00e0s March, Joanot Martorell, Jaume Roig i sor Isabel de Villena.\n\n\">, como son Ausi\u00e0s March , Joanot Martorell , Jaume Roig y sor Isabel de Villena .<\/p>\n<p><\/span><span title=\"La influ\u00e8ncia de Corella en algunes de les obres m\u00e9s reconegudes dels seus coetanis est\u00e0 ben documentada, com \u00e9s en el cas del Tirant lo Blanch de Joanot Martorell, i la seua capacitat de persuasi\u00f3 li permet\u00e9 mantindre correspond\u00e8ncia liter\u00e0ria amb personatges destacats de l'\u00e8poca,\">La influencia de Corella en algunas de las obras m\u00e1s reconocidas de sus coet\u00e1neos est\u00e1 bien documentada , como es en el caso del Tirant lo Blanch de Joanot Martorell , y su capacidad de persuasi\u00f3n le permiti\u00f3 mantener correspondencia literaria con personajes destacados de la \u00e9poca , <\/span><span title=\"com Carles d'Arag\u00f3, pr\u00edncep de Viana i de Girona.\n\n\">como Carlos de Arag\u00f3n , pr\u00edncipe de Viana y de Gerona .<\/p>\n<p><\/span><span title=\"No menys important fou el seu vessant de cavaller i te\u00f2leg, circumst\u00e0ncies que queden explicitades en l'exposici\u00f3 quan, cap a l'any 1456, Corella \u00e9s armat cavaller i m\u00e9s tard obt\u00e9 el grau de Mestre en Teologia, mat\u00e8ria que ensenyar\u00e0 amb c\u00e0rrec a\">No menos importante fue su vertiente de caballero y te\u00f3logo , circunstancias que quedan explicitadas en la exposici\u00f3n cuando , hacia el a\u00f1o 1456, Corella es armado caballero y m\u00e1s tarde obtiene el grado de Maestro en Teolog\u00eda , materia que ense\u00f1ar\u00e1 con cargo a <\/span><span title=\"la ciutat de Val\u00e8ncia, mentre que la seua carrera clerical es limitar\u00e0 a rebre els ordes menors, suficients, d'altra banda, per a predicar des de la trona.\n\n\">la ciudad de Valencia , mientras que su carrera clerical se limitar\u00e1 a recibir las \u00f3rdenes menores , suficientes , por otra parte , para predicar desde el p\u00falpito .<\/p>\n<p><\/span><span title=\"No obstant aix\u00f2, Corella va conviure maritalment durant anys amb Isabel Martines de Vera, amb la qual tingu\u00e9 dos filles i un fill.\">Sin embargo, Corella convivir maritalmente durante a\u00f1os con Isabel Martines de Vera , con la que tuvo dos hijas y un hijo . <\/span><span title=\"Esta versatilitat personal tamb\u00e9 es veu reflectida en la seua producci\u00f3 liter\u00e0ria, que inclou tant obres profanes (Trag\u00e8dia de Caldesa o Triomf de les dones) com composicions religioses en qu\u00e8 destaca la versi\u00f3 del Vita Christi, de Ludolf de Sax\u00f2nia (Lo Cartoix\u00e0).\n\n\">Esta versatilidad personal tambi\u00e9n se ve reflejada en su producci\u00f3n literaria , que incluye tanto obras profanas ( Tragedia de Caldesa o Triunfo de las mujeres ) como composiciones religiosas en la que destaca la versi\u00f3n de Vita Christi , de Ludolfo de Sajonia (Lo Cartoix\u00e0 ) .<\/p>\n<p><\/span><span title=\"Per a Eduard Mira, Ro\u00eds de Corella \u00e9s el gran estilista de la llengua del nostre segle d'or, un estilista que podria haver obert el cam\u00ed a una literatura renaixentista i barroca de gran volada.\">Para Eduard Mira , Ro\u00eds de Corella es el gran estilista de la lengua de nuestro siglo de oro , un estilista que podr\u00eda haber abierto el camino a una literatura renacentista y barroca de gran vuelo . <\/span><span title=\"Per\u00f2, la p\u00e8rdua de protagonisme del Regne de Val\u00e8ncia al si de la monarquia hisp\u00e0nica i el pes pol\u00edtic i social del castell\u00e0 portaren la literatura en valenci\u00e0 a la decad\u00e8ncia.\">Pero la p\u00e9rdida de protagonismo del Reino de Valencia en el seno de la monarqu\u00eda hisp\u00e1nica y el peso pol\u00edtico y social del castellano llevaron la literatura en valenciano a la decadencia .<\/span><\/span><\/p>\n<p class=\"MsoNormal\">Material did\u00e0ctic:<\/p>\n<p class=\"MsoNormal\"><a href=\"http:\/\/www.avl.gva.es\/data\/colleccions\/Col-lecci---Did-ctica-\/Joan-Ro-s-de-Corella-i-el-seu-temps\/contentDocument\/guia_corella.pdf\">http:\/\/www.avl.gva.es\/data\/colleccions\/Col-lecci&#8212;Did-ctica-\/Joan-Ro-s-de-Corella-i-el-seu-temps\/contentDocument\/guia_corella.pdf<\/a><\/p>\n<p class=\"MsoNormal\">___________________________________<\/p>\n<p class=\"MsoNormal\">Biblioteca P\u00fablica de l&#8217;Olleria<\/p>\n<p class=\"MsoNormal\">carrer Aurora, 7<\/p>\n<p class=\"MsoNormal\">46850 L&#8217;Olleria<\/p>\n<p class=\"MsoNormal\">Tel. 962200098<\/p>\n<p class=\"MsoNormal\"><a href=\"mailto:biblioteca@ajuntamentdelolleria.org\">biblioteca@ajuntamentdelolleria.org<\/a><\/p>\n<p class=\"MsoNormal\"><a href=\"http:\/\/www.bibliotecaspublicas.es\/lolleria\">http:\/\/www.bibliotecaspublicas.es\/lolleria<\/a><\/p>\n<p class=\"MsoNormal\">Horari:<\/p>\n<p class=\"MsoNormal\">Dilluns a divendres. Mat\u00ed de 10.00h a 13.30h. Vesprada de 16.30h-20.30h.<\/p>\n<p class=\"MsoNormal\">Dissabte: de 10.30h a 13.00h<\/p>\n<p class=\"MsoNormal\"><a href=\"http:\/\/www.bibliotecaspublicas.es\/lolleria\/imagenes\/horari_biblioteca_hivern_2013.pdf\">http:\/\/www.bibliotecaspublicas.es\/lolleria\/imagenes\/horari_biblioteca_hivern_2013.pdf<\/a><\/p>\n<p>&nbsp;<\/p>\n","protected":false},"excerpt":{"rendered":"<p>La Biblioteca de la Olleria acoge una exposici\u00f3n del escritor Joan Ro\u00eds de Corella . La exposici\u00f3n finalizar\u00e1 el 17 de mayo Ro\u00eds de Corella inicia un recorrido itinerante por m\u00e1s de cincuenta municipios valencianos gracias a la exposici\u00f3n organizada por la Academia Valenciana de la Lengua , con el objetivo de recuperar y proyectar [&hellip;]<\/p>\n","protected":false},"author":1,"featured_media":0,"comment_status":"closed","ping_status":"open","sticky":false,"template":"","format":"standard","meta":{"_monsterinsights_skip_tracking":false,"_monsterinsights_sitenote_active":false,"_monsterinsights_sitenote_note":"","_monsterinsights_sitenote_category":0},"categories":[16,12],"tags":[41,736,20,1028],"_links":{"self":[{"href":"http:\/\/www.portaldelolleria.es\/index.php?rest_route=\/wp\/v2\/posts\/6086"}],"collection":[{"href":"http:\/\/www.portaldelolleria.es\/index.php?rest_route=\/wp\/v2\/posts"}],"about":[{"href":"http:\/\/www.portaldelolleria.es\/index.php?rest_route=\/wp\/v2\/types\/post"}],"author":[{"embeddable":true,"href":"http:\/\/www.portaldelolleria.es\/index.php?rest_route=\/wp\/v2\/users\/1"}],"replies":[{"embeddable":true,"href":"http:\/\/www.portaldelolleria.es\/index.php?rest_route=%2Fwp%2Fv2%2Fcomments&post=6086"}],"version-history":[{"count":2,"href":"http:\/\/www.portaldelolleria.es\/index.php?rest_route=\/wp\/v2\/posts\/6086\/revisions"}],"predecessor-version":[{"id":6089,"href":"http:\/\/www.portaldelolleria.es\/index.php?rest_route=\/wp\/v2\/posts\/6086\/revisions\/6089"}],"wp:attachment":[{"href":"http:\/\/www.portaldelolleria.es\/index.php?rest_route=%2Fwp%2Fv2%2Fmedia&parent=6086"}],"wp:term":[{"taxonomy":"category","embeddable":true,"href":"http:\/\/www.portaldelolleria.es\/index.php?rest_route=%2Fwp%2Fv2%2Fcategories&post=6086"},{"taxonomy":"post_tag","embeddable":true,"href":"http:\/\/www.portaldelolleria.es\/index.php?rest_route=%2Fwp%2Fv2%2Ftags&post=6086"}],"curies":[{"name":"wp","href":"https:\/\/api.w.org\/{rel}","templated":true}]}}