{"id":6199,"date":"2014-05-30T00:54:16","date_gmt":"2014-05-29T22:54:16","guid":{"rendered":"http:\/\/www.portaldelolleria.es\/?p=6199"},"modified":"2014-05-30T01:06:32","modified_gmt":"2014-05-29T23:06:32","slug":"curso-basico-para-agrupaciones-de-proteccion-civil","status":"publish","type":"post","link":"http:\/\/www.portaldelolleria.es\/?p=6199","title":{"rendered":"Curso B\u00e1sico para Agrupaciones de Protecci\u00f3n Civil"},"content":{"rendered":"<p><img loading=\"lazy\" class=\"aligncenter size-full wp-image-6201\" title=\"pcivil\" src=\"http:\/\/www.portaldelolleria.es\/wp-content\/uploads\/2014\/05\/pcivil.jpg\" alt=\"\" width=\"598\" height=\"398\" srcset=\"http:\/\/www.portaldelolleria.es\/wp-content\/uploads\/2014\/05\/pcivil.jpg 598w, http:\/\/www.portaldelolleria.es\/wp-content\/uploads\/2014\/05\/pcivil-300x199.jpg 300w\" sizes=\"(max-width: 598px) 100vw, 598px\" \/><\/p>\n<p>&nbsp;<\/p>\n<p class=\"MsoNormal\">Los d\u00edas 31 de mayo y 1 de junio,<span style=\"mso-spacerun: yes;\">\u00a0 <\/span>y el 7 y 8 de junio, se realizar\u00e1 en l\u2019Olleria el Curso B\u00e1sico Homologado por el Instituto Valenciano de Seguridad P\u00fablica (IVASPE) para voluntarios de Protecci\u00f3n Civil.<span style=\"mso-spacerun: yes;\">\u00a0 <\/span>Hay que tener en cuenta que este organismo tiene como cometido la formaci\u00f3n y la especializaci\u00f3n profesional de los polic\u00edas locales, para responder a las necesidades de los ciudadanos. De ah\u00ed la calidad del curso que se presenta en L\u2019Olleria tras las gestiones realizadas<span style=\"mso-spacerun: yes;\">\u00a0 <\/span>tanto por el presidente de la AAVPCCV, Carlos Vicente Femen\u00eda, asi como el Jefe de la Agrupaci\u00f3n local. Este curso, al ser b\u00e1sico, tiene car\u00e1cter obligatorio para poder ejercer como voluntario.<span style=\"mso-spacerun: yes;\">\u00a0 <\/span>De ah\u00ed que el Ayuntamiento haya puesto todos los medios necesarios para su desarrollo.<\/p>\n<p class=\"MsoNormal\">El curso, se celebrar\u00e1 los dos fines de semana citados en horarios de 9:00h a 14.00h y de 15:00h a 20:00h, en el Centro Social,<span style=\"mso-spacerun: yes;\">\u00a0 <\/span>c\/San Juan de Ribera, 6. El n\u00famero de plazas es de 40 personas, a falta de cubrir alguna plaza, est\u00e1 pr\u00e1cticamente completo.<\/p>\n<p class=\"MsoNormal\">Participaran agrupaciones de Benimuslem, Picassent, Ontinyent, Pobla de Vallbona, Alginet, Summacarcer, Antella, L\u2019Olleria y Benidoleig (Alicante)<\/p>\n<p class=\"MsoNormal\"><a href=\"https:\/\/www.facebook.com\/olleria.net\"><img loading=\"lazy\" class=\"aligncenter size-full wp-image-6200\" title=\"1facebook\" src=\"http:\/\/www.portaldelolleria.es\/wp-content\/uploads\/2014\/05\/1facebook4.jpg\" alt=\"\" width=\"598\" height=\"115\" srcset=\"http:\/\/www.portaldelolleria.es\/wp-content\/uploads\/2014\/05\/1facebook4.jpg 598w, http:\/\/www.portaldelolleria.es\/wp-content\/uploads\/2014\/05\/1facebook4-300x57.jpg 300w\" sizes=\"(max-width: 598px) 100vw, 598px\" \/><\/a><\/p>\n","protected":false},"excerpt":{"rendered":"<p>&nbsp; Los d\u00edas 31 de mayo y 1 de junio,\u00a0 y el 7 y 8 de junio, se realizar\u00e1 en l\u2019Olleria el Curso B\u00e1sico Homologado por el Instituto Valenciano de Seguridad P\u00fablica (IVASPE) para voluntarios de Protecci\u00f3n Civil.\u00a0 Hay que tener en cuenta que este organismo tiene como cometido la formaci\u00f3n y la especializaci\u00f3n profesional [&hellip;]<\/p>\n","protected":false},"author":1,"featured_media":0,"comment_status":"closed","ping_status":"open","sticky":false,"template":"","format":"standard","meta":{"_monsterinsights_skip_tracking":false,"_monsterinsights_sitenote_active":false,"_monsterinsights_sitenote_note":"","_monsterinsights_sitenote_category":0},"categories":[3,12],"tags":[182,1042,20,523],"_links":{"self":[{"href":"http:\/\/www.portaldelolleria.es\/index.php?rest_route=\/wp\/v2\/posts\/6199"}],"collection":[{"href":"http:\/\/www.portaldelolleria.es\/index.php?rest_route=\/wp\/v2\/posts"}],"about":[{"href":"http:\/\/www.portaldelolleria.es\/index.php?rest_route=\/wp\/v2\/types\/post"}],"author":[{"embeddable":true,"href":"http:\/\/www.portaldelolleria.es\/index.php?rest_route=\/wp\/v2\/users\/1"}],"replies":[{"embeddable":true,"href":"http:\/\/www.portaldelolleria.es\/index.php?rest_route=%2Fwp%2Fv2%2Fcomments&post=6199"}],"version-history":[{"count":4,"href":"http:\/\/www.portaldelolleria.es\/index.php?rest_route=\/wp\/v2\/posts\/6199\/revisions"}],"predecessor-version":[{"id":6205,"href":"http:\/\/www.portaldelolleria.es\/index.php?rest_route=\/wp\/v2\/posts\/6199\/revisions\/6205"}],"wp:attachment":[{"href":"http:\/\/www.portaldelolleria.es\/index.php?rest_route=%2Fwp%2Fv2%2Fmedia&parent=6199"}],"wp:term":[{"taxonomy":"category","embeddable":true,"href":"http:\/\/www.portaldelolleria.es\/index.php?rest_route=%2Fwp%2Fv2%2Fcategories&post=6199"},{"taxonomy":"post_tag","embeddable":true,"href":"http:\/\/www.portaldelolleria.es\/index.php?rest_route=%2Fwp%2Fv2%2Ftags&post=6199"}],"curies":[{"name":"wp","href":"https:\/\/api.w.org\/{rel}","templated":true}]}}