{"id":6244,"date":"2014-06-06T20:08:10","date_gmt":"2014-06-06T18:08:10","guid":{"rendered":"http:\/\/www.portaldelolleria.es\/?p=6244"},"modified":"2014-06-06T20:08:10","modified_gmt":"2014-06-06T18:08:10","slug":"busqueda-de-empleo-a-traves-de-la-red-eures","status":"publish","type":"post","link":"http:\/\/www.portaldelolleria.es\/?p=6244","title":{"rendered":"B\u00fasqueda de empleo a trav\u00e9s de la red Eures."},"content":{"rendered":"<p>&nbsp;<\/p>\n<p><a href=\"http:\/\/www.portaldelolleria.es\/wp-content\/uploads\/2014\/06\/extranjero.jpg\"><img loading=\"lazy\" class=\"aligncenter size-full wp-image-6245\" title=\"extranjero\" src=\"http:\/\/www.portaldelolleria.es\/wp-content\/uploads\/2014\/06\/extranjero.jpg\" alt=\"\" width=\"598\" height=\"398\" srcset=\"http:\/\/www.portaldelolleria.es\/wp-content\/uploads\/2014\/06\/extranjero.jpg 598w, http:\/\/www.portaldelolleria.es\/wp-content\/uploads\/2014\/06\/extranjero-300x199.jpg 300w\" sizes=\"(max-width: 598px) 100vw, 598px\" \/><\/a><\/p>\n<p><span id=\"result_box\" lang=\"es\"><span class=\"hps\">EST\u00c1S<\/span> <span class=\"hps\">INTERESADO<\/span> <span class=\"hps\">EN<\/span> <span class=\"hps\">TRABAJAR EN<\/span> <span class=\"hps\">CUALQUIER<\/span> <span class=\"hps\">PA\u00cdS<\/span> <span class=\"hps\">DE EUROPA<\/span><span>?<\/span><\/p>\n<p><span class=\"hps\">CHARLA:<\/span> <span class=\"hps\">B\u00daSQUEDA<\/span> <span class=\"hps\">DE EMPLEO<\/span> <span class=\"hps\">A TRAV\u00c9S DE<\/span> <span class=\"hps\">LA<\/span> <span class=\"hps\">RED<\/span> <span class=\"hps\">EURES<\/span><span>.<\/span><\/p>\n<p><span class=\"hps\">\u00b7 EL<\/span> <span class=\"hps\">PR\u00d3XIMO<\/span> <span class=\"hps\">MI\u00c9RCOLES<\/span> <span class=\"hps\">11 DE<\/span> <span class=\"hps\">JUNIO<\/span><span>, A LAS<\/span> <span class=\"hps\">10:30<\/span> <span class=\"hps\">HORAS<\/span><span>,<\/span> <span class=\"hps\">EN EL AULA<\/span> <span class=\"hps\">TALLER<\/span> <span class=\"hps\">DEL CENTRO<\/span> <span class=\"hps\">SOCIAL<\/span><\/p>\n<p><span class=\"hps atn\">(<\/span><span>C<\/span> <span class=\"hps\">\/<\/span> <span class=\"hps atn\">(<\/span><span>SAN<\/span> <span class=\"hps\">JUAN<\/span> <span class=\"hps\">DE<\/span> <span class=\"hps\">RIBERA<\/span><span>,<\/span> <span class=\"hps\">6<\/span><span>)<\/span><\/p>\n<p><span class=\"hps\">\u00b7<\/span> <span class=\"hps\">CHARLA<\/span> <span class=\"hps\">A CARGO<\/span> <span class=\"hps\">DEL<\/span> <span class=\"hps\">ORIENTADORA<\/span> <span class=\"hps\">LABORAL<\/span> <span class=\"hps\">DEL SERVEF<\/span> <span class=\"hps\">DE ONTINYENT<\/span> <span class=\"hps atn\">(<\/span><span>CAROL<\/span> <span class=\"hps\">G\u00d3MEZ<\/span><span>)<\/span><span>.<\/span><\/p>\n<p><span class=\"hps\">\u00b7<\/span> <span class=\"hps\">INSCRIPCIONES<\/span><span>:<\/span> <span class=\"hps\">AEDL<\/span> <span class=\"hps\">(PLANTA<\/span> <span class=\"hps\">BAJA<\/span> <span class=\"hps\">DEL AYUNTAMIENTO<\/span><span>)<\/span> \u00a0 <span class=\"hps\">adl@lolleria.es<\/span><\/p>\n<p><span class=\"hps\">\u00b7<\/span> <span class=\"hps\">REQUISITOS<\/span><span>:<\/span> <span class=\"hps\">ESTAR<\/span> <span class=\"hps\">INSCRITO<\/span> <span class=\"hps\">EN<\/span> <span class=\"hps\">EL<\/span> <span class=\"hps\">SERVEF.<\/span><\/p>\n<p><span class=\"hps\">\u00b7<\/span> <span class=\"hps\">DIRIGIDO A<\/span> <span class=\"hps\">TODO TIPO<\/span> <span class=\"hps\">DE PERSONAS<\/span><\/p>\n<p><span class=\"hps\">\u00b7<\/span> <span class=\"hps\">QUE<\/span> <span class=\"hps\">SE<\/span> <span class=\"hps\">RED<\/span> <span class=\"hps\">EURES<\/span><span>?<\/span><\/span>\u00a0 <a href=\"https:\/\/ec.europa.eu\/eures\/main.jsp?catId=27&amp;acro=eures&amp;lang=es\">https:\/\/ec.europa.eu\/eures\/main.jsp?catId=27&amp;acro=eures&amp;lang=es<\/a><\/p>\n","protected":false},"excerpt":{"rendered":"<p>&nbsp; EST\u00c1S INTERESADO EN TRABAJAR EN CUALQUIER PA\u00cdS DE EUROPA? CHARLA: B\u00daSQUEDA DE EMPLEO A TRAV\u00c9S DE LA RED EURES. \u00b7 EL PR\u00d3XIMO MI\u00c9RCOLES 11 DE JUNIO, A LAS 10:30 HORAS, EN EL AULA TALLER DEL CENTRO SOCIAL (C \/ (SAN JUAN DE RIBERA, 6) \u00b7 CHARLA A CARGO DEL ORIENTADORA LABORAL DEL SERVEF DE [&hellip;]<\/p>\n","protected":false},"author":1,"featured_media":0,"comment_status":"closed","ping_status":"open","sticky":false,"template":"","format":"standard","meta":{"_monsterinsights_skip_tracking":false,"_monsterinsights_sitenote_active":false,"_monsterinsights_sitenote_note":"","_monsterinsights_sitenote_category":0},"categories":[11,12],"tags":[],"_links":{"self":[{"href":"http:\/\/www.portaldelolleria.es\/index.php?rest_route=\/wp\/v2\/posts\/6244"}],"collection":[{"href":"http:\/\/www.portaldelolleria.es\/index.php?rest_route=\/wp\/v2\/posts"}],"about":[{"href":"http:\/\/www.portaldelolleria.es\/index.php?rest_route=\/wp\/v2\/types\/post"}],"author":[{"embeddable":true,"href":"http:\/\/www.portaldelolleria.es\/index.php?rest_route=\/wp\/v2\/users\/1"}],"replies":[{"embeddable":true,"href":"http:\/\/www.portaldelolleria.es\/index.php?rest_route=%2Fwp%2Fv2%2Fcomments&post=6244"}],"version-history":[{"count":2,"href":"http:\/\/www.portaldelolleria.es\/index.php?rest_route=\/wp\/v2\/posts\/6244\/revisions"}],"predecessor-version":[{"id":6247,"href":"http:\/\/www.portaldelolleria.es\/index.php?rest_route=\/wp\/v2\/posts\/6244\/revisions\/6247"}],"wp:attachment":[{"href":"http:\/\/www.portaldelolleria.es\/index.php?rest_route=%2Fwp%2Fv2%2Fmedia&parent=6244"}],"wp:term":[{"taxonomy":"category","embeddable":true,"href":"http:\/\/www.portaldelolleria.es\/index.php?rest_route=%2Fwp%2Fv2%2Fcategories&post=6244"},{"taxonomy":"post_tag","embeddable":true,"href":"http:\/\/www.portaldelolleria.es\/index.php?rest_route=%2Fwp%2Fv2%2Ftags&post=6244"}],"curies":[{"name":"wp","href":"https:\/\/api.w.org\/{rel}","templated":true}]}}