{"id":625,"date":"2012-06-16T10:06:24","date_gmt":"2012-06-16T09:06:24","guid":{"rendered":"http:\/\/www.portaldelolleria.es\/?p=625"},"modified":"2012-06-16T10:06:24","modified_gmt":"2012-06-16T09:06:24","slug":"campus-fundacio-vcf-en-lolleria-del-9-al-13-de-julio","status":"publish","type":"post","link":"http:\/\/www.portaldelolleria.es\/?p=625","title":{"rendered":"Campus Fundaci\u00f3 VCF en L&#8217;Olleria del 9 al 13 de Julio"},"content":{"rendered":"<p><a href=\"http:\/\/www.portaldelolleria.es\/wp-content\/uploads\/2012\/06\/campusvcf-lolleria.jpg\"><img loading=\"lazy\" class=\"aligncenter size-full wp-image-626\" title=\"campusvcf-lolleria\" src=\"http:\/\/www.portaldelolleria.es\/wp-content\/uploads\/2012\/06\/campusvcf-lolleria.jpg\" alt=\"\" width=\"598\" height=\"398\" srcset=\"http:\/\/www.portaldelolleria.es\/wp-content\/uploads\/2012\/06\/campusvcf-lolleria.jpg 598w, http:\/\/www.portaldelolleria.es\/wp-content\/uploads\/2012\/06\/campusvcf-lolleria-300x199.jpg 300w\" sizes=\"(max-width: 598px) 100vw, 598px\" \/><\/a><\/p>\n<p>Del 9 al 13 de Julio se celebrar\u00e1 en l&#8217;Olleria, el Campus de futbol de la Fundaci\u00f3n del Valencia CF, para ni\u00f1os\/as de entre 6 y 16 a\u00f1os.<\/p>\n<p>Por primera vez en la Comarca de la Vall d\u2019Albaida y la Costera la Fundaci\u00f3n Valencia Club de Futbol celebrar\u00e1 un campus siendo la localidad de acogida L\u2019Olleria.<\/p>\n<p>Pablo Mantilla, gerente de la Fundaci\u00f3n explicaba que \u201cel campus se celebrar\u00e1 del 9 al 13 de julio y va dirigido a ni\u00f1os y ni\u00f1as de a partir 6 a\u00f1os, los cuales podr\u00e1n aprender disfrutando durante una semana llena de actividades como entrenamientos, charlas educativas y una salida al Mestalla en la que podr\u00e1n visitar todas y cada una de las dependencias del estadio, tambi\u00e9n hemos organizado un torneo que tendr\u00e1 lugar el mi\u00e9rcoles 11 y el jueves 12 de julio.<\/p>\n<p>Jos\u00e9 Enrique Mestre de la empresa Interstar Deporte: .. \u201cel campus ser\u00e1 de 9 de la ma\u00f1ana a 8 de la tarde por lo que los padres s\u00f3lo tendr\u00e1n que traerlos y luego recogerlos puesto que todas las comidas est\u00e1n incluidas adem\u00e1s, nosotros les proporcionaremos la vestimenta para los d\u00edas en los que transcurre el campus y el d\u00eda de la clausura se les dar\u00e1 la equipaci\u00f3n oficial\u201d a\u00f1adiendo que \u201cadem\u00e1s de entrenamientos y torneos, los participantes recibir\u00e1n charlas educativas entre las que se trataran la buena alimentaci\u00f3n\u201d.<\/p>\n<p>Jose Vidal destaca finalmente que:\u00a0 \u201cla calidad del campus que ofrece a los ni\u00f1os y ni\u00f1as una semana l\u00fadico, deportiva y educativa inolvidable, en la que aprender\u00e1n y disfrutar\u00e1n con su deporte favorito por lo que animamos tanto a L\u2019Olleria como a los pueblos vecinos a que participen deseando que sea todo un \u00e9xito\u201d.<\/p>\n<p>En cuanto al precio es de 195 euros desarroll\u00e1ndose las actividades en el campo de c\u00e9sped artificial y natural de L\u2019Olleria, la piscina y el polideportivo. Las inscripciones se pueden hacer bien en el departamento de deportes del ayuntamiento de L\u2019Olleria o por tel\u00e9fono al 69517017 o al 963944054 siendo el l\u00edmite de alumnos de 150.<\/p>\n<p><a href=\"http:\/\/olleria.net\/pdfs\/campusVCF.pdf\" target=\"_blank\">ver ficha inscripci\u00f3n<\/a><\/p>\n<p>&nbsp;<\/p>\n","protected":false},"excerpt":{"rendered":"<p>Del 9 al 13 de Julio se celebrar\u00e1 en l&#8217;Olleria, el Campus de futbol de la Fundaci\u00f3n del Valencia CF, para ni\u00f1os\/as de entre 6 y 16 a\u00f1os. Por primera vez en la Comarca de la Vall d\u2019Albaida y la Costera la Fundaci\u00f3n Valencia Club de Futbol celebrar\u00e1 un campus siendo la localidad de acogida [&hellip;]<\/p>\n","protected":false},"author":2,"featured_media":0,"comment_status":"closed","ping_status":"open","sticky":false,"template":"","format":"standard","meta":{"_monsterinsights_skip_tracking":false,"_monsterinsights_sitenote_active":false,"_monsterinsights_sitenote_note":"","_monsterinsights_sitenote_category":0},"categories":[9,12],"tags":[32,31,20,142,30],"_links":{"self":[{"href":"http:\/\/www.portaldelolleria.es\/index.php?rest_route=\/wp\/v2\/posts\/625"}],"collection":[{"href":"http:\/\/www.portaldelolleria.es\/index.php?rest_route=\/wp\/v2\/posts"}],"about":[{"href":"http:\/\/www.portaldelolleria.es\/index.php?rest_route=\/wp\/v2\/types\/post"}],"author":[{"embeddable":true,"href":"http:\/\/www.portaldelolleria.es\/index.php?rest_route=\/wp\/v2\/users\/2"}],"replies":[{"embeddable":true,"href":"http:\/\/www.portaldelolleria.es\/index.php?rest_route=%2Fwp%2Fv2%2Fcomments&post=625"}],"version-history":[{"count":1,"href":"http:\/\/www.portaldelolleria.es\/index.php?rest_route=\/wp\/v2\/posts\/625\/revisions"}],"predecessor-version":[{"id":627,"href":"http:\/\/www.portaldelolleria.es\/index.php?rest_route=\/wp\/v2\/posts\/625\/revisions\/627"}],"wp:attachment":[{"href":"http:\/\/www.portaldelolleria.es\/index.php?rest_route=%2Fwp%2Fv2%2Fmedia&parent=625"}],"wp:term":[{"taxonomy":"category","embeddable":true,"href":"http:\/\/www.portaldelolleria.es\/index.php?rest_route=%2Fwp%2Fv2%2Fcategories&post=625"},{"taxonomy":"post_tag","embeddable":true,"href":"http:\/\/www.portaldelolleria.es\/index.php?rest_route=%2Fwp%2Fv2%2Ftags&post=625"}],"curies":[{"name":"wp","href":"https:\/\/api.w.org\/{rel}","templated":true}]}}