{"id":6260,"date":"2014-06-08T11:11:30","date_gmt":"2014-06-08T09:11:30","guid":{"rendered":"http:\/\/www.portaldelolleria.es\/?p=6260"},"modified":"2014-06-08T11:11:30","modified_gmt":"2014-06-08T09:11:30","slug":"escolares-de-l%e2%80%99olleria-finalizan-curso-de-educacion-vial","status":"publish","type":"post","link":"http:\/\/www.portaldelolleria.es\/?p=6260","title":{"rendered":"Escolares de l\u2019Olleria finalizan curso de Educaci\u00f3n Vial"},"content":{"rendered":"<div id=\"attachment_6261\" style=\"width: 608px\" class=\"wp-caption aligncenter\"><a href=\"http:\/\/www.portaldelolleria.es\/wp-content\/uploads\/2014\/06\/vial.jpg\"><img aria-describedby=\"caption-attachment-6261\" loading=\"lazy\" class=\"size-full wp-image-6261\" title=\"vial\" src=\"http:\/\/www.portaldelolleria.es\/wp-content\/uploads\/2014\/06\/vial.jpg\" alt=\"\" width=\"598\" height=\"398\" srcset=\"http:\/\/www.portaldelolleria.es\/wp-content\/uploads\/2014\/06\/vial.jpg 598w, http:\/\/www.portaldelolleria.es\/wp-content\/uploads\/2014\/06\/vial-300x199.jpg 300w\" sizes=\"(max-width: 598px) 100vw, 598px\" \/><\/a><p id=\"caption-attachment-6261\" class=\"wp-caption-text\">el Alcalde Jos\u00e9 Vidal, Cristina Vicent, directora del centro (Isabel la Cat\u00f3lica) y Concha Soler psic\u00f3loga municipal.<\/p><\/div>\n<p>&nbsp;<\/p>\n<p class=\"MsoNormal\">Organizado por el Ayuntamiento de l&#8217;Olleria a trav\u00e9s de la Concejal\u00eda de Seguridad Ciudadana,<\/p>\n<p class=\"MsoNormal\">cada a\u00f1o se imparte un curso de Educaci\u00f3n Vial en los colegios e instituto de la localidad. Durante 15 a\u00f1os este curso se ha desarrollado mediante clases te\u00f3ricas, pero desde hace cuatros a\u00f1os<span style=\"mso-spacerun: yes;\">\u00a0 <\/span>la propia Concejal\u00eda decidi\u00f3 darle un aire m\u00e1s renovador<span style=\"mso-spacerun: yes;\">\u00a0 <\/span>e impulsar esta materia incrementando el n\u00famero de clases te\u00f3ricas por curso, incluyendo todas las edades desde infantil hasta bachiller y actualizando los contenidos did\u00e1cticos a la nueva legislaci\u00f3n de tr\u00e1fico, trabajando con nuevos materiales audiovisuales m\u00e1s interactivos.<\/p>\n<p class=\"MsoNormal\">En este mismo per\u00edodo de cuatro a\u00f1os se instaur\u00f3 de forma oficial la clase pr\u00e1ctica con que finalizan los cursos de educaci\u00f3n vial. La fase pr\u00e1ctica consiste en un amplio parque m\u00f3vil que la polic\u00eda local monta en ambos colegios para que los alumnos de infantil hasta<span style=\"mso-spacerun: yes;\">\u00a0 <\/span>sexto de primaria pongan en pr\u00e1ctica los conocimientos te\u00f3ricos aprendidos.<\/p>\n<p class=\"MsoNormal\">Los de infantil (que algunos van con cuatro ruedas), aprenden poco m\u00e1s que el sem\u00e1foro y la direcci\u00f3n prohibida, de 1\u00ba a 3\u00ba con las bicis repasan en el parque de se\u00f1ales las normas y las preferencias en los cruces, de 4\u00ba a 6\u00ba hacen lo mismo pero con kart, lo cual es un aliciente m\u00e1s para ellos.<\/p>\n<p class=\"MsoNormal\">Este a\u00f1o tambi\u00e9n participa la Cruz Roja, que colabora con una ambulancia para que los chavales conozcan como realizan su trabajo y todo el material de que est\u00e1 dotada, al igual que la Polic\u00eda Local que siempre ense\u00f1a sus veh\u00edculos y material de trabajo a los ni\u00f1os mientras esperan su turno para entrar al parque vial, seg\u00fan nos comenta el coordinador<span style=\"mso-spacerun: yes;\">\u00a0 <\/span>de todo el curso, el Oficial Aure Candel Moreno,<span style=\"mso-spacerun: yes;\">\u00a0 <\/span>que adem\u00e1s cuenta con la colaboraci\u00f3n<span style=\"mso-spacerun: yes;\">\u00a0 <\/span>del resto de agentes de la plantilla en la fase pr\u00e1ctica, de tal manera que toda la Polic\u00eda Local se implica en el proyecto.<\/p>\n<p class=\"MsoNormal\">Las practicas celebradas durante la semana, recibieron la visita del Alcalde Jose Vidal, quien resalt\u00f3 la importancia de este tipo de cursos en el \u00e1mbito escolar,<span style=\"mso-spacerun: yes;\">\u00a0 <\/span>\u201c<em style=\"mso-bidi-font-style: normal;\">les aporta unos conocimientos<span style=\"mso-spacerun: yes;\">\u00a0 <\/span>m\u00ednimos de circulaci\u00f3n vial, adem\u00e1s de responsabilidad y concienciaci\u00f3n, que con suerte acabaran aplicando en el futuro, tanto en su propio beneficio como en el respeto a los dem\u00e1s<\/em>\u201d. Tambi\u00e9n quiso destacar la excelente organizaci\u00f3n del curso y pruebas que han llevado a cabo los miembros de la Policia Local y la forma de incentivar el inter\u00e9s por la educaci\u00f3n vial, de estos \u201cfuturos conductores\u201d.<\/p>\n<p class=\"MsoNormal\"><a href=\"http:\/\/www.portaldelolleria.es\/wp-content\/uploads\/2014\/06\/vial2.jpg\"><img loading=\"lazy\" class=\"aligncenter size-full wp-image-6262\" title=\"vial2\" src=\"http:\/\/www.portaldelolleria.es\/wp-content\/uploads\/2014\/06\/vial2.jpg\" alt=\"\" width=\"598\" height=\"398\" srcset=\"http:\/\/www.portaldelolleria.es\/wp-content\/uploads\/2014\/06\/vial2.jpg 598w, http:\/\/www.portaldelolleria.es\/wp-content\/uploads\/2014\/06\/vial2-300x199.jpg 300w\" sizes=\"(max-width: 598px) 100vw, 598px\" \/><\/a><\/p>\n","protected":false},"excerpt":{"rendered":"<p>&nbsp; Organizado por el Ayuntamiento de l&#8217;Olleria a trav\u00e9s de la Concejal\u00eda de Seguridad Ciudadana, cada a\u00f1o se imparte un curso de Educaci\u00f3n Vial en los colegios e instituto de la localidad. Durante 15 a\u00f1os este curso se ha desarrollado mediante clases te\u00f3ricas, pero desde hace cuatros a\u00f1os\u00a0 la propia Concejal\u00eda decidi\u00f3 darle un aire [&hellip;]<\/p>\n","protected":false},"author":1,"featured_media":0,"comment_status":"closed","ping_status":"open","sticky":false,"template":"","format":"standard","meta":{"_monsterinsights_skip_tracking":false,"_monsterinsights_sitenote_active":false,"_monsterinsights_sitenote_note":"","_monsterinsights_sitenote_category":0},"categories":[10,12],"tags":[182,96,20,448],"_links":{"self":[{"href":"http:\/\/www.portaldelolleria.es\/index.php?rest_route=\/wp\/v2\/posts\/6260"}],"collection":[{"href":"http:\/\/www.portaldelolleria.es\/index.php?rest_route=\/wp\/v2\/posts"}],"about":[{"href":"http:\/\/www.portaldelolleria.es\/index.php?rest_route=\/wp\/v2\/types\/post"}],"author":[{"embeddable":true,"href":"http:\/\/www.portaldelolleria.es\/index.php?rest_route=\/wp\/v2\/users\/1"}],"replies":[{"embeddable":true,"href":"http:\/\/www.portaldelolleria.es\/index.php?rest_route=%2Fwp%2Fv2%2Fcomments&post=6260"}],"version-history":[{"count":1,"href":"http:\/\/www.portaldelolleria.es\/index.php?rest_route=\/wp\/v2\/posts\/6260\/revisions"}],"predecessor-version":[{"id":6263,"href":"http:\/\/www.portaldelolleria.es\/index.php?rest_route=\/wp\/v2\/posts\/6260\/revisions\/6263"}],"wp:attachment":[{"href":"http:\/\/www.portaldelolleria.es\/index.php?rest_route=%2Fwp%2Fv2%2Fmedia&parent=6260"}],"wp:term":[{"taxonomy":"category","embeddable":true,"href":"http:\/\/www.portaldelolleria.es\/index.php?rest_route=%2Fwp%2Fv2%2Fcategories&post=6260"},{"taxonomy":"post_tag","embeddable":true,"href":"http:\/\/www.portaldelolleria.es\/index.php?rest_route=%2Fwp%2Fv2%2Ftags&post=6260"}],"curies":[{"name":"wp","href":"https:\/\/api.w.org\/{rel}","templated":true}]}}