{"id":6264,"date":"2014-06-08T11:41:26","date_gmt":"2014-06-08T09:41:26","guid":{"rendered":"http:\/\/www.portaldelolleria.es\/?p=6264"},"modified":"2014-06-08T11:41:26","modified_gmt":"2014-06-08T09:41:26","slug":"paco-beneyto-una-tarde-en-la-solana-para-recordar","status":"publish","type":"post","link":"http:\/\/www.portaldelolleria.es\/?p=6264","title":{"rendered":"Paco Beneyto, una tarde en la Solana para recordar"},"content":{"rendered":"<p><a href=\"http:\/\/www.portaldelolleria.es\/wp-content\/uploads\/2014\/06\/paquito.jpg\"><img loading=\"lazy\" class=\"aligncenter size-full wp-image-6271\" title=\"paquito\" src=\"http:\/\/www.portaldelolleria.es\/wp-content\/uploads\/2014\/06\/paquito.jpg\" alt=\"\" width=\"598\" height=\"398\" srcset=\"http:\/\/www.portaldelolleria.es\/wp-content\/uploads\/2014\/06\/paquito.jpg 598w, http:\/\/www.portaldelolleria.es\/wp-content\/uploads\/2014\/06\/paquito-300x199.jpg 300w\" sizes=\"(max-width: 598px) 100vw, 598px\" \/><\/a><\/p>\n<p>&nbsp;<\/p>\n<p class=\"MsoNormal\">La gran familia que compone<span style=\"mso-spacerun: yes;\">\u00a0 <\/span>el L\u2019Olleria CF,<span style=\"mso-spacerun: yes;\">\u00a0 <\/span>se dio cita la tarde del 6 de Junio,<span style=\"mso-spacerun: yes;\">\u00a0 <\/span>en el campo de la Solana, para despedir la temporada, y homenajear entre otros a su gran capit\u00e1n, Paco Beneyto, \u201cPaquito\u201d,<span style=\"mso-spacerun: yes;\">\u00a0 <\/span>tras 22 a\u00f1os de rojiblanco y que fue el gran protagonista de la tarde.<\/p>\n<p class=\"MsoNormal\">En el campo se dieron cita antiguos presidentes, y jugadores que seguro compartieron vestuario con el homenajeado y que aprovecharon la tarde para recordar viejos tiempos.<span style=\"mso-spacerun: yes;\">\u00a0 <\/span>Tambi\u00e9n asistieron el antiguo entrenador y el preparador f\u00edsico, a los que se les brind\u00f3 un peque\u00f1o homenaje por el ascenso conseguido el a\u00f1o pasado,<span style=\"mso-spacerun: yes;\">\u00a0 <\/span>y mantener la categor\u00eda es esta \u00faltima temporada. (este era el mejor momento para<span style=\"mso-spacerun: yes;\">\u00a0 <\/span>reconocerles el m\u00e9rito p\u00fablicamente como era debido).<\/p>\n<p class=\"MsoNormal\">Sara Mic\u00f3<span style=\"mso-spacerun: yes;\">\u00a0 <\/span>actualmente jugadora del Valencia CF puso el toque femenino, recibiendo el reconocimiento de todos a su brillante carrera. Un bal\u00f3n firmado por parte de sus excompa\u00f1eras de l\u2019Olleria, y una placa por parte del Ayuntamiento<span style=\"mso-spacerun: yes;\">\u00a0 <\/span>y el respeto y cari\u00f1o de todos para esta joven promesa del futbol femenino nacional.<\/p>\n<p class=\"MsoNormal\"><span style=\"mso-spacerun: yes;\">\u00a0 <\/span>Al <span style=\"mso-spacerun: yes;\">\u00a0<\/span>homenaje tambi\u00e9n asisti\u00f3 el cronista del equipo durante muchos a\u00f1os Pepe Aparici, que pese a su dificultad para andar no quiso perderse este momento.<span style=\"mso-spacerun: yes;\">\u00a0 <\/span>Suyo fue uno de los momentos m\u00e1s emotivos, cuando \u201cPaquito\u201d fue a abrazarlo a la banda.<span style=\"mso-spacerun: yes;\">\u00a0 <\/span>Tambi\u00e9n se aprovech\u00f3 su presencia para reconocerle el m\u00e9rito por su libro \u201c80 a\u00f1os de la historia de L\u2019Olleria CF\u201d y gracias al cual el club tiene una hemeroteca gr\u00e1fica.<\/p>\n<p class=\"MsoNormal\">El Alcalde Jos\u00e9 Vidal, y el Concejal de deportes<span style=\"mso-spacerun: yes;\">\u00a0 <\/span>Vicente Oviedo,<span style=\"mso-spacerun: yes;\">\u00a0 <\/span>pusieron la etiqueta institucional que merec\u00eda esta celebraci\u00f3n, haciendo entrega de las placas conmemorativas<span style=\"mso-spacerun: yes;\">\u00a0 <\/span>merecidas por el capit\u00e1n homenajeado y a la jugadora del Valencia CF.<\/p>\n<p class=\"MsoNormal\">Mencionar aparte que Paquito estuvo acompa\u00f1ado de su familia, mujer e hija, que recibieron ramos de flores,<span style=\"mso-spacerun: yes;\">\u00a0 <\/span>su padre y \u00e9l una foto enmarcada de ambos y la gran foto por parte de sus compa\u00f1eros de equipo,<span style=\"mso-spacerun: yes;\">\u00a0 <\/span>donde figuran los diferentes equipos por temporadas que capitane\u00f3.<\/p>\n<p class=\"MsoNormal\">Sin duda alguna una tarde memorable para el jugador y <span style=\"mso-spacerun: yes;\">\u00a0<\/span>para el club, donde el Presidente y resto de la Junta directiva<span style=\"mso-spacerun: yes;\">\u00a0 <\/span>tuvieron el placer de ver tanta gente vinculada al equipo,<span style=\"mso-spacerun: yes;\">\u00a0 <\/span>recordando las \u00faltimas dos d\u00e9cadas de este club que representa por los terrenos de juego a toda L\u2019Olleria.<\/p>\n<p><a href=\"http:\/\/www.portaldelolleria.es\/wp-content\/uploads\/2014\/06\/paquito4.jpg\"><img loading=\"lazy\" class=\"aligncenter size-full wp-image-6268\" title=\"paquito4\" src=\"http:\/\/www.portaldelolleria.es\/wp-content\/uploads\/2014\/06\/paquito4.jpg\" alt=\"\" width=\"598\" height=\"398\" srcset=\"http:\/\/www.portaldelolleria.es\/wp-content\/uploads\/2014\/06\/paquito4.jpg 598w, http:\/\/www.portaldelolleria.es\/wp-content\/uploads\/2014\/06\/paquito4-300x199.jpg 300w\" sizes=\"(max-width: 598px) 100vw, 598px\" \/><\/a><\/p>\n<div id=\"attachment_6270\" style=\"width: 608px\" class=\"wp-caption aligncenter\"><a href=\"http:\/\/www.portaldelolleria.es\/wp-content\/uploads\/2014\/06\/paquito6.jpg\"><img aria-describedby=\"caption-attachment-6270\" loading=\"lazy\" class=\"size-full wp-image-6270\" title=\"paquito6\" src=\"http:\/\/www.portaldelolleria.es\/wp-content\/uploads\/2014\/06\/paquito6.jpg\" alt=\"\" width=\"598\" height=\"231\" srcset=\"http:\/\/www.portaldelolleria.es\/wp-content\/uploads\/2014\/06\/paquito6.jpg 1200w, http:\/\/www.portaldelolleria.es\/wp-content\/uploads\/2014\/06\/paquito6-300x115.jpg 300w, http:\/\/www.portaldelolleria.es\/wp-content\/uploads\/2014\/06\/paquito6-1024x395.jpg 1024w\" sizes=\"(max-width: 598px) 100vw, 598px\" \/><\/a><p id=\"caption-attachment-6270\" class=\"wp-caption-text\">pulse para ampliar<\/p><\/div>\n<p class=\"MsoNormal\" style=\"text-align: center;\"><a href=\"http:\/\/www.portaldelolleria.es\/wp-content\/uploads\/2014\/06\/paquito1.jpg\"><img loading=\"lazy\" class=\"aligncenter size-full wp-image-6265\" title=\"paquito1\" src=\"http:\/\/www.portaldelolleria.es\/wp-content\/uploads\/2014\/06\/paquito1.jpg\" alt=\"\" width=\"598\" height=\"398\" srcset=\"http:\/\/www.portaldelolleria.es\/wp-content\/uploads\/2014\/06\/paquito1.jpg 598w, http:\/\/www.portaldelolleria.es\/wp-content\/uploads\/2014\/06\/paquito1-300x199.jpg 300w\" sizes=\"(max-width: 598px) 100vw, 598px\" \/><\/a><\/p>\n<p class=\"MsoNormal\" style=\"text-align: center;\"><a href=\"http:\/\/www.portaldelolleria.es\/wp-content\/uploads\/2014\/06\/paquito5.jpg\"><img loading=\"lazy\" class=\"aligncenter size-full wp-image-6269\" title=\"paquito5\" src=\"http:\/\/www.portaldelolleria.es\/wp-content\/uploads\/2014\/06\/paquito5.jpg\" alt=\"\" width=\"598\" height=\"398\" srcset=\"http:\/\/www.portaldelolleria.es\/wp-content\/uploads\/2014\/06\/paquito5.jpg 598w, http:\/\/www.portaldelolleria.es\/wp-content\/uploads\/2014\/06\/paquito5-300x199.jpg 300w\" sizes=\"(max-width: 598px) 100vw, 598px\" \/><\/a><\/p>\n<p class=\"MsoNormal\" style=\"text-align: center;\"><a href=\"http:\/\/www.portaldelolleria.es\/wp-content\/uploads\/2014\/06\/paquito3.jpg\"><img loading=\"lazy\" class=\"aligncenter size-full wp-image-6267\" title=\"paquito3\" src=\"http:\/\/www.portaldelolleria.es\/wp-content\/uploads\/2014\/06\/paquito3.jpg\" alt=\"\" width=\"598\" height=\"398\" srcset=\"http:\/\/www.portaldelolleria.es\/wp-content\/uploads\/2014\/06\/paquito3.jpg 598w, http:\/\/www.portaldelolleria.es\/wp-content\/uploads\/2014\/06\/paquito3-300x199.jpg 300w\" sizes=\"(max-width: 598px) 100vw, 598px\" \/><\/a><\/p>\n<p class=\"MsoNormal\" style=\"text-align: center;\"><a href=\"http:\/\/www.portaldelolleria.es\/wp-content\/uploads\/2014\/06\/paquito2.jpg\"><img loading=\"lazy\" class=\"aligncenter size-full wp-image-6266\" title=\"paquito2\" src=\"http:\/\/www.portaldelolleria.es\/wp-content\/uploads\/2014\/06\/paquito2.jpg\" alt=\"\" width=\"598\" height=\"398\" srcset=\"http:\/\/www.portaldelolleria.es\/wp-content\/uploads\/2014\/06\/paquito2.jpg 598w, http:\/\/www.portaldelolleria.es\/wp-content\/uploads\/2014\/06\/paquito2-300x199.jpg 300w\" sizes=\"(max-width: 598px) 100vw, 598px\" \/><\/a><\/p>\n","protected":false},"excerpt":{"rendered":"<p>&nbsp; La gran familia que compone\u00a0 el L\u2019Olleria CF,\u00a0 se dio cita la tarde del 6 de Junio,\u00a0 en el campo de la Solana, para despedir la temporada, y homenajear entre otros a su gran capit\u00e1n, Paco Beneyto, \u201cPaquito\u201d,\u00a0 tras 22 a\u00f1os de rojiblanco y que fue el gran protagonista de la tarde. En el [&hellip;]<\/p>\n","protected":false},"author":1,"featured_media":0,"comment_status":"closed","ping_status":"open","sticky":false,"template":"","format":"standard","meta":{"_monsterinsights_skip_tracking":false,"_monsterinsights_sitenote_active":false,"_monsterinsights_sitenote_note":"","_monsterinsights_sitenote_category":0},"categories":[9,12],"tags":[609,20,315,1046,1039],"_links":{"self":[{"href":"http:\/\/www.portaldelolleria.es\/index.php?rest_route=\/wp\/v2\/posts\/6264"}],"collection":[{"href":"http:\/\/www.portaldelolleria.es\/index.php?rest_route=\/wp\/v2\/posts"}],"about":[{"href":"http:\/\/www.portaldelolleria.es\/index.php?rest_route=\/wp\/v2\/types\/post"}],"author":[{"embeddable":true,"href":"http:\/\/www.portaldelolleria.es\/index.php?rest_route=\/wp\/v2\/users\/1"}],"replies":[{"embeddable":true,"href":"http:\/\/www.portaldelolleria.es\/index.php?rest_route=%2Fwp%2Fv2%2Fcomments&post=6264"}],"version-history":[{"count":1,"href":"http:\/\/www.portaldelolleria.es\/index.php?rest_route=\/wp\/v2\/posts\/6264\/revisions"}],"predecessor-version":[{"id":6272,"href":"http:\/\/www.portaldelolleria.es\/index.php?rest_route=\/wp\/v2\/posts\/6264\/revisions\/6272"}],"wp:attachment":[{"href":"http:\/\/www.portaldelolleria.es\/index.php?rest_route=%2Fwp%2Fv2%2Fmedia&parent=6264"}],"wp:term":[{"taxonomy":"category","embeddable":true,"href":"http:\/\/www.portaldelolleria.es\/index.php?rest_route=%2Fwp%2Fv2%2Fcategories&post=6264"},{"taxonomy":"post_tag","embeddable":true,"href":"http:\/\/www.portaldelolleria.es\/index.php?rest_route=%2Fwp%2Fv2%2Ftags&post=6264"}],"curies":[{"name":"wp","href":"https:\/\/api.w.org\/{rel}","templated":true}]}}