{"id":6278,"date":"2014-06-08T17:57:04","date_gmt":"2014-06-08T15:57:04","guid":{"rendered":"http:\/\/www.portaldelolleria.es\/?p=6278"},"modified":"2014-06-08T18:23:16","modified_gmt":"2014-06-08T16:23:16","slug":"mireya-giner-participara-al-campeonato-de-espana-cadete-de-taekwondo","status":"publish","type":"post","link":"http:\/\/www.portaldelolleria.es\/?p=6278","title":{"rendered":"Mireya Giner participar\u00e1 al Campeonato de Espa\u00f1a Cadete de Taekwondo"},"content":{"rendered":"<div id=\"attachment_6279\" style=\"width: 608px\" class=\"wp-caption aligncenter\"><a href=\"http:\/\/www.portaldelolleria.es\/wp-content\/uploads\/2014\/06\/mireyaginer.jpg\"><img aria-describedby=\"caption-attachment-6279\" loading=\"lazy\" class=\"size-full wp-image-6279\" title=\"mireyaginer\" src=\"http:\/\/www.portaldelolleria.es\/wp-content\/uploads\/2014\/06\/mireyaginer.jpg\" alt=\"\" width=\"598\" height=\"398\" srcset=\"http:\/\/www.portaldelolleria.es\/wp-content\/uploads\/2014\/06\/mireyaginer.jpg 598w, http:\/\/www.portaldelolleria.es\/wp-content\/uploads\/2014\/06\/mireyaginer-300x199.jpg 300w\" sizes=\"(max-width: 598px) 100vw, 598px\" \/><\/a><p id=\"caption-attachment-6279\" class=\"wp-caption-text\">Mireya con su equipo t\u00e9cnico<\/p><\/div>\n<p style=\"text-align: center;\">\n<p class=\"MsoNormal\" style=\"text-align: justify;\"><strong style=\"mso-bidi-font-weight: normal;\">La taekwondista de l&#8217;Olleria Mireya Giner participar\u00e1 al Campeonato de Espa\u00f1a Cadete de Taekwondo.<\/strong><\/p>\n<p class=\"MsoNormal\" style=\"text-align: justify;\">Este s\u00e1bado 14 de Junio a la poblaci\u00f3n de Marina d&#8217;Or (Castell\u00f3n) se realizar\u00e1 el Campeonato de Espa\u00f1a Cadete por Clubes de Taekwondo. De nuestro pueblo participar\u00e1 Mireya Giner en la categor\u00eda de -47kg, Mireya lleva un progreso creciente esta temporada y llega al campeonato m\u00e1s importante de su categor\u00eda con una excelente, tanto forma f\u00edsica como psicol\u00f3gica, como demostr\u00f3 ya en el Open Internacional del pasado mayo, Mireya en este nacional tiene muchas posibilidades de subir al podio. Nombrar que en este campeonato estar\u00e1n las primeras figuras de esta categor\u00eda, ya que punt\u00faa para el Campeonato de Europa Cadete. Ahora ya toca esperar y que Mireya llegue al 100% este s\u00e1bado y para volver a darnos una alegr\u00eda a nuestro pueblo.<\/p>\n<p class=\"MsoNormal\" style=\"text-align: justify;\">Nuestro equipo de competici\u00f3n acabar\u00e1 la temporada en el III Open Internacional de Valencia que se celebrar\u00e1 en la poblaci\u00f3n alicantina de Alf\u00e1s del Pi los pr\u00f3ximos 27-28-29 de junio, donde esperemos cerrar la temporada con un nuevo triunfo.<\/p>\n<p class=\"MsoNormal\" style=\"text-align: justify;\">Tambi\u00e9n recordar que para acabar la temporada el pr\u00f3ximo viernes 20 de junio en el parque Beat Ferreres se celebrar\u00e1 una exhibici\u00f3n de Taekwondo donde participar\u00e1n todos los miembros de las Escuelas Deportivas Municipales de Taekwondo y el equipo de competici\u00f3n, os esperamos a todos.<\/p>\n","protected":false},"excerpt":{"rendered":"<p>La taekwondista de l&#8217;Olleria Mireya Giner participar\u00e1 al Campeonato de Espa\u00f1a Cadete de Taekwondo. Este s\u00e1bado 14 de Junio a la poblaci\u00f3n de Marina d&#8217;Or (Castell\u00f3n) se realizar\u00e1 el Campeonato de Espa\u00f1a Cadete por Clubes de Taekwondo. De nuestro pueblo participar\u00e1 Mireya Giner en la categor\u00eda de -47kg, Mireya lleva un progreso creciente esta temporada [&hellip;]<\/p>\n","protected":false},"author":1,"featured_media":0,"comment_status":"closed","ping_status":"open","sticky":false,"template":"","format":"standard","meta":{"_monsterinsights_skip_tracking":false,"_monsterinsights_sitenote_active":false,"_monsterinsights_sitenote_note":"","_monsterinsights_sitenote_category":0},"categories":[9,12],"tags":[20,720,19],"_links":{"self":[{"href":"http:\/\/www.portaldelolleria.es\/index.php?rest_route=\/wp\/v2\/posts\/6278"}],"collection":[{"href":"http:\/\/www.portaldelolleria.es\/index.php?rest_route=\/wp\/v2\/posts"}],"about":[{"href":"http:\/\/www.portaldelolleria.es\/index.php?rest_route=\/wp\/v2\/types\/post"}],"author":[{"embeddable":true,"href":"http:\/\/www.portaldelolleria.es\/index.php?rest_route=\/wp\/v2\/users\/1"}],"replies":[{"embeddable":true,"href":"http:\/\/www.portaldelolleria.es\/index.php?rest_route=%2Fwp%2Fv2%2Fcomments&post=6278"}],"version-history":[{"count":3,"href":"http:\/\/www.portaldelolleria.es\/index.php?rest_route=\/wp\/v2\/posts\/6278\/revisions"}],"predecessor-version":[{"id":6281,"href":"http:\/\/www.portaldelolleria.es\/index.php?rest_route=\/wp\/v2\/posts\/6278\/revisions\/6281"}],"wp:attachment":[{"href":"http:\/\/www.portaldelolleria.es\/index.php?rest_route=%2Fwp%2Fv2%2Fmedia&parent=6278"}],"wp:term":[{"taxonomy":"category","embeddable":true,"href":"http:\/\/www.portaldelolleria.es\/index.php?rest_route=%2Fwp%2Fv2%2Fcategories&post=6278"},{"taxonomy":"post_tag","embeddable":true,"href":"http:\/\/www.portaldelolleria.es\/index.php?rest_route=%2Fwp%2Fv2%2Ftags&post=6278"}],"curies":[{"name":"wp","href":"https:\/\/api.w.org\/{rel}","templated":true}]}}