{"id":6292,"date":"2014-06-09T19:51:57","date_gmt":"2014-06-09T17:51:57","guid":{"rendered":"http:\/\/www.portaldelolleria.es\/?p=6292"},"modified":"2014-06-09T19:51:57","modified_gmt":"2014-06-09T17:51:57","slug":"la-cantera-de-lolleria-cf-finaliza-la-temporada-con-triangulares","status":"publish","type":"post","link":"http:\/\/www.portaldelolleria.es\/?p=6292","title":{"rendered":"La cantera de l&#8217;Olleria CF,  finaliza la temporada con triangulares"},"content":{"rendered":"<p>El pasado fin de semana 7 y 8 de Junio se celebraron, en L&#8217;Olleria, los torneos de final de temporada correspondientes al f\u00fatbol 11, para ello la ESM de f\u00fatbol base de L&#8217;Olleria prepar\u00f3 tres torneos triangulares en la categor\u00eda de infantil,cadete y juvenil.<\/p>\n<p>Los primeros en entrar en escena, el equipo infantil,\u00a0 el S\u00e1bado 7 por la tarde y junto al Alzira D y al Beniganim B luchar\u00edan por la conquista del 1\u00ba puesto.<br \/>\nDe la mano de Jordi y Belem , tandem de monitores encargados del infantil, el l&#8217;Olleria cf no hizo mal campeonato, luch\u00f3 por ser campe\u00f3n del torneo frente al dif\u00edcil infantil del Beniganim B con el que perdi\u00f3 la final por 2.0, pero quedando 2\u00ba del torneo y demostrando que esos ni\u00f1os est\u00e1n llamados a hacer grandes cosas en la pr\u00f3xima temporada.<\/p>\n<p><a href=\"http:\/\/www.portaldelolleria.es\/wp-content\/uploads\/2014\/06\/olleriacf_infantil.jpg\"><img loading=\"lazy\" class=\"aligncenter size-full wp-image-6294\" title=\"olleriacf_infantil\" src=\"http:\/\/www.portaldelolleria.es\/wp-content\/uploads\/2014\/06\/olleriacf_infantil.jpg\" alt=\"\" width=\"598\" height=\"398\" srcset=\"http:\/\/www.portaldelolleria.es\/wp-content\/uploads\/2014\/06\/olleriacf_infantil.jpg 598w, http:\/\/www.portaldelolleria.es\/wp-content\/uploads\/2014\/06\/olleriacf_infantil-300x199.jpg 300w\" sizes=\"(max-width: 598px) 100vw, 598px\" \/><\/a><span id=\"result_box\" lang=\"en\"><span title=\"del torneo y demostrando que esos ni\u00f1os est\u00e1n llamados a hacer grandes cosas en la pr\u00f3xima temporada. \"><br \/>\n<\/span><span title=\"Antes, por la ma\u00f1ana le hab\u00eda tocado el turno a los cadetes, junto al L'Olleria CF cadete compon\u00edan el grupo el Beniganim CF B y el Llosa CF, los chicos de Elvis lo dieron todo, hicieron un buen triangular quedando 2\u00ba clasificados, cayeron\">Antes, por la ma\u00f1ana le hab\u00eda tocado el turno a los cadetes, junto al L&#8217;Olleria CF cadete compon\u00edan el grupo el Beniganim CF B\u00a0 y el Llosa CF, los chicos de Elvis lo dieron todo, hicieron un buen triangular quedando 2\u00ba clasificados, cayeron en la final frente al Beniganim B por la m\u00ednima 2-1 pero poniendo\u00a0 de manifiesto que el a\u00f1o que viene las cosas ir\u00e1n a mejor.<\/span><\/span><\/p>\n<p><span title=\"El Domingo dia 8 y en horario matinal se dieron cita en el municipal de la Solana el juvenil de L'Olleria CF, el juvenil del Beniganim CF y el juvenil del Genoves CF, tres localidades vecinas y con mucha rivalidad futbolistica entre ellas. \"><br \/>\n<\/span><\/p>\n<p><a href=\"http:\/\/www.portaldelolleria.es\/wp-content\/uploads\/2014\/06\/olleriacf_cadete.jpg\"><img loading=\"lazy\" class=\"aligncenter size-full wp-image-6293\" title=\"olleriacf_cadete\" src=\"http:\/\/www.portaldelolleria.es\/wp-content\/uploads\/2014\/06\/olleriacf_cadete.jpg\" alt=\"\" width=\"598\" height=\"398\" srcset=\"http:\/\/www.portaldelolleria.es\/wp-content\/uploads\/2014\/06\/olleriacf_cadete.jpg 598w, http:\/\/www.portaldelolleria.es\/wp-content\/uploads\/2014\/06\/olleriacf_cadete-300x199.jpg 300w\" sizes=\"(max-width: 598px) 100vw, 598px\" \/><\/a><\/p>\n<p><span id=\"result_box\" lang=\"en\"><span title=\"Por lo que respecta a nuestro juvenil aqu\u00ed se desped\u00eda mas que una temporada, tambi\u00e9n era la despedida de compa\u00f1eros que han estado juntos a lo largo de los a\u00f1os en la escuela municipal de f\u00fatbol base de L'Olleria, algunos componentes de la plantilla terminaban su\"><span id=\"result_box\" lang=\"en\"><span title=\"El Domingo dia 8 y en horario matinal se dieron cita en el municipal de la Solana el juvenil de L'Olleria CF, el juvenil del Beniganim CF y el juvenil del Genoves CF, tres localidades vecinas y con mucha rivalidad futbolistica entre ellas. \">El Domingo dia 8 y en horario matinal se dieron cita en el municipal de la Solana el juvenil de L&#8217;Olleria CF, el juvenil del Beniganim CF y el juvenil del Genoves CF, tres localidades vecinas y con mucha rivalidad futbolistica entre ellas.<\/span><\/span><\/span><\/span><\/p>\n<p>Por lo que respecta a nuestro juvenil aqu\u00ed se desped\u00eda mas que una temporada, tambi\u00e9n era la despedida de compa\u00f1eros que han estado juntos a lo largo de los a\u00f1os en la escuela municipal de f\u00fatbol base de L&#8217;Olleria, algunos componentes de la plantilla terminaban su tercer a\u00f1o como juveniles y con ello dec\u00edan adi\u00f3s al f\u00fatbol base de L&#8217;Olleria, Rafa, Toni, Jose, David Such, David Soriano, Ivan, Guillermo, Marc y el gran capitan Franc , pon\u00edan punto final a una etapa de su vida que desde la Escuela Municipal se espera les haya servido para que los valores que lleva el futbol como deporte de grupo, responsabilidad al compromiso y esfuerzo de superaci\u00f3n , les ense\u00f1en el camino\u00a0 que a\u00fan les queda por andar en la vida en todas sus facetas. En lo deportivo la escuela y todos los miembros que la componen les desean la mayor de la suerte, todos ellos atesoran buen nivel t\u00e9cnico\u00a0 y a buen seguro que la mayoria de ellos engrosan la plantilla del L&#8217;Olleria CF que milita en la 1\u00aa regional de futbol aficcionados,\u00a0 pero siguiendo con la narraci\u00f3n de lo sucedido en el torneo, la despedida no pudo tener mejor sabor, el juvenil de L&#8217;Olleria\u00a0 de la mano de su entrenador Hector y su segundo Calabuig que una vez mas supieron sacar lo mejor de los chavales, qued\u00f3 campe\u00f3n de su triangular ganando primero al Beniganim CF juvenil de superior categor\u00eda por 2-1 y empatando en la final contra el Genoves CF juvenil 1-1, haciendo que el punto de penalti decidiera el ganador, en este punto significaremos que los porteros tuvieron su mayor protagonismo y concretamente el nuestro se alzo como m\u00e1ximo protagonista al detener dos penas m\u00e1ximas pese a su juventud ,\u00a0 cadete de 1\u00ba a\u00f1o, no se amilan\u00f3 y demostr\u00f3 tener una gran proyecci\u00f3n, nos estamos refiriendo a Carlos que el a\u00f1o que viene defender\u00e1 la porter\u00eda de nuestro juvenil aun siendo cadete.<span id=\"result_box\" lang=\"en\"><span title=\"porter\u00eda de nuestro juvenil aun siendo cadete. \"><br \/>\n<\/span><\/span><br \/>\n<a href=\"http:\/\/www.portaldelolleria.es\/wp-content\/uploads\/2014\/06\/olleriacf-juvenil.jpg\"><img loading=\"lazy\" class=\"aligncenter size-full wp-image-6295\" title=\"olleriacf-juvenil\" src=\"http:\/\/www.portaldelolleria.es\/wp-content\/uploads\/2014\/06\/olleriacf-juvenil.jpg\" alt=\"\" width=\"598\" height=\"398\" srcset=\"http:\/\/www.portaldelolleria.es\/wp-content\/uploads\/2014\/06\/olleriacf-juvenil.jpg 598w, http:\/\/www.portaldelolleria.es\/wp-content\/uploads\/2014\/06\/olleriacf-juvenil-300x199.jpg 300w\" sizes=\"(max-width: 598px) 100vw, 598px\" \/><\/a><\/p>\n<p>Ahora toca un merecido descanso que sirva para recargar las pilas para la pr\u00f3xima temporada que vendr\u00e1 cargada de ilusi\u00f3n y retos que junto con los estudios son la parte primordial de la educaci\u00f3n de estos j\u00f3venes.<\/p>\n<p>edit: Salamanca<\/p>\n<p>&nbsp;<\/p>\n","protected":false},"excerpt":{"rendered":"<p>El pasado fin de semana 7 y 8 de Junio se celebraron, en L&#8217;Olleria, los torneos de final de temporada correspondientes al f\u00fatbol 11, para ello la ESM de f\u00fatbol base de L&#8217;Olleria prepar\u00f3 tres torneos triangulares en la categor\u00eda de infantil,cadete y juvenil. Los primeros en entrar en escena, el equipo infantil,\u00a0 el S\u00e1bado [&hellip;]<\/p>\n","protected":false},"author":1,"featured_media":0,"comment_status":"closed","ping_status":"open","sticky":false,"template":"","format":"standard","meta":{"_monsterinsights_skip_tracking":false,"_monsterinsights_sitenote_active":false,"_monsterinsights_sitenote_note":"","_monsterinsights_sitenote_category":0},"categories":[9,12],"tags":[353,31,492,98,315,391],"_links":{"self":[{"href":"http:\/\/www.portaldelolleria.es\/index.php?rest_route=\/wp\/v2\/posts\/6292"}],"collection":[{"href":"http:\/\/www.portaldelolleria.es\/index.php?rest_route=\/wp\/v2\/posts"}],"about":[{"href":"http:\/\/www.portaldelolleria.es\/index.php?rest_route=\/wp\/v2\/types\/post"}],"author":[{"embeddable":true,"href":"http:\/\/www.portaldelolleria.es\/index.php?rest_route=\/wp\/v2\/users\/1"}],"replies":[{"embeddable":true,"href":"http:\/\/www.portaldelolleria.es\/index.php?rest_route=%2Fwp%2Fv2%2Fcomments&post=6292"}],"version-history":[{"count":1,"href":"http:\/\/www.portaldelolleria.es\/index.php?rest_route=\/wp\/v2\/posts\/6292\/revisions"}],"predecessor-version":[{"id":6296,"href":"http:\/\/www.portaldelolleria.es\/index.php?rest_route=\/wp\/v2\/posts\/6292\/revisions\/6296"}],"wp:attachment":[{"href":"http:\/\/www.portaldelolleria.es\/index.php?rest_route=%2Fwp%2Fv2%2Fmedia&parent=6292"}],"wp:term":[{"taxonomy":"category","embeddable":true,"href":"http:\/\/www.portaldelolleria.es\/index.php?rest_route=%2Fwp%2Fv2%2Fcategories&post=6292"},{"taxonomy":"post_tag","embeddable":true,"href":"http:\/\/www.portaldelolleria.es\/index.php?rest_route=%2Fwp%2Fv2%2Ftags&post=6292"}],"curies":[{"name":"wp","href":"https:\/\/api.w.org\/{rel}","templated":true}]}}