{"id":6354,"date":"2014-06-20T18:25:46","date_gmt":"2014-06-20T16:25:46","guid":{"rendered":"http:\/\/www.portaldelolleria.es\/?p=6354"},"modified":"2014-06-20T18:30:38","modified_gmt":"2014-06-20T16:30:38","slug":"horarios-de-la-piscina-publica","status":"publish","type":"post","link":"http:\/\/www.portaldelolleria.es\/?p=6354","title":{"rendered":"Horarios de la piscina municipal"},"content":{"rendered":"<p>&nbsp;<\/p>\n<p><a href=\"http:\/\/www.portaldelolleria.es\/wp-content\/uploads\/2014\/06\/piscinaopen.jpg\"><img loading=\"lazy\" class=\"aligncenter size-full wp-image-6355\" title=\"piscinaopen\" src=\"http:\/\/www.portaldelolleria.es\/wp-content\/uploads\/2014\/06\/piscinaopen.jpg\" alt=\"\" width=\"598\" height=\"398\" srcset=\"http:\/\/www.portaldelolleria.es\/wp-content\/uploads\/2014\/06\/piscinaopen.jpg 598w, http:\/\/www.portaldelolleria.es\/wp-content\/uploads\/2014\/06\/piscinaopen-300x199.jpg 300w\" sizes=\"(max-width: 598px) 100vw, 598px\" \/><\/a><\/p>\n<p><span id=\"result_box\" lang=\"ca\"><span class=\"hps\">La piscina<\/span> <span class=\"hps\">s&#8217;obrir\u00e0<\/span> <span class=\"hps\">el<\/span> <span class=\"hps\">dissabte<\/span> <span class=\"hps\">21<\/span> <span class=\"hps\">de juny de<\/span> <span class=\"hps\">2014<\/span> <span class=\"hps\">i<\/span> <span class=\"hps\">tancar\u00e0<\/span> <span class=\"hps\">el<\/span> <span class=\"hps\">dimecres<\/span> <span class=\"hps\">27<\/span> <span class=\"hps\">d&#8217;agost de<\/span> <span class=\"hps\">2014<\/span><span>.<\/span><\/span><\/p>\n<p><span class=\"hps atn\">L&#8217;<\/span><span>horari<\/span> <span class=\"hps atn\">d&#8217;<\/span><span>obertura<\/span> <span class=\"hps\">AL P\u00daBLIC<\/span> <span class=\"hps\">s\u00e8rums<\/span> <span class=\"hps\">de<\/span> <span class=\"hps atn\">l&#8217;<\/span><span>seg\u00fcent<\/span> <span class=\"hps\">bany<\/span> <span class=\"hps\">a els<\/span> <span class=\"hps\">Seg\u00fcents<\/span> <span class=\"hps\">periodes<\/span><span>:<\/span><\/p>\n<p><span class=\"hps atn\">De l&#8217;<\/span><span>1 de<\/span> <span class=\"hps\">juliol<\/span> <span class=\"hps\">al<\/span> <span class=\"hps\">31<\/span> <span class=\"hps\">de juliol<\/span><span>:<\/span><\/p>\n<p><span class=\"hps\">De dilluns a<\/span> <span class=\"hps\">divendres<\/span><span>,<\/span> <span class=\"hps\">de 15:30<\/span> <span class=\"hps\">h<\/span> <span class=\"hps\">a 20:00<\/span> <span class=\"hps\">h<\/span> <span class=\"hps\">obert<\/span> <span class=\"hps\">al p\u00fablic.<\/span><br \/>\n<span class=\"hps\">Dissabte<\/span> <span class=\"hps\">i<\/span> <span class=\"hps\">diumenge<\/span><span>,<\/span> <span class=\"hps\">de 10:00<\/span> <span class=\"hps\">h<\/span> <span class=\"hps\">a 20:00<\/span> <span class=\"hps\">h<\/span> <span class=\"hps\">obert<\/span> <span class=\"hps\">al p\u00fablic.<\/span><\/p>\n<p><span class=\"hps\">Del<\/span> <span class=\"hps\">21 al<\/span> <span class=\"hps\">30<\/span> <span class=\"hps\">de juny<\/span> <span class=\"hps\">i<\/span> <span class=\"hps atn\">de l&#8217;<\/span><span>1 al<\/span> <span class=\"hps\">27<\/span> <span class=\"hps\">d&#8217;agost<\/span><span>,<\/span> <span class=\"hps\">de 10:00<\/span> <span class=\"hps\">h<\/span> <span class=\"hps\">a 20:00<\/span> <span class=\"hps\">h<\/span> <span class=\"hps\">obert<\/span> <span class=\"hps\">al p\u00fablic.<\/span><\/p>\n<p>&nbsp;<\/p>\n","protected":false},"excerpt":{"rendered":"<p>&nbsp; La piscina s&#8217;obrir\u00e0 el dissabte 21 de juny de 2014 i tancar\u00e0 el dimecres 27 d&#8217;agost de 2014. L&#8217;horari d&#8217;obertura AL P\u00daBLIC s\u00e8rums de l&#8217;seg\u00fcent bany a els Seg\u00fcents periodes: De l&#8217;1 de juliol al 31 de juliol: De dilluns a divendres, de 15:30 h a 20:00 h obert al p\u00fablic. Dissabte i diumenge, [&hellip;]<\/p>\n","protected":false},"author":1,"featured_media":0,"comment_status":"closed","ping_status":"open","sticky":false,"template":"","format":"standard","meta":{"_monsterinsights_skip_tracking":false,"_monsterinsights_sitenote_active":false,"_monsterinsights_sitenote_note":"","_monsterinsights_sitenote_category":0},"categories":[3,12],"tags":[186,20,152,127],"_links":{"self":[{"href":"http:\/\/www.portaldelolleria.es\/index.php?rest_route=\/wp\/v2\/posts\/6354"}],"collection":[{"href":"http:\/\/www.portaldelolleria.es\/index.php?rest_route=\/wp\/v2\/posts"}],"about":[{"href":"http:\/\/www.portaldelolleria.es\/index.php?rest_route=\/wp\/v2\/types\/post"}],"author":[{"embeddable":true,"href":"http:\/\/www.portaldelolleria.es\/index.php?rest_route=\/wp\/v2\/users\/1"}],"replies":[{"embeddable":true,"href":"http:\/\/www.portaldelolleria.es\/index.php?rest_route=%2Fwp%2Fv2%2Fcomments&post=6354"}],"version-history":[{"count":3,"href":"http:\/\/www.portaldelolleria.es\/index.php?rest_route=\/wp\/v2\/posts\/6354\/revisions"}],"predecessor-version":[{"id":6358,"href":"http:\/\/www.portaldelolleria.es\/index.php?rest_route=\/wp\/v2\/posts\/6354\/revisions\/6358"}],"wp:attachment":[{"href":"http:\/\/www.portaldelolleria.es\/index.php?rest_route=%2Fwp%2Fv2%2Fmedia&parent=6354"}],"wp:term":[{"taxonomy":"category","embeddable":true,"href":"http:\/\/www.portaldelolleria.es\/index.php?rest_route=%2Fwp%2Fv2%2Fcategories&post=6354"},{"taxonomy":"post_tag","embeddable":true,"href":"http:\/\/www.portaldelolleria.es\/index.php?rest_route=%2Fwp%2Fv2%2Ftags&post=6354"}],"curies":[{"name":"wp","href":"https:\/\/api.w.org\/{rel}","templated":true}]}}