{"id":6376,"date":"2014-06-23T21:08:23","date_gmt":"2014-06-23T19:08:23","guid":{"rendered":"http:\/\/www.portaldelolleria.es\/?p=6376"},"modified":"2014-06-25T17:05:15","modified_gmt":"2014-06-25T15:05:15","slug":"negociaciones-avanzadas-para-implantacion-sede-universitaria-en-lolleria","status":"publish","type":"post","link":"http:\/\/www.portaldelolleria.es\/?p=6376","title":{"rendered":"Negociaciones avanzadas para implantaci\u00f3n Sede Universitaria en L&#8217;Olleria"},"content":{"rendered":"<p>&nbsp;<\/p>\n<p><a href=\"http:\/\/www.portaldelolleria.es\/wp-content\/uploads\/2014\/06\/upv.jpg\"><img loading=\"lazy\" class=\"aligncenter size-full wp-image-6377\" title=\"upv\" src=\"http:\/\/www.portaldelolleria.es\/wp-content\/uploads\/2014\/06\/upv.jpg\" alt=\"\" width=\"598\" height=\"398\" srcset=\"http:\/\/www.portaldelolleria.es\/wp-content\/uploads\/2014\/06\/upv.jpg 598w, http:\/\/www.portaldelolleria.es\/wp-content\/uploads\/2014\/06\/upv-300x199.jpg 300w\" sizes=\"(max-width: 598px) 100vw, 598px\" \/><\/a><\/p>\n<p>&nbsp;<\/p>\n<p>&nbsp;<\/p>\n<p class=\"MsoNormal\"><span style=\"mso-ansi-language: ES;\">Este lunes, en las instalaciones de la Casa Santonja de L\u2019Olleria, se ha celebrado una rueda de prensa conjunta por parte del Ayuntamiento y de la Universidad Polit\u00e9cnica de Valencia. El objeto de la cita, era dar a conocer el estado de las negociaciones que se est\u00e1n llevando a cabo para la implantaci\u00f3n de una Sede Universitaria del Campus de Alcoi de la UPV, en l\u2019Olleria.<\/span><\/p>\n<p class=\"MsoNormal\"><span style=\"mso-ansi-language: ES;\">Asist\u00edan al acto, por parte de la Universidad,<span style=\"mso-spacerun: yes;\">\u00a0 <\/span>D\u00f1a. Georgina Blanes, Directora del Campus de Alcoi de la UPV,<span style=\"mso-spacerun: yes;\">\u00a0 <\/span>D. Pablo D\u00edaz, Subdirector del \u00c1rea de Relaciones con el Entorno del Campus de Alcoi de la UPV.<span style=\"mso-spacerun: yes;\">\u00a0\u00a0 <\/span>Por parte del Ayuntamiento, D. Jos\u00e9 Vidal, Alcade de L\u2019Olleria, y D. Jes\u00fas Engo,<span style=\"mso-spacerun: yes;\">\u00a0 <\/span>Concejal de Promoci\u00f3n Econ\u00f3mica y Cultura.<\/span><\/p>\n<p class=\"MsoNormal\"><span style=\"mso-ansi-language: ES;\">Inici\u00f3 la rueda,<span style=\"mso-spacerun: yes;\">\u00a0 <\/span>D. Jes\u00fas Engo, quien adem\u00e1s de dar la bienvenida y agradecer la presencia de todos los medios de comunicaci\u00f3n asistentes<span style=\"mso-spacerun: yes;\">\u00a0 <\/span>se encarg\u00f3 de entrar en materia adelantando que tanto el Ayuntamiento de L\u2019Olleria como el Campus de Alcoi de la UPV, comparten un inter\u00e9s estrat\u00e9gico com\u00fan para crear un centro de referencia educativo, cultural y de emprendimiento en la Vall d\u2019Albaida,<span style=\"mso-spacerun: yes;\">\u00a0 <\/span>asi como comarcas del interior.<span style=\"mso-spacerun: yes;\">\u00a0 <\/span>De ah\u00ed que<span style=\"mso-spacerun: yes;\">\u00a0 <\/span>ambas instituciones, llevan tiempo entablando negociaciones con el fin de redactar un Convenio Marco de Colaboraci\u00f3n, que permita la creaci\u00f3n de una Sede Universitaria en la localidad. En un principio, se contempla la Casa Santonja, como ubicaci\u00f3n de la sede.<\/span><\/p>\n<p class=\"MsoNormal\"><span style=\"mso-ansi-language: ES;\">Por su parte D. Pablo D\u00edaz, quiso destacar la importancia de esta futura sede como punto de referencia de la Universidad<span style=\"mso-spacerun: yes;\">\u00a0 <\/span>y estrat\u00e9gico tanto en l\u2019Olleria como comarcas del interior, creando una conexi\u00f3n de capacidades del campus y las necesidades del entorno, recalcando la importancia del emprendimiento por medio del Instituto Ideas, perteneciente a la UPV, como inicio de las actividades que se van a desarrollar. <\/span><\/p>\n<p class=\"MsoNormal\"><span style=\"mso-ansi-language: ES;\">D\u00f1a Georgina Blanes, agradeci\u00f3 al Ayuntamiento las facilidades concecidas y que desde su inicio permiti\u00f3 avanzar con celeridad, para llegar a un acuerdo, que seguramente se formalizar\u00e1 el pr\u00f3ximo mes de Julio, con la firma e inauguraci\u00f3n a la que asistir\u00e1 el Sr. Rector de la Universidad Polit\u00e9cnica de Valencia, D. Francisco Mora.<\/span><\/p>\n<p class=\"MsoNormal\"><em style=\"mso-bidi-font-style: normal;\"><span style=\"mso-ansi-language: ES;\">\u201c<span style=\"color: #808080;\">La importancia de la UPV como referente de estudios tecnol\u00f3gicos y docentes, permite transmitir y difundir la ciencia y el conocimiento de la sociedad.\u00a0 La transferencia tecnol\u00f3gica avala nuestra historia.\u201d<\/span><\/span><\/em><\/p>\n<p class=\"MsoNormal\"><span style=\"mso-ansi-language: ES;\">Por \u00faltimo D. Jos\u00e9 Vidal, Alcalde de L\u2019Olleria,<span style=\"mso-spacerun: yes;\">\u00a0 <\/span>destac\u00f3 la importancia de la celebraci\u00f3n de este acto para la poblaci\u00f3n de L\u2019Olleria, con una instituci\u00f3n como es la Universidad Polit\u00e9cnica de Valencia, que cuenta con un prestigio nacional e internacional, sobre todo en la faceta de investigaci\u00f3n.<\/span><\/p>\n<p class=\"MsoNormal\"><em style=\"mso-bidi-font-style: normal;\"><span style=\"mso-ansi-language: ES;\">\u201c<span style=\"color: #808080;\">es justo en estos momentos, cuando los Ayuntamientos necesitamos crear las condiciones \u00f3ptimas para que nuestras empresas se consoliden, \u00a0contar con el aval de una Universidad de categor\u00eda y reconocido prestigio. L\u2019Olleria es una poblaci\u00f3n eminentemente industrial con sectores que tienen necesidad de m\u00e1s \u00a0investigaci\u00f3n, desarrollo y dise\u00f1o como el del sector del vidrio y el pl\u00e1stico, o la industria auxiliar del autom\u00f3vil , de ah\u00ed la importancia de este acuerdo que no s\u00f3lo beneficiar\u00e1 a L\u2019Olleria,\u00a0 ya que su car\u00e1cter comarcal, se har\u00e1 extensivo a todo el entorno\u201d.<\/span><\/span><\/em><\/p>\n<p class=\"MsoNormal\"><em style=\"mso-bidi-font-style: normal;\"><span style=\"mso-ansi-language: ES;\"><span style=\"color: #808080;\">La finalidad adem\u00e1s de la docente y educativa de la que se beneficiaran, los vecinos no s\u00f3lo de l\u2019Olleria, sino de las comarcas centrales (Vall , d\u2019Albaida, la Costera , la Canal), est\u00e1 la colaboraci\u00f3n en el tejido industrial\u00a0 pero sobre todo, y este es el germen por el cual se iniciaron los primeros contactos a trav\u00e9s de la Concejalia de Promoci\u00f3n Econ\u00f3mica, es el tema del fomento del emprendedurismo que en estos momentos de crisis econ\u00f3mica es favorecer o propiciar la creaci\u00f3n de nuevas empresas y puestos de trabajo. Este tema necesita un aval y un apoyo que el instituto Ideas a trav\u00e9s de la UPV puede dispensar en forma de asesoramiento u orientaci\u00f3n para esos j\u00f3venes que tengan la idea de poner en marcha su primera empresa, con una cierta viabilidad de futuro\u00bb<\/span>.<\/span><\/em><\/p>\n<p class=\"MsoNormal\"><span style=\"mso-ansi-language: ES;\">Asimimo, D. Jos\u00e9 Vidal, tambi\u00e9n coment\u00f3, que se est\u00e1 trabajando conjuntamente en la creaci\u00f3n de una calendario de actividades anuales que ser\u00e1 presentado el d\u00eda de la firma, en el que todos los vecinos podr\u00e1n tener conocimiento de todos los eventos que se van a desarrollar en la nueva sede.<span style=\"mso-spacerun: yes;\">\u00a0\u00a0 <\/span>Finaliz\u00f3 su intervenci\u00f3n agradeci\u00e9ndoles a los miembros representantes de la instituci\u00f3n universitaria la buena predisposici\u00f3n y la facilidades otorgadas para conseguir juntos un objetivo com\u00fan.<\/span><\/p>\n<p>&nbsp;<\/p>\n<p class=\"Default\"><span style=\"font-size: 10.0pt; mso-bidi-font-size: 12.0pt; font-family: 'Arial','sans-serif';\">\u00a0<\/span><\/p>\n<p><iframe loading=\"lazy\" src=\"\/\/www.youtube.com\/embed\/IY7qMggnf94\" frameborder=\"0\" width=\"598\" height=\"449\"><\/iframe><\/p>\n","protected":false},"excerpt":{"rendered":"<p>&nbsp; &nbsp; &nbsp; Este lunes, en las instalaciones de la Casa Santonja de L\u2019Olleria, se ha celebrado una rueda de prensa conjunta por parte del Ayuntamiento y de la Universidad Polit\u00e9cnica de Valencia. El objeto de la cita, era dar a conocer el estado de las negociaciones que se est\u00e1n llevando a cabo para la [&hellip;]<\/p>\n","protected":false},"author":1,"featured_media":0,"comment_status":"closed","ping_status":"open","sticky":false,"template":"","format":"standard","meta":{"_monsterinsights_skip_tracking":false,"_monsterinsights_sitenote_active":false,"_monsterinsights_sitenote_note":"","_monsterinsights_sitenote_category":0},"categories":[171,12],"tags":[232,32,20,1054,327,615,23],"_links":{"self":[{"href":"http:\/\/www.portaldelolleria.es\/index.php?rest_route=\/wp\/v2\/posts\/6376"}],"collection":[{"href":"http:\/\/www.portaldelolleria.es\/index.php?rest_route=\/wp\/v2\/posts"}],"about":[{"href":"http:\/\/www.portaldelolleria.es\/index.php?rest_route=\/wp\/v2\/types\/post"}],"author":[{"embeddable":true,"href":"http:\/\/www.portaldelolleria.es\/index.php?rest_route=\/wp\/v2\/users\/1"}],"replies":[{"embeddable":true,"href":"http:\/\/www.portaldelolleria.es\/index.php?rest_route=%2Fwp%2Fv2%2Fcomments&post=6376"}],"version-history":[{"count":11,"href":"http:\/\/www.portaldelolleria.es\/index.php?rest_route=\/wp\/v2\/posts\/6376\/revisions"}],"predecessor-version":[{"id":6393,"href":"http:\/\/www.portaldelolleria.es\/index.php?rest_route=\/wp\/v2\/posts\/6376\/revisions\/6393"}],"wp:attachment":[{"href":"http:\/\/www.portaldelolleria.es\/index.php?rest_route=%2Fwp%2Fv2%2Fmedia&parent=6376"}],"wp:term":[{"taxonomy":"category","embeddable":true,"href":"http:\/\/www.portaldelolleria.es\/index.php?rest_route=%2Fwp%2Fv2%2Fcategories&post=6376"},{"taxonomy":"post_tag","embeddable":true,"href":"http:\/\/www.portaldelolleria.es\/index.php?rest_route=%2Fwp%2Fv2%2Ftags&post=6376"}],"curies":[{"name":"wp","href":"https:\/\/api.w.org\/{rel}","templated":true}]}}