{"id":6394,"date":"2014-06-25T19:04:48","date_gmt":"2014-06-25T17:04:48","guid":{"rendered":"http:\/\/www.portaldelolleria.es\/?p=6394"},"modified":"2014-06-25T19:49:01","modified_gmt":"2014-06-25T17:49:01","slug":"servef-curso-de-gestion-administrativa-en-relacion-con-el-cliente","status":"publish","type":"post","link":"http:\/\/www.portaldelolleria.es\/?p=6394","title":{"rendered":"Servef: Curso de gesti\u00f3n administrativa en relaci\u00f3n con el cliente"},"content":{"rendered":"<p>&nbsp;<\/p>\n<p class=\"MsoPlainText\"><a href=\"http:\/\/www.portaldelolleria.es\/wp-content\/uploads\/2014\/06\/servef.jpg\"><img loading=\"lazy\" class=\"aligncenter size-full wp-image-6395\" title=\"servef\" src=\"http:\/\/www.portaldelolleria.es\/wp-content\/uploads\/2014\/06\/servef.jpg\" alt=\"\" width=\"598\" height=\"398\" srcset=\"http:\/\/www.portaldelolleria.es\/wp-content\/uploads\/2014\/06\/servef.jpg 598w, http:\/\/www.portaldelolleria.es\/wp-content\/uploads\/2014\/06\/servef-300x199.jpg 300w\" sizes=\"(max-width: 598px) 100vw, 598px\" \/><\/a><\/p>\n<p class=\"MsoPlainText\"><span style=\"font-size: 12.0pt; font-family: 'Tahoma','sans-serif';\">\u00a0formativa ADGD0208 &#8211; <\/span><\/p>\n<p class=\"MsoPlainText\"><span style=\"font-size: 12.0pt; font-family: 'Tahoma','sans-serif';\">Actividades de gesti\u00f3n administrativa en relaci\u00f3n con el cliente<br \/>\n<\/span><\/p>\n<p class=\"MsoPlainText\"><span style=\"font-size: 12.0pt; font-family: 'Tahoma','sans-serif';\">(Centre Servef de Formaci\u00f3 Ontinyent, Crta. Bocairent s\/n, Ontinyent);<\/span><\/p>\n<p class=\"MsoPlainText\"><span style=\"font-size: 12.0pt; font-family: 'Tahoma','sans-serif';\">\u00a0<\/span><\/p>\n<p class=\"MsoPlainText\"><span style=\"font-size: 12.0pt; font-family: 'Tahoma','sans-serif';\">&#8211; Fecha de inicio: 14\/07\/2014<\/span><\/p>\n<p class=\"MsoPlainText\"><span style=\"font-size: 12.0pt; font-family: 'Tahoma','sans-serif';\">&#8211; Fecha fin:\u00a0\u00a0\u00a0\u00a0\u00a0\u00a0 15\/04\/2015<\/span><\/p>\n<p class=\"MsoPlainText\">&#8211; Lugar:\u00a0 Centro Servef Ontinyent<\/p>\n<p class=\"MsoPlainText\"><span style=\"font-size: 12.0pt; font-family: 'Tahoma','sans-serif';\">&#8211; La selecci\u00f3n ser\u00e1 el d\u00eda 1\/07\/2014 a las 9:30 de la ma\u00f1ana.<\/span><\/p>\n<p>\u2022\u00a0\u00a0\u00a0\u00a0 INTERESADOS: LLAMAR AL 962919430 PARA RESERVAR PLAZA. AL MISMO TIEMPO,<\/p>\n<p>Recordaros que los solicitantes deben estar inscritos como demandantes en la oficina Servef de Empleo y tener el curso solicitado en su DEMANDA.<\/p>\n<p><a href=\"http:\/\/test.lolleria.org\/backoffice\/jscripts\/tiny_mce\/plugins\/jfilebrowser\/archivos\/20140625194527_0.pdf\" target=\"_blank\">\u00a0contenido curso pdf<\/a><\/p>\n<p>\u2022\u00a0\u00a0\u00a0\u00a0\u00a0 M\u00c1S INFORMACI\u00d3N: AEDL (Planta Baja del Ayuntamiento).<\/p>\n","protected":false},"excerpt":{"rendered":"<p>&nbsp; \u00a0formativa ADGD0208 &#8211; Actividades de gesti\u00f3n administrativa en relaci\u00f3n con el cliente (Centre Servef de Formaci\u00f3 Ontinyent, Crta. Bocairent s\/n, Ontinyent); \u00a0 &#8211; Fecha de inicio: 14\/07\/2014 &#8211; Fecha fin:\u00a0\u00a0\u00a0\u00a0\u00a0\u00a0 15\/04\/2015 &#8211; Lugar:\u00a0 Centro Servef Ontinyent &#8211; La selecci\u00f3n ser\u00e1 el d\u00eda 1\/07\/2014 a las 9:30 de la ma\u00f1ana. \u2022\u00a0\u00a0\u00a0\u00a0 INTERESADOS: LLAMAR AL 962919430 [&hellip;]<\/p>\n","protected":false},"author":1,"featured_media":0,"comment_status":"closed","ping_status":"open","sticky":false,"template":"","format":"standard","meta":{"_monsterinsights_skip_tracking":false,"_monsterinsights_sitenote_active":false,"_monsterinsights_sitenote_note":"","_monsterinsights_sitenote_category":0},"categories":[11,12],"tags":[1055,182,20,238],"_links":{"self":[{"href":"http:\/\/www.portaldelolleria.es\/index.php?rest_route=\/wp\/v2\/posts\/6394"}],"collection":[{"href":"http:\/\/www.portaldelolleria.es\/index.php?rest_route=\/wp\/v2\/posts"}],"about":[{"href":"http:\/\/www.portaldelolleria.es\/index.php?rest_route=\/wp\/v2\/types\/post"}],"author":[{"embeddable":true,"href":"http:\/\/www.portaldelolleria.es\/index.php?rest_route=\/wp\/v2\/users\/1"}],"replies":[{"embeddable":true,"href":"http:\/\/www.portaldelolleria.es\/index.php?rest_route=%2Fwp%2Fv2%2Fcomments&post=6394"}],"version-history":[{"count":7,"href":"http:\/\/www.portaldelolleria.es\/index.php?rest_route=\/wp\/v2\/posts\/6394\/revisions"}],"predecessor-version":[{"id":6402,"href":"http:\/\/www.portaldelolleria.es\/index.php?rest_route=\/wp\/v2\/posts\/6394\/revisions\/6402"}],"wp:attachment":[{"href":"http:\/\/www.portaldelolleria.es\/index.php?rest_route=%2Fwp%2Fv2%2Fmedia&parent=6394"}],"wp:term":[{"taxonomy":"category","embeddable":true,"href":"http:\/\/www.portaldelolleria.es\/index.php?rest_route=%2Fwp%2Fv2%2Fcategories&post=6394"},{"taxonomy":"post_tag","embeddable":true,"href":"http:\/\/www.portaldelolleria.es\/index.php?rest_route=%2Fwp%2Fv2%2Ftags&post=6394"}],"curies":[{"name":"wp","href":"https:\/\/api.w.org\/{rel}","templated":true}]}}