{"id":6410,"date":"2014-06-26T11:37:37","date_gmt":"2014-06-26T09:37:37","guid":{"rendered":"http:\/\/www.portaldelolleria.es\/?p=6410"},"modified":"2014-06-26T11:38:54","modified_gmt":"2014-06-26T09:38:54","slug":"autoridades-de-lolleria-invitadas-inauguracion-actividades-deportivas-upv-alcoi","status":"publish","type":"post","link":"http:\/\/www.portaldelolleria.es\/?p=6410","title":{"rendered":"Autoridades de l&#8217;Olleria invitadas inauguraci\u00f3n actividades deportivas UPV Alcoi"},"content":{"rendered":"<p>&nbsp;<\/p>\n<p><a href=\"http:\/\/www.portaldelolleria.es\/wp-content\/uploads\/2014\/06\/upv1.jpg\"><img loading=\"lazy\" class=\"aligncenter size-full wp-image-6411\" title=\"upv1\" src=\"http:\/\/www.portaldelolleria.es\/wp-content\/uploads\/2014\/06\/upv1.jpg\" alt=\"\" width=\"598\" height=\"399\" srcset=\"http:\/\/www.portaldelolleria.es\/wp-content\/uploads\/2014\/06\/upv1.jpg 598w, http:\/\/www.portaldelolleria.es\/wp-content\/uploads\/2014\/06\/upv1-300x200.jpg 300w\" sizes=\"(max-width: 598px) 100vw, 598px\" \/><\/a><\/p>\n<p style=\"text-align: justify;\"><strong style=\"mso-bidi-font-weight: normal;\"><span style=\"font-size: 12.0pt; font-family: 'Arial','sans-serif'; mso-fareast-font-family: 'Times New Roman'; mso-bidi-font-family: 'Times New Roman'; mso-ansi-language: ES; mso-fareast-language: ES; mso-bidi-language: AR-SA;\">El Acto fue <span style=\"mso-spacerun: yes;\">\u00a0<\/span>presidido por la Directora del Campus y la Vicerrectora de Alumnado, acompa\u00f1adas por alcaldes y concejales de las localidades vinculadas al Campus<\/span><\/strong><\/p>\n<p style=\"text-align: justify;\">\n<p class=\"MsoNormal\" style=\"line-height: 130%; text-align: justify;\"><span style=\"font-size: 10.0pt; mso-bidi-font-size: 12.0pt; line-height: 130%; font-family: 'Arial','sans-serif'; mso-bidi-font-family: 'Times New Roman'; mso-ansi-language: ES-GT;\" lang=\"ES-GT\">Este mi\u00e9rcoles, 25 de junio a las 13.00h., se han inaugurado oficialmente las Actividades Deportivas en las nuevas instalaciones con las que cuenta a partir de hoy el Campus d\u2019Alcoi de la UPV.<\/span><\/p>\n<p class=\"MsoNormal\" style=\"line-height: 130%; text-align: justify;\"><span style=\"font-size: 10.0pt; mso-bidi-font-size: 12.0pt; line-height: 130%; font-family: 'Arial','sans-serif'; mso-bidi-font-family: 'Times New Roman'; mso-ansi-language: ES-GT;\" lang=\"ES-GT\">\u00a0<\/span><\/p>\n<p class=\"MsoNormal\" style=\"line-height: 130%; text-align: justify;\"><span style=\"font-size: 10.0pt; mso-bidi-font-size: 12.0pt; line-height: 130%; font-family: 'Arial','sans-serif'; mso-bidi-font-family: 'Times New Roman'; mso-ansi-language: ES-GT;\" lang=\"ES-GT\">Tras un recorrido por el nuevo Pabell\u00f3n Polideportivo y por las dos plantas del nuevo gimnasio, <strong style=\"mso-bidi-font-weight: normal;\">la Directora<\/strong> <strong style=\"mso-bidi-font-weight: normal;\">del Campus d\u2019Alcoi de la UPV, Georgina Blanes y la Vicerrectora de Alumnado y Extensi\u00f3n Universitarita <\/strong>de la UPV, Maria Victoria Vivancos, acompa\u00f1ados en todo momento por los alcaldes y concejales de <strong style=\"mso-bidi-font-weight: normal;\">Alcoy, Cocentaina, Muro, Banyeres de Mariola, L\u2019Oller\u00eda<\/strong>. Escucharon las explicaciones sobre la versatilidad de las instalaciones deportivas que realiz\u00f3 <strong style=\"mso-bidi-font-weight: normal;\">Alicia L\u00f3pez<\/strong>, <strong style=\"mso-bidi-font-weight: normal;\">Jefa del Servicio del \u00c1rea de<\/strong> <strong style=\"mso-bidi-font-weight: normal;\">Deportes de la Universitat Polit\u00e8cnica de Val\u00e8ncia<\/strong>.<\/span><\/p>\n<p class=\"MsoNormal\" style=\"line-height: 130%; text-align: justify;\"><span style=\"font-size: 10.0pt; mso-bidi-font-size: 12.0pt; line-height: 130%; font-family: 'Arial','sans-serif'; mso-bidi-font-family: 'Times New Roman'; mso-ansi-language: ES-GT;\" lang=\"ES-GT\">\u00a0<\/span><\/p>\n<p class=\"MsoNormal\" style=\"line-height: 130%; text-align: justify;\"><span style=\"font-size: 10.0pt; mso-bidi-font-size: 12.0pt; line-height: 130%; font-family: 'Arial','sans-serif'; mso-bidi-font-family: 'Times New Roman'; mso-ansi-language: ES-GT;\" lang=\"ES-GT\">El acto finaliz\u00f3 con unas palabras de la Directora del Campus donde expres\u00f3 en primer lugar su agradecimiento a los representantes municipales por su asistencia y se felicit\u00f3 por la puesta en marcha de estas instalaciones deportivas que seg\u00fan sus palabras<em style=\"mso-bidi-font-style: normal;\">,\u201d vienen a completar la oferta que desde el Campus de<\/em> <em style=\"mso-bidi-font-style: normal;\">Alcoy se ofrece a sus estudiantes\u201d, y que lo convierte en un campus perfectamente consolidado<\/em>. A su vez la Vicerrectora, se felicit\u00f3 por esta inauguraci\u00f3n<span style=\"mso-spacerun: yes;\">\u00a0 <\/span>afirm\u00f3 \u201c<em style=\"mso-bidi-font-style: normal;\">que estas instalaciones son un tributo al Campus de Alcoy a su ciudad y a las poblaciones vinculadas con el mismo y que despu\u00e9s de tres a\u00f1os son ya toda una realidad.\u201d<\/em><\/span><\/p>\n<p class=\"MsoNormal\" style=\"line-height: 130%; text-align: justify;\"><span style=\"font-size: 10.0pt; mso-bidi-font-size: 12.0pt; line-height: 130%; font-family: 'Arial','sans-serif'; mso-bidi-font-family: 'Times New Roman'; mso-ansi-language: ES-GT;\" lang=\"ES-GT\">\u00a0<\/span><\/p>\n<p class=\"MsoNormal\" style=\"line-height: 130%; text-align: justify;\"><span style=\"font-size: 10.0pt; mso-bidi-font-size: 12.0pt; line-height: 130%; font-family: 'Arial','sans-serif'; mso-bidi-font-family: 'Times New Roman'; mso-ansi-language: ES-GT;\" lang=\"ES-GT\">Posteriormente, atendieron a los medios de comunicaci\u00f3n presentes en el acto.<\/span><\/p>\n<p class=\"MsoNormal\" style=\"line-height: 130%; text-align: justify;\"><span style=\"font-size: 10.0pt; mso-bidi-font-size: 12.0pt; line-height: 130%; font-family: 'Arial','sans-serif'; mso-bidi-font-family: 'Times New Roman'; mso-ansi-language: ES-GT;\" lang=\"ES-GT\">Finalmente se ofreci\u00f3 una comida a los representantes institucionales.<\/span><\/p>\n","protected":false},"excerpt":{"rendered":"<p>&nbsp; El Acto fue \u00a0presidido por la Directora del Campus y la Vicerrectora de Alumnado, acompa\u00f1adas por alcaldes y concejales de las localidades vinculadas al Campus Este mi\u00e9rcoles, 25 de junio a las 13.00h., se han inaugurado oficialmente las Actividades Deportivas en las nuevas instalaciones con las que cuenta a partir de hoy el Campus [&hellip;]<\/p>\n","protected":false},"author":1,"featured_media":0,"comment_status":"closed","ping_status":"open","sticky":false,"template":"","format":"standard","meta":{"_monsterinsights_skip_tracking":false,"_monsterinsights_sitenote_active":false,"_monsterinsights_sitenote_note":"","_monsterinsights_sitenote_category":0},"categories":[12,1058],"tags":[232,20,1059],"_links":{"self":[{"href":"http:\/\/www.portaldelolleria.es\/index.php?rest_route=\/wp\/v2\/posts\/6410"}],"collection":[{"href":"http:\/\/www.portaldelolleria.es\/index.php?rest_route=\/wp\/v2\/posts"}],"about":[{"href":"http:\/\/www.portaldelolleria.es\/index.php?rest_route=\/wp\/v2\/types\/post"}],"author":[{"embeddable":true,"href":"http:\/\/www.portaldelolleria.es\/index.php?rest_route=\/wp\/v2\/users\/1"}],"replies":[{"embeddable":true,"href":"http:\/\/www.portaldelolleria.es\/index.php?rest_route=%2Fwp%2Fv2%2Fcomments&post=6410"}],"version-history":[{"count":3,"href":"http:\/\/www.portaldelolleria.es\/index.php?rest_route=\/wp\/v2\/posts\/6410\/revisions"}],"predecessor-version":[{"id":6414,"href":"http:\/\/www.portaldelolleria.es\/index.php?rest_route=\/wp\/v2\/posts\/6410\/revisions\/6414"}],"wp:attachment":[{"href":"http:\/\/www.portaldelolleria.es\/index.php?rest_route=%2Fwp%2Fv2%2Fmedia&parent=6410"}],"wp:term":[{"taxonomy":"category","embeddable":true,"href":"http:\/\/www.portaldelolleria.es\/index.php?rest_route=%2Fwp%2Fv2%2Fcategories&post=6410"},{"taxonomy":"post_tag","embeddable":true,"href":"http:\/\/www.portaldelolleria.es\/index.php?rest_route=%2Fwp%2Fv2%2Ftags&post=6410"}],"curies":[{"name":"wp","href":"https:\/\/api.w.org\/{rel}","templated":true}]}}