{"id":6442,"date":"2014-06-26T18:39:46","date_gmt":"2014-06-26T16:39:46","guid":{"rendered":"http:\/\/www.portaldelolleria.es\/?p=6442"},"modified":"2014-06-26T18:39:46","modified_gmt":"2014-06-26T16:39:46","slug":"el-equipo-de-competicion-de-taekwondo-cierra-temporada-este-fin-de-semana","status":"publish","type":"post","link":"http:\/\/www.portaldelolleria.es\/?p=6442","title":{"rendered":"El equipo de competici\u00f3n de taekwondo cierra temporada este fin de semana"},"content":{"rendered":"<p style=\"text-align: justify;\"><a href=\"http:\/\/www.portaldelolleria.es\/wp-content\/uploads\/2014\/06\/taekwondo_competicion.jpg\"><img loading=\"lazy\" class=\"aligncenter size-full wp-image-6443\" title=\"taekwondo_competicion\" src=\"http:\/\/www.portaldelolleria.es\/wp-content\/uploads\/2014\/06\/taekwondo_competicion.jpg\" alt=\"\" width=\"598\" height=\"398\" srcset=\"http:\/\/www.portaldelolleria.es\/wp-content\/uploads\/2014\/06\/taekwondo_competicion.jpg 598w, http:\/\/www.portaldelolleria.es\/wp-content\/uploads\/2014\/06\/taekwondo_competicion-300x199.jpg 300w\" sizes=\"(max-width: 598px) 100vw, 598px\" \/><\/a><\/p>\n<p style=\"text-align: justify;\">EL EQUIPO DE COMPETICI\u00d3N DEL TAEKWONDO L&#8217;OLLERIA CIERRA LA TEMPORADA ESTE FIN DE SEMANA.<br \/>\nEste fin semana 27-28-29 de Junio a la poblaci\u00f3n alicantina de Alf\u00e0s del Pi se celebrar\u00e1 el III Open Internacional de Taekwondo de la Comunidad Valenciana. Como no pod\u00eda ser menos nuestra escuela deportiva de Taekwondo tambi\u00e9n estar\u00e1 presente. La mala noticia es que el equipo de competici\u00f3n ha llegado a final de temporada muy mermado, debido por un lado a las lesiones y por otro lado a los ex\u00e1menes finales, en este campeonato solo competir\u00e1n, Mireya Giner (Cadete -47Kg.) y Oscar Salamanca (S\u00e9nior -80Kg.) .<br \/>\nEste campeonato parece que va subiendo de nivel a\u00f1o a a\u00f1o, este a\u00f1o han confirmado hasta la fecha la participaci\u00f3n de las selecciones internacionales de: Agdal team Marruecos, Bulgaria, Morocco team, como tambi\u00e9n las potentes selecciones nacionales Andaluza y Madrile\u00f1a, aparte de las selecciones tambi\u00e9n participar\u00e1n clubes de, Baleares, Murcia, M\u00e1laga, Madrid y como no de Valencia.<br \/>\nDesear mucha suerte a tanto a Oscar como Mireya en el \u00faltimo campeonato de la temporada.<\/p>\n","protected":false},"excerpt":{"rendered":"<p>EL EQUIPO DE COMPETICI\u00d3N DEL TAEKWONDO L&#8217;OLLERIA CIERRA LA TEMPORADA ESTE FIN DE SEMANA. Este fin semana 27-28-29 de Junio a la poblaci\u00f3n alicantina de Alf\u00e0s del Pi se celebrar\u00e1 el III Open Internacional de Taekwondo de la Comunidad Valenciana. Como no pod\u00eda ser menos nuestra escuela deportiva de Taekwondo tambi\u00e9n estar\u00e1 presente. La mala [&hellip;]<\/p>\n","protected":false},"author":1,"featured_media":0,"comment_status":"closed","ping_status":"open","sticky":false,"template":"","format":"standard","meta":{"_monsterinsights_skip_tracking":false,"_monsterinsights_sitenote_active":false,"_monsterinsights_sitenote_note":"","_monsterinsights_sitenote_category":0},"categories":[9,12],"tags":[111,1062,1063,20,19,821],"_links":{"self":[{"href":"http:\/\/www.portaldelolleria.es\/index.php?rest_route=\/wp\/v2\/posts\/6442"}],"collection":[{"href":"http:\/\/www.portaldelolleria.es\/index.php?rest_route=\/wp\/v2\/posts"}],"about":[{"href":"http:\/\/www.portaldelolleria.es\/index.php?rest_route=\/wp\/v2\/types\/post"}],"author":[{"embeddable":true,"href":"http:\/\/www.portaldelolleria.es\/index.php?rest_route=\/wp\/v2\/users\/1"}],"replies":[{"embeddable":true,"href":"http:\/\/www.portaldelolleria.es\/index.php?rest_route=%2Fwp%2Fv2%2Fcomments&post=6442"}],"version-history":[{"count":1,"href":"http:\/\/www.portaldelolleria.es\/index.php?rest_route=\/wp\/v2\/posts\/6442\/revisions"}],"predecessor-version":[{"id":6444,"href":"http:\/\/www.portaldelolleria.es\/index.php?rest_route=\/wp\/v2\/posts\/6442\/revisions\/6444"}],"wp:attachment":[{"href":"http:\/\/www.portaldelolleria.es\/index.php?rest_route=%2Fwp%2Fv2%2Fmedia&parent=6442"}],"wp:term":[{"taxonomy":"category","embeddable":true,"href":"http:\/\/www.portaldelolleria.es\/index.php?rest_route=%2Fwp%2Fv2%2Fcategories&post=6442"},{"taxonomy":"post_tag","embeddable":true,"href":"http:\/\/www.portaldelolleria.es\/index.php?rest_route=%2Fwp%2Fv2%2Ftags&post=6442"}],"curies":[{"name":"wp","href":"https:\/\/api.w.org\/{rel}","templated":true}]}}