{"id":6454,"date":"2014-06-27T22:41:03","date_gmt":"2014-06-27T20:41:03","guid":{"rendered":"http:\/\/www.portaldelolleria.es\/?p=6454"},"modified":"2014-06-27T23:31:49","modified_gmt":"2014-06-27T21:31:49","slug":"festival-de-bandes-joves-vila-de-lolleria","status":"publish","type":"post","link":"http:\/\/www.portaldelolleria.es\/?p=6454","title":{"rendered":"Festival de Bandes Joves Vila de l&#8217;Olleria"},"content":{"rendered":"<p><a href=\"http:\/\/www.portaldelolleria.es\/wp-content\/uploads\/2014\/06\/ljove.jpg\"><img loading=\"lazy\" class=\"aligncenter size-full wp-image-6456\" title=\"ljove\" src=\"http:\/\/www.portaldelolleria.es\/wp-content\/uploads\/2014\/06\/ljove.jpg\" alt=\"\" width=\"598\" height=\"398\" srcset=\"http:\/\/www.portaldelolleria.es\/wp-content\/uploads\/2014\/06\/ljove.jpg 598w, http:\/\/www.portaldelolleria.es\/wp-content\/uploads\/2014\/06\/ljove-300x199.jpg 300w\" sizes=\"(max-width: 598px) 100vw, 598px\" \/><\/a><\/p>\n<p>El pr\u00f3ximo 28 de junio, se celebrar\u00e1 el festival de \u00abBandes Joves\u00bb\u00a0 con una pasacarrer que saldr\u00e1 de la plaza de la Vila a las 19:30h,\u00a0 en direcci\u00f3n a la Casa Santonja, donde a partir de las 20:00 h empezar\u00e1 el concierto. La entrada al concierto ser\u00e1 por la ermita del cristo.\u00a0 Participaran tres Bandas, pertenecientes a la SEM Sta. Cecilia y AEM la Nova\u00a0 ambas de l&#8217;Olleria, y como banda invitada la Uni\u00f3 Musical Benicadells de Castell\u00f3 de Rugat.<\/p>\n<p><a href=\"http:\/\/www.portaldelolleria.es\/wp-content\/uploads\/2014\/06\/carteljove.jpg\"><img loading=\"lazy\" class=\"aligncenter size-full wp-image-6455\" title=\"carteljove\" src=\"http:\/\/www.portaldelolleria.es\/wp-content\/uploads\/2014\/06\/carteljove.jpg\" alt=\"\" width=\"598\" height=\"957\" srcset=\"http:\/\/www.portaldelolleria.es\/wp-content\/uploads\/2014\/06\/carteljove.jpg 598w, http:\/\/www.portaldelolleria.es\/wp-content\/uploads\/2014\/06\/carteljove-187x300.jpg 187w\" sizes=\"(max-width: 598px) 100vw, 598px\" \/><\/a><\/p>\n","protected":false},"excerpt":{"rendered":"<p>El pr\u00f3ximo 28 de junio, se celebrar\u00e1 el festival de \u00abBandes Joves\u00bb\u00a0 con una pasacarrer que saldr\u00e1 de la plaza de la Vila a las 19:30h,\u00a0 en direcci\u00f3n a la Casa Santonja, donde a partir de las 20:00 h empezar\u00e1 el concierto. La entrada al concierto ser\u00e1 por la ermita del cristo.\u00a0 Participaran tres Bandas, [&hellip;]<\/p>\n","protected":false},"author":1,"featured_media":0,"comment_status":"closed","ping_status":"open","sticky":false,"template":"","format":"standard","meta":{"_monsterinsights_skip_tracking":false,"_monsterinsights_sitenote_active":false,"_monsterinsights_sitenote_note":"","_monsterinsights_sitenote_category":0},"categories":[15,12],"tags":[445,1065,1067,268,20,167,1066],"_links":{"self":[{"href":"http:\/\/www.portaldelolleria.es\/index.php?rest_route=\/wp\/v2\/posts\/6454"}],"collection":[{"href":"http:\/\/www.portaldelolleria.es\/index.php?rest_route=\/wp\/v2\/posts"}],"about":[{"href":"http:\/\/www.portaldelolleria.es\/index.php?rest_route=\/wp\/v2\/types\/post"}],"author":[{"embeddable":true,"href":"http:\/\/www.portaldelolleria.es\/index.php?rest_route=\/wp\/v2\/users\/1"}],"replies":[{"embeddable":true,"href":"http:\/\/www.portaldelolleria.es\/index.php?rest_route=%2Fwp%2Fv2%2Fcomments&post=6454"}],"version-history":[{"count":2,"href":"http:\/\/www.portaldelolleria.es\/index.php?rest_route=\/wp\/v2\/posts\/6454\/revisions"}],"predecessor-version":[{"id":6458,"href":"http:\/\/www.portaldelolleria.es\/index.php?rest_route=\/wp\/v2\/posts\/6454\/revisions\/6458"}],"wp:attachment":[{"href":"http:\/\/www.portaldelolleria.es\/index.php?rest_route=%2Fwp%2Fv2%2Fmedia&parent=6454"}],"wp:term":[{"taxonomy":"category","embeddable":true,"href":"http:\/\/www.portaldelolleria.es\/index.php?rest_route=%2Fwp%2Fv2%2Fcategories&post=6454"},{"taxonomy":"post_tag","embeddable":true,"href":"http:\/\/www.portaldelolleria.es\/index.php?rest_route=%2Fwp%2Fv2%2Ftags&post=6454"}],"curies":[{"name":"wp","href":"https:\/\/api.w.org\/{rel}","templated":true}]}}